{"id":5370,"date":"2018-09-27T14:32:00","date_gmt":"2018-09-27T12:32:00","guid":{"rendered":"https:\/\/www.iwheeltravel.com\/?p=5370"},"modified":"2020-02-20T11:38:03","modified_gmt":"2020-02-20T10:38:03","slug":"travel-france-handicap-hautes-pyrenees-aure-louron-valley-wheelchair","status":"publish","type":"post","link":"https:\/\/www.iwheeltravel.com\/en\/travel-france-handicap-hautes-pyrenees-aure-louron-valley-wheelchair\/","title":{"rendered":"Hautes-Pyr\u00e9n\u00e9es, France: discovering the Aure valley and the Louron valley in a wheechair"},"content":{"rendered":"<p style=\"text-align: justify;\">In last April <a class=\"lien-post\" href=\"https:\/\/www.iwheeltravel.com\/en\/2018\/05\/03\/travelling-aveyron-france-handicap-bozouls-wheelchair\/\">I attended a travel blogger convention in France<\/a> and I met Laurent who works at <a class=\"lien-post\" href=\"https:\/\/www.unat-occitanie.fr\/\">UNAT Occitanie<\/a> and we quickly noticed that we share many values. Well, that is not so surprising considering that the UNAT is a charity which aims to develop and promote easier access to vacations, tourism and leisures activities for all. So we rapidly decided to work together and that&#8217;s how I ended spending a week in the Hautes-Pyr\u00e9n\u00e9es (mountainous part of France in the south) and having a blast. Whether I was in the valley, on mountains crests or in the air,<strong> I always had a great time discovering accessible sports and leisure activities.&nbsp;<\/strong><\/p>\n<p style=\"text-align: justify;\">One blog post will not be enough to tell you about all the activities I tried during this week but I can already tell you there is something to suit everyone and every budget. In my next post I will take you to high summits to enjoy some thrilled experienced but for now, let&#8217;s make our way to explore the Aure valley and the Louron valley and discover activities we can do there.<\/p>\n<div id=\"attachment_5362\" style=\"width: 1464px\" class=\"wp-caption aligncenter\"><a href=\"https:\/\/www.iwheeltravel.com\/wp-content\/uploads\/2018\/09\/DSCF2212.jpg\"><noscript><img decoding=\"async\" aria-describedby=\"caption-attachment-5362\" class=\" wp-image-5362\" src=\"https:\/\/i0.wp.com\/www.iwheeltravel.com\/wp-content\/uploads\/2018\/09\/DSCF2212.jpg?resize=1000%2C667&#038;ssl=1\" alt=\"Saint-Lary-Soulan\" width=\"1000\" height=\"667\" srcset=\"https:\/\/i0.wp.com\/www.iwheeltravel.com\/wp-content\/uploads\/2018\/09\/DSCF2212.jpg?resize=300%2C200&amp;ssl=1 300w, https:\/\/i0.wp.com\/www.iwheeltravel.com\/wp-content\/uploads\/2018\/09\/DSCF2212.jpg?resize=768%2C512&amp;ssl=1 768w, https:\/\/i0.wp.com\/www.iwheeltravel.com\/wp-content\/uploads\/2018\/09\/DSCF2212.jpg?resize=1024%2C683&amp;ssl=1 1024w, https:\/\/i0.wp.com\/www.iwheeltravel.com\/wp-content\/uploads\/2018\/09\/DSCF2212.jpg?w=1713&amp;ssl=1 1713w\" sizes=\"(max-width: 1000px) 100vw, 1000px\" data-recalc-dims=\"1\"><\/noscript><img decoding=\"async\" aria-describedby=\"caption-attachment-5362\" class=\" wp-image-5362 lazyload\" src=\"data:image\/svg+xml,%3Csvg%20xmlns%3D%22http%3A%2F%2Fwww.w3.org%2F2000%2Fsvg%22%20viewBox%3D%220%200%201454%20970%22%3E%3C%2Fsvg%3E\" alt=\"Saint-Lary-Soulan\" width=\"1454\" height=\"970\" srcset=\"data:image\/svg+xml,%3Csvg%20xmlns%3D%22http%3A%2F%2Fwww.w3.org%2F2000%2Fsvg%22%20viewBox%3D%220%200%201454%20970%22%3E%3C%2Fsvg%3E 1454w\" sizes=\"(max-width: 1000px) 100vw, 1000px\" data-srcset=\"https:\/\/i0.wp.com\/www.iwheeltravel.com\/wp-content\/uploads\/2018\/09\/DSCF2212.jpg?resize=300%2C200&amp;ssl=1 300w, https:\/\/i0.wp.com\/www.iwheeltravel.com\/wp-content\/uploads\/2018\/09\/DSCF2212.jpg?resize=768%2C512&amp;ssl=1 768w, https:\/\/i0.wp.com\/www.iwheeltravel.com\/wp-content\/uploads\/2018\/09\/DSCF2212.jpg?resize=1024%2C683&amp;ssl=1 1024w, https:\/\/i0.wp.com\/www.iwheeltravel.com\/wp-content\/uploads\/2018\/09\/DSCF2212.jpg?w=1713&amp;ssl=1 1713w\" data-src=\"https:\/\/www.iwheeltravel.com\/wp-content\/uploads\/2018\/09\/DSCF2212-300x200.jpg\"><\/a><p id=\"caption-attachment-5362\" class=\"wp-caption-text\">Saint-Lary-Soulan<\/p><\/div>\n<div id=\"ez-toc-container\" class=\"ez-toc-v2_0_68_1 counter-hierarchy ez-toc-counter ez-toc-transparent ez-toc-container-direction\">\n<p class=\"ez-toc-title\">Sommaire<\/p>\n<label for=\"ez-toc-cssicon-toggle-item-69f2caf2884d6\" class=\"ez-toc-cssicon-toggle-label\"><span class><span class=\"eztoc-hide\" style=\"display:none;\">Toggle<\/span><span class=\"ez-toc-icon-toggle-span\"><svg style=\"fill: #999;color:#999\" class=\"list-377408\" width=\"20px\" height=\"20px\" viewBox=\"0 0 24 24\" fill=\"none\"><path d=\"M6 6H4v2h2V6zm14 0H8v2h12V6zM4 11h2v2H4v-2zm16 0H8v2h12v-2zM4 16h2v2H4v-2zm16 0H8v2h12v-2z\" fill=\"currentColor\" \/><\/svg><svg style=\"fill: #999;color:#999\" class=\"arrow-unsorted-368013\" width=\"10px\" height=\"10px\" viewBox=\"0 0 24 24\" version=\"1.2\" baseProfile=\"tiny\"><path d=\"M18.2 9.3l-6.2-6.3-6.2 6.3c-.2.2-.3.4-.3.7s.1.5.3.7c.2.2.4.3.7.3h11c.3 0 .5-.1.7-.3.2-.2.3-.5.3-.7s-.1-.5-.3-.7zM5.8 14.7l6.2 6.3 6.2-6.3c.2-.2.3-.5.3-.7s-.1-.5-.3-.7c-.2-.2-.4-.3-.7-.3h-11c-.3 0-.5.1-.7.3-.2.2-.3.5-.3.7s.1.5.3.7z\" \/><\/svg><\/span><\/span><\/label><input type=\"checkbox\" id=\"ez-toc-cssicon-toggle-item-69f2caf2884d6\" aria-label=\"Toggle\"><nav><ul class=\"ez-toc-list ez-toc-list-level-1 \"><ul class=\"ez-toc-list-level-2\"><li class=\"ez-toc-heading-level-2\"><a class=\"ez-toc-link ez-toc-heading-1\" href=\"https:\/\/www.iwheeltravel.com\/en\/travel-france-handicap-hautes-pyrenees-aure-louron-valley-wheelchair\/#Wheelchair_accessible_strolls\" title=\"Wheelchair accessible strolls\">Wheelchair accessible strolls<\/a><\/li><li class=\"ez-toc-page-1 ez-toc-heading-level-2\"><a class=\"ez-toc-link ez-toc-heading-2\" href=\"https:\/\/www.iwheeltravel.com\/en\/travel-france-handicap-hautes-pyrenees-aure-louron-valley-wheelchair\/#Cani-Kart_riding_the_forest_with_sled_dogs\" title=\"Cani-Kart: riding the forest with sled dogs\">Cani-Kart: riding the forest with sled dogs<\/a><ul class=\"ez-toc-list-level-4\"><li class=\"ez-toc-heading-level-4\"><ul class=\"ez-toc-list-level-4\"><li class=\"ez-toc-heading-level-4\"><a class=\"ez-toc-link ez-toc-heading-3\" href=\"https:\/\/www.iwheeltravel.com\/en\/travel-france-handicap-hautes-pyrenees-aure-louron-valley-wheelchair\/#Disabilities_and_accessibility\" title=\"Disabilities and accessibility:\">Disabilities and accessibility:<\/a><\/li><\/ul><\/li><\/ul><\/li><\/ul><li class=\"ez-toc-page-1 ez-toc-heading-level-1\"><a class=\"ez-toc-link ez-toc-heading-4\" href=\"https:\/\/www.iwheeltravel.com\/en\/travel-france-handicap-hautes-pyrenees-aure-louron-valley-wheelchair\/#Hippotherapy_handicap_and_horse-riding\" title=\"Hippotherapy: handicap and horse-riding\">Hippotherapy: handicap and horse-riding<\/a><ul class=\"ez-toc-list-level-4\"><li class=\"ez-toc-heading-level-4\"><ul class=\"ez-toc-list-level-4\"><li class=\"ez-toc-heading-level-4\"><ul class=\"ez-toc-list-level-4\"><li class=\"ez-toc-heading-level-4\"><a class=\"ez-toc-link ez-toc-heading-5\" href=\"https:\/\/www.iwheeltravel.com\/en\/travel-france-handicap-hautes-pyrenees-aure-louron-valley-wheelchair\/#Disabilities_and_accessibility-2\" title=\"Disabilities and accessibility:\">Disabilities and accessibility:<\/a><\/li><\/ul><\/li><\/ul><\/li><li class=\"ez-toc-page-1 ez-toc-heading-level-2\"><a class=\"ez-toc-link ez-toc-heading-6\" href=\"https:\/\/www.iwheeltravel.com\/en\/travel-france-handicap-hautes-pyrenees-aure-louron-valley-wheelchair\/#Accessibility_in_Aure_valley_and_Louron_valley\" title=\"Accessibility in&nbsp;Aure valley and Louron valley:\">Accessibility in&nbsp;Aure valley and Louron valley:<\/a><\/li><\/ul><\/li><\/ul><\/nav><\/div>\n<h2><span class=\"ez-toc-section\" id=\"Wheelchair_accessible_strolls\"><\/span>Wheelchair accessible strolls<span class=\"ez-toc-section-end\"><\/span><\/h2>\n<p>Enjoying an easy and accessible stroll while admiring the mountains is a good way to start discovering the valleys. To do so you have many options:<\/p>\n<ul>\n<li style=\"text-align: justify;\">Genos-Loudenvielle lake: In about an hour you can roll all around the lake while looking the Louron valley and admiring the mountains reflexion into the lake if you are lucky. Some parts of the pathway are easy to roll on but others are a bit rocky and make the stroll more difficult for manual wheelchair users. A third wheel or the help of another person is necessary. During high season it is possible to rent paddle boats and kayaks for those who would like and can do it. For the others, like me, it is still possible to indulge ourselves eating a waffle or an ice cream at the dock caf\u00e9.<\/li>\n<li style=\"text-align: justify;\">Agos outdoor activities centre: This place is fully wheelchair accessible and nice to have a small stroll along a small artificial lake while looking at the mountains slopes. There are playgrounds and picnic tables.<\/li>\n<\/ul>\n<div id=\"attachment_5339\" style=\"width: 1629px\" class=\"wp-caption aligncenter\"><a href=\"https:\/\/www.iwheeltravel.com\/wp-content\/uploads\/2018\/09\/DSCF2220.jpg\"><noscript><img decoding=\"async\" aria-describedby=\"caption-attachment-5339\" class=\"wp-image-5339\" src=\"https:\/\/i0.wp.com\/www.iwheeltravel.com\/wp-content\/uploads\/2018\/09\/DSCF2220.jpg?resize=1000%2C666&#038;ssl=1\" alt=\"Agos outdoor activities centre\" width=\"1000\" height=\"666\" srcset=\"https:\/\/i0.wp.com\/www.iwheeltravel.com\/wp-content\/uploads\/2018\/09\/DSCF2220.jpg?resize=300%2C200&amp;ssl=1 300w, https:\/\/i0.wp.com\/www.iwheeltravel.com\/wp-content\/uploads\/2018\/09\/DSCF2220.jpg?resize=768%2C512&amp;ssl=1 768w, https:\/\/i0.wp.com\/www.iwheeltravel.com\/wp-content\/uploads\/2018\/09\/DSCF2220.jpg?resize=1024%2C683&amp;ssl=1 1024w, https:\/\/i0.wp.com\/www.iwheeltravel.com\/wp-content\/uploads\/2018\/09\/DSCF2220.jpg?w=1659&amp;ssl=1 1659w\" sizes=\"(max-width: 1000px) 100vw, 1000px\" data-recalc-dims=\"1\"><\/noscript><img decoding=\"async\" aria-describedby=\"caption-attachment-5339\" class=\"wp-image-5339 lazyload\" src=\"data:image\/svg+xml,%3Csvg%20xmlns%3D%22http%3A%2F%2Fwww.w3.org%2F2000%2Fsvg%22%20viewBox%3D%220%200%201619%201079%22%3E%3C%2Fsvg%3E\" alt=\"Agos outdoor activities centre\" width=\"1619\" height=\"1079\" srcset=\"data:image\/svg+xml,%3Csvg%20xmlns%3D%22http%3A%2F%2Fwww.w3.org%2F2000%2Fsvg%22%20viewBox%3D%220%200%201619%201079%22%3E%3C%2Fsvg%3E 1619w\" sizes=\"(max-width: 1000px) 100vw, 1000px\" data-srcset=\"https:\/\/i0.wp.com\/www.iwheeltravel.com\/wp-content\/uploads\/2018\/09\/DSCF2220.jpg?resize=300%2C200&amp;ssl=1 300w, https:\/\/i0.wp.com\/www.iwheeltravel.com\/wp-content\/uploads\/2018\/09\/DSCF2220.jpg?resize=768%2C512&amp;ssl=1 768w, https:\/\/i0.wp.com\/www.iwheeltravel.com\/wp-content\/uploads\/2018\/09\/DSCF2220.jpg?resize=1024%2C683&amp;ssl=1 1024w, https:\/\/i0.wp.com\/www.iwheeltravel.com\/wp-content\/uploads\/2018\/09\/DSCF2220.jpg?w=1659&amp;ssl=1 1659w\" data-src=\"https:\/\/www.iwheeltravel.com\/wp-content\/uploads\/2018\/09\/DSCF2220-300x200.jpg\"><\/a><p id=\"caption-attachment-5339\" class=\"wp-caption-text\">Agos outdoor activities centre<\/p><\/div>\n<ul>\n<li style=\"text-align: justify;\">Moudang educational trail a.k.a. &#8220;sentier d&#8217;interpr\u00e9tation du Moudang&#8221;. This path located in a forest is wheelchair accessible and is designed to teach you about the local wildlife and plants through &#8220;interpretation boards&#8221;: audio terminal with bird songs, prints mouldings, animals shapes, forest scents, woods sounds. There are picnic tables just near and a disabled parking space right in front of the pathway entrance. Don&#8217;t park your car in the main parking but continue through&nbsp; the narrow road and at the other end of it, you will find this disabled parking space.<\/li>\n<\/ul>\n<div id=\"attachment_5340\" style=\"width: 518px\" class=\"wp-caption aligncenter\"><a href=\"https:\/\/www.iwheeltravel.com\/wp-content\/uploads\/2018\/09\/IMG_E0985.jpg\"><noscript><img decoding=\"async\" aria-describedby=\"caption-attachment-5340\" class=\"wp-image-5340\" src=\"https:\/\/i0.wp.com\/www.iwheeltravel.com\/wp-content\/uploads\/2018\/09\/IMG_E0985.jpg?resize=508%2C678&#038;ssl=1\" alt=\"Moudang educational trail\" width=\"508\" height=\"678\" srcset=\"https:\/\/i0.wp.com\/www.iwheeltravel.com\/wp-content\/uploads\/2018\/09\/IMG_E0985.jpg?resize=225%2C300&amp;ssl=1 225w, https:\/\/i0.wp.com\/www.iwheeltravel.com\/wp-content\/uploads\/2018\/09\/IMG_E0985.jpg?resize=768%2C1024&amp;ssl=1 768w, https:\/\/i0.wp.com\/www.iwheeltravel.com\/wp-content\/uploads\/2018\/09\/IMG_E0985.jpg?w=1058&amp;ssl=1 1058w\" sizes=\"(max-width: 508px) 100vw, 508px\" data-recalc-dims=\"1\"><\/noscript><img decoding=\"async\" aria-describedby=\"caption-attachment-5340\" class=\"wp-image-5340 lazyload\" src=\"data:image\/svg+xml,%3Csvg%20xmlns%3D%22http%3A%2F%2Fwww.w3.org%2F2000%2Fsvg%22%20viewBox%3D%220%200%20508%20678%22%3E%3C%2Fsvg%3E\" alt=\"Moudang educational trail\" width=\"508\" height=\"678\" srcset=\"data:image\/svg+xml,%3Csvg%20xmlns%3D%22http%3A%2F%2Fwww.w3.org%2F2000%2Fsvg%22%20viewBox%3D%220%200%20508%20678%22%3E%3C%2Fsvg%3E 508w\" sizes=\"(max-width: 508px) 100vw, 508px\" data-srcset=\"https:\/\/i0.wp.com\/www.iwheeltravel.com\/wp-content\/uploads\/2018\/09\/IMG_E0985.jpg?resize=225%2C300&amp;ssl=1 225w, https:\/\/i0.wp.com\/www.iwheeltravel.com\/wp-content\/uploads\/2018\/09\/IMG_E0985.jpg?resize=768%2C1024&amp;ssl=1 768w, https:\/\/i0.wp.com\/www.iwheeltravel.com\/wp-content\/uploads\/2018\/09\/IMG_E0985.jpg?w=1058&amp;ssl=1 1058w\" data-src=\"https:\/\/www.iwheeltravel.com\/wp-content\/uploads\/2018\/09\/IMG_E0985-225x300.jpg\"><\/a><p id=\"caption-attachment-5340\" class=\"wp-caption-text\">Moudang educational trail<\/p><\/div>\n<ul>\n<li style=\"text-align: justify;\">Col d&#8217;Azet: From the Col d&#8217;Azet, reaching 1580 metres, the view on the Aure valley and Louron valley is amazing. Many cyclists challenge themselves and bike to the summit. But, if like me, riding a bike is not a option for you, you can still have fun and thrilled yourself by going back down to the valley paragliding. True story! I will tell you about it in my next post!<\/li>\n<\/ul>\n<div id=\"attachment_5341\" style=\"width: 1993px\" class=\"wp-caption aligncenter\"><a href=\"https:\/\/www.iwheeltravel.com\/wp-content\/uploads\/2018\/09\/DSCF2282-Panorama.jpg\"><noscript><img decoding=\"async\" aria-describedby=\"caption-attachment-5341\" class=\"wp-image-5341\" src=\"https:\/\/i0.wp.com\/www.iwheeltravel.com\/wp-content\/uploads\/2018\/09\/DSCF2282-Panorama.jpg?resize=1000%2C393&#038;ssl=1\" alt=\"Col d'Azet\" width=\"1000\" height=\"393\" srcset=\"https:\/\/i0.wp.com\/www.iwheeltravel.com\/wp-content\/uploads\/2018\/09\/DSCF2282-Panorama.jpg?resize=300%2C118&amp;ssl=1 300w, https:\/\/i0.wp.com\/www.iwheeltravel.com\/wp-content\/uploads\/2018\/09\/DSCF2282-Panorama.jpg?resize=768%2C301&amp;ssl=1 768w\" sizes=\"(max-width: 1000px) 100vw, 1000px\" data-recalc-dims=\"1\"><\/noscript><img decoding=\"async\" aria-describedby=\"caption-attachment-5341\" class=\"wp-image-5341 lazyload\" src=\"data:image\/svg+xml,%3Csvg%20xmlns%3D%22http%3A%2F%2Fwww.w3.org%2F2000%2Fsvg%22%20viewBox%3D%220%200%201983%20780%22%3E%3C%2Fsvg%3E\" alt=\"Col d'Azet\" width=\"1983\" height=\"780\" srcset=\"data:image\/svg+xml,%3Csvg%20xmlns%3D%22http%3A%2F%2Fwww.w3.org%2F2000%2Fsvg%22%20viewBox%3D%220%200%201983%20780%22%3E%3C%2Fsvg%3E 1983w\" sizes=\"(max-width: 1000px) 100vw, 1000px\" data-srcset=\"https:\/\/i0.wp.com\/www.iwheeltravel.com\/wp-content\/uploads\/2018\/09\/DSCF2282-Panorama.jpg?resize=300%2C118&amp;ssl=1 300w, https:\/\/i0.wp.com\/www.iwheeltravel.com\/wp-content\/uploads\/2018\/09\/DSCF2282-Panorama.jpg?resize=768%2C301&amp;ssl=1 768w\" data-src=\"https:\/\/www.iwheeltravel.com\/wp-content\/uploads\/2018\/09\/DSCF2282-Panorama-300x118.jpg\"><\/a><p id=\"caption-attachment-5341\" class=\"wp-caption-text\">Col d&#8217;Azet<\/p><\/div>\n<h2><span class=\"ez-toc-section\" id=\"Cani-Kart_riding_the_forest_with_sled_dogs\"><\/span>Cani-Kart: riding the forest with sled dogs<span class=\"ez-toc-section-end\"><\/span><\/h2>\n<p style=\"text-align: justify;\">Animals lovers, you should love this activity! A few kilometres away, at Loudervielle, we met Thierry who turned his passion into his work. He became a musher and opened his&nbsp;&#8220;base nordique Sherpa&#8221; where he provides different activities in the nature with sled dogs. So Franck and I tested the &#8220;cani-kart&#8221; activity which is a <strong>stroll in the forest, sit in a cart guided by a musher and towed by a sled dogs carriage<\/strong>. We enjoyed the ride in the forest, going up and down the hill really fast or quite slow depending on the dogs will. Indeed they are in control of the speed and adapt it if they want to take it easy or if they want to chase another animal in the woods!<\/p>\n<div id=\"attachment_5343\" style=\"width: 1665px\" class=\"wp-caption aligncenter\"><a href=\"https:\/\/www.iwheeltravel.com\/wp-content\/uploads\/2018\/09\/DSCF2421.jpg\"><noscript><img decoding=\"async\" aria-describedby=\"caption-attachment-5343\" class=\"wp-image-5343\" src=\"https:\/\/i0.wp.com\/www.iwheeltravel.com\/wp-content\/uploads\/2018\/09\/DSCF2421.jpg?resize=1000%2C667&#038;ssl=1\" alt=\"sled dog handicap france\" width=\"1000\" height=\"667\" srcset=\"https:\/\/i0.wp.com\/www.iwheeltravel.com\/wp-content\/uploads\/2018\/09\/DSCF2421.jpg?resize=300%2C200&amp;ssl=1 300w, https:\/\/i0.wp.com\/www.iwheeltravel.com\/wp-content\/uploads\/2018\/09\/DSCF2421.jpg?resize=768%2C512&amp;ssl=1 768w, https:\/\/i0.wp.com\/www.iwheeltravel.com\/wp-content\/uploads\/2018\/09\/DSCF2421.jpg?resize=1024%2C683&amp;ssl=1 1024w, https:\/\/i0.wp.com\/www.iwheeltravel.com\/wp-content\/uploads\/2018\/09\/DSCF2421.jpg?w=1713&amp;ssl=1 1713w\" sizes=\"(max-width: 1000px) 100vw, 1000px\" data-recalc-dims=\"1\"><\/noscript><img decoding=\"async\" aria-describedby=\"caption-attachment-5343\" class=\"wp-image-5343 lazyload\" src=\"data:image\/svg+xml,%3Csvg%20xmlns%3D%22http%3A%2F%2Fwww.w3.org%2F2000%2Fsvg%22%20viewBox%3D%220%200%201655%201104%22%3E%3C%2Fsvg%3E\" alt=\"sled dog handicap france\" width=\"1655\" height=\"1104\" srcset=\"data:image\/svg+xml,%3Csvg%20xmlns%3D%22http%3A%2F%2Fwww.w3.org%2F2000%2Fsvg%22%20viewBox%3D%220%200%201655%201104%22%3E%3C%2Fsvg%3E 1655w\" sizes=\"(max-width: 1000px) 100vw, 1000px\" data-srcset=\"https:\/\/i0.wp.com\/www.iwheeltravel.com\/wp-content\/uploads\/2018\/09\/DSCF2421.jpg?resize=300%2C200&amp;ssl=1 300w, https:\/\/i0.wp.com\/www.iwheeltravel.com\/wp-content\/uploads\/2018\/09\/DSCF2421.jpg?resize=768%2C512&amp;ssl=1 768w, https:\/\/i0.wp.com\/www.iwheeltravel.com\/wp-content\/uploads\/2018\/09\/DSCF2421.jpg?resize=1024%2C683&amp;ssl=1 1024w, https:\/\/i0.wp.com\/www.iwheeltravel.com\/wp-content\/uploads\/2018\/09\/DSCF2421.jpg?w=1713&amp;ssl=1 1713w\" data-src=\"https:\/\/www.iwheeltravel.com\/wp-content\/uploads\/2018\/09\/DSCF2421-300x200.jpg\"><\/a><p id=\"caption-attachment-5343\" class=\"wp-caption-text\">Let&#8217;s take some time to get to know each others before the ride.<\/p><\/div>\n<p style=\"text-align: justify;\">This ride was also the perfect opportunity to exchange with Thierry about the musher profession and the sled dogs (particularly Huskies and Greenland Dogs). We learnt a lot about their personalities, behaviours and function in the pack according to the species. Anyway, one thing is sure: Thierry doesn&#8217;t pick them for their cute appearance but for their abilities and natures.<\/p>\n<div id=\"attachment_5346\" style=\"width: 1452px\" class=\"wp-caption aligncenter\"><a href=\"https:\/\/www.iwheeltravel.com\/wp-content\/uploads\/2018\/09\/DSCF2439.jpg\"><noscript><img decoding=\"async\" aria-describedby=\"caption-attachment-5346\" class=\"wp-image-5346\" src=\"https:\/\/i0.wp.com\/www.iwheeltravel.com\/wp-content\/uploads\/2018\/09\/DSCF2439.jpg?resize=1000%2C666&#038;ssl=1\" alt=\"sled dogs cart forest mountains france\" width=\"1000\" height=\"666\" srcset=\"https:\/\/i0.wp.com\/www.iwheeltravel.com\/wp-content\/uploads\/2018\/09\/DSCF2439.jpg?resize=300%2C200&amp;ssl=1 300w, https:\/\/i0.wp.com\/www.iwheeltravel.com\/wp-content\/uploads\/2018\/09\/DSCF2439.jpg?resize=768%2C512&amp;ssl=1 768w, https:\/\/i0.wp.com\/www.iwheeltravel.com\/wp-content\/uploads\/2018\/09\/DSCF2439.jpg?resize=1024%2C683&amp;ssl=1 1024w, https:\/\/i0.wp.com\/www.iwheeltravel.com\/wp-content\/uploads\/2018\/09\/DSCF2439.jpg?w=1689&amp;ssl=1 1689w\" sizes=\"(max-width: 1000px) 100vw, 1000px\" data-recalc-dims=\"1\"><\/noscript><img decoding=\"async\" aria-describedby=\"caption-attachment-5346\" class=\"wp-image-5346 lazyload\" src=\"data:image\/svg+xml,%3Csvg%20xmlns%3D%22http%3A%2F%2Fwww.w3.org%2F2000%2Fsvg%22%20viewBox%3D%220%200%201442%20961%22%3E%3C%2Fsvg%3E\" alt=\"sled dogs cart forest mountains france\" width=\"1442\" height=\"961\" srcset=\"data:image\/svg+xml,%3Csvg%20xmlns%3D%22http%3A%2F%2Fwww.w3.org%2F2000%2Fsvg%22%20viewBox%3D%220%200%201442%20961%22%3E%3C%2Fsvg%3E 1442w\" sizes=\"(max-width: 1000px) 100vw, 1000px\" data-srcset=\"https:\/\/i0.wp.com\/www.iwheeltravel.com\/wp-content\/uploads\/2018\/09\/DSCF2439.jpg?resize=300%2C200&amp;ssl=1 300w, https:\/\/i0.wp.com\/www.iwheeltravel.com\/wp-content\/uploads\/2018\/09\/DSCF2439.jpg?resize=768%2C512&amp;ssl=1 768w, https:\/\/i0.wp.com\/www.iwheeltravel.com\/wp-content\/uploads\/2018\/09\/DSCF2439.jpg?resize=1024%2C683&amp;ssl=1 1024w, https:\/\/i0.wp.com\/www.iwheeltravel.com\/wp-content\/uploads\/2018\/09\/DSCF2439.jpg?w=1689&amp;ssl=1 1689w\" data-src=\"https:\/\/www.iwheeltravel.com\/wp-content\/uploads\/2018\/09\/DSCF2439-300x200.jpg\"><\/a><p id=\"caption-attachment-5346\" class=\"wp-caption-text\">Sled dogs leading us through the forest.<\/p><\/div>\n<p style=\"text-align: justify;\">When we were there, we saw a group of kids from a summer camp who were here to do some &#8220;cani-rando&#8221;. While I can&#8217;t do it since it requires to be able to walk, I found that activity quite interesting: the sled dog is tied to a child (or adult) with a harness and they both hike together. The dog helps by pulling the person. It seems that this way people and dogs can share a moment of complicity and, also, children can learn how to behave with sled dogs, take care of them and lead them.<\/p>\n<div>\n<div id=\"attachment_5347\" style=\"width: 1391px\" class=\"wp-caption aligncenter\"><a href=\"https:\/\/www.iwheeltravel.com\/wp-content\/uploads\/2018\/09\/DSCF2444.jpg\"><noscript><img decoding=\"async\" aria-describedby=\"caption-attachment-5347\" class=\"wp-image-5347\" src=\"https:\/\/i0.wp.com\/www.iwheeltravel.com\/wp-content\/uploads\/2018\/09\/DSCF2444.jpg?resize=1000%2C666&#038;ssl=1\" alt=\"Hiking with dogs france mountain\" width=\"1000\" height=\"666\" srcset=\"https:\/\/i0.wp.com\/www.iwheeltravel.com\/wp-content\/uploads\/2018\/09\/DSCF2444.jpg?resize=300%2C200&amp;ssl=1 300w, https:\/\/i0.wp.com\/www.iwheeltravel.com\/wp-content\/uploads\/2018\/09\/DSCF2444.jpg?resize=768%2C512&amp;ssl=1 768w, https:\/\/i0.wp.com\/www.iwheeltravel.com\/wp-content\/uploads\/2018\/09\/DSCF2444.jpg?resize=1024%2C683&amp;ssl=1 1024w, https:\/\/i0.wp.com\/www.iwheeltravel.com\/wp-content\/uploads\/2018\/09\/DSCF2444.jpg?w=1713&amp;ssl=1 1713w\" sizes=\"(max-width: 1000px) 100vw, 1000px\" data-recalc-dims=\"1\"><\/noscript><img decoding=\"async\" aria-describedby=\"caption-attachment-5347\" class=\"wp-image-5347 lazyload\" src=\"data:image\/svg+xml,%3Csvg%20xmlns%3D%22http%3A%2F%2Fwww.w3.org%2F2000%2Fsvg%22%20viewBox%3D%220%200%201381%20920%22%3E%3C%2Fsvg%3E\" alt=\"Hiking with dogs france mountain\" width=\"1381\" height=\"920\" srcset=\"data:image\/svg+xml,%3Csvg%20xmlns%3D%22http%3A%2F%2Fwww.w3.org%2F2000%2Fsvg%22%20viewBox%3D%220%200%201381%20920%22%3E%3C%2Fsvg%3E 1381w\" sizes=\"(max-width: 1000px) 100vw, 1000px\" data-srcset=\"https:\/\/i0.wp.com\/www.iwheeltravel.com\/wp-content\/uploads\/2018\/09\/DSCF2444.jpg?resize=300%2C200&amp;ssl=1 300w, https:\/\/i0.wp.com\/www.iwheeltravel.com\/wp-content\/uploads\/2018\/09\/DSCF2444.jpg?resize=768%2C512&amp;ssl=1 768w, https:\/\/i0.wp.com\/www.iwheeltravel.com\/wp-content\/uploads\/2018\/09\/DSCF2444.jpg?resize=1024%2C683&amp;ssl=1 1024w, https:\/\/i0.wp.com\/www.iwheeltravel.com\/wp-content\/uploads\/2018\/09\/DSCF2444.jpg?w=1713&amp;ssl=1 1713w\" data-src=\"https:\/\/www.iwheeltravel.com\/wp-content\/uploads\/2018\/09\/DSCF2444-300x200.jpg\"><\/a><p id=\"caption-attachment-5347\" class=\"wp-caption-text\">Teaching moment before starting the hike with the dogs.<\/p><\/div>\n<p style=\"text-align: justify;\">If you would like to try this activities during your vacations in the Pyr\u00e9n\u00e9es, you can reach out to Thierry using <a class=\"lien-post\" href=\"http:\/\/www.sherpa-chien-traineau.fr\/Contactez-nous\">his website<\/a> (in French). 20 minutes of &#8220;cani-kart&#8221; costs 45 euros for an adult&nbsp; and half-a-day of &#8220;cani-rando&#8221; costs 30 euros.<\/p>\n<\/div>\n<h4><span class=\"ez-toc-section\" id=\"Disabilities_and_accessibility\"><\/span>Disabilities and accessibility:<span class=\"ez-toc-section-end\"><\/span><\/h4>\n<ul>\n<li style=\"text-align: justify;\"><strong>&#8220;Cani-kart&#8221; is not suitable for every disability&nbsp;<\/strong>but it is still possible for many disabled people. For that matter, Thierry is used to welcome people and try to do his best to make this activities accessible for most of people. However you need to be able to transfer from the wheelchair to the cart (or to be carried) and to hold the legs steady while they are bent. Also it is shaky and a bit rough so you have to avoid it if you have serious back aches or pain.<\/li>\n<li style=\"text-align: justify;\">When you arrive to the Sherpa base, don&#8217;t park in the main parking but go forward and park your car just near the first buildings. This way you will avoid to walk or roll for a few minutes in the grass and rocky ground.<\/li>\n<li style=\"text-align: justify;\">Toilets are really wide but they are not wheelchair friendly. It is composting toilets.<\/li>\n<li style=\"text-align: justify;\">It is possible to stay at the camp for a night or two and sleep in a hut or tent but these are not wheelchair friendly at all.<\/li>\n<\/ul>\n<div style=\"text-align: justify;\">\n<div id=\"attachment_5345\" style=\"width: 1520px\" class=\"wp-caption aligncenter\"><a href=\"https:\/\/www.iwheeltravel.com\/wp-content\/uploads\/2018\/09\/DSCF2435.jpg\"><noscript><img decoding=\"async\" aria-describedby=\"caption-attachment-5345\" class=\"wp-image-5345\" src=\"https:\/\/i0.wp.com\/www.iwheeltravel.com\/wp-content\/uploads\/2018\/09\/DSCF2435.jpg?resize=1000%2C666&#038;ssl=1\" alt=\"sled dog cart handicap \" width=\"1000\" height=\"666\" srcset=\"https:\/\/i0.wp.com\/www.iwheeltravel.com\/wp-content\/uploads\/2018\/09\/DSCF2435.jpg?resize=300%2C200&amp;ssl=1 300w, https:\/\/i0.wp.com\/www.iwheeltravel.com\/wp-content\/uploads\/2018\/09\/DSCF2435.jpg?resize=768%2C512&amp;ssl=1 768w, https:\/\/i0.wp.com\/www.iwheeltravel.com\/wp-content\/uploads\/2018\/09\/DSCF2435.jpg?resize=1024%2C683&amp;ssl=1 1024w, https:\/\/i0.wp.com\/www.iwheeltravel.com\/wp-content\/uploads\/2018\/09\/DSCF2435.jpg?w=1713&amp;ssl=1 1713w\" sizes=\"(max-width: 1000px) 100vw, 1000px\" data-recalc-dims=\"1\"><\/noscript><img decoding=\"async\" aria-describedby=\"caption-attachment-5345\" class=\"wp-image-5345 lazyload\" src=\"data:image\/svg+xml,%3Csvg%20xmlns%3D%22http%3A%2F%2Fwww.w3.org%2F2000%2Fsvg%22%20viewBox%3D%220%200%201510%201006%22%3E%3C%2Fsvg%3E\" alt=\"sled dog cart handicap \" width=\"1510\" height=\"1006\" srcset=\"data:image\/svg+xml,%3Csvg%20xmlns%3D%22http%3A%2F%2Fwww.w3.org%2F2000%2Fsvg%22%20viewBox%3D%220%200%201510%201006%22%3E%3C%2Fsvg%3E 1510w\" sizes=\"(max-width: 1000px) 100vw, 1000px\" data-srcset=\"https:\/\/i0.wp.com\/www.iwheeltravel.com\/wp-content\/uploads\/2018\/09\/DSCF2435.jpg?resize=300%2C200&amp;ssl=1 300w, https:\/\/i0.wp.com\/www.iwheeltravel.com\/wp-content\/uploads\/2018\/09\/DSCF2435.jpg?resize=768%2C512&amp;ssl=1 768w, https:\/\/i0.wp.com\/www.iwheeltravel.com\/wp-content\/uploads\/2018\/09\/DSCF2435.jpg?resize=1024%2C683&amp;ssl=1 1024w, https:\/\/i0.wp.com\/www.iwheeltravel.com\/wp-content\/uploads\/2018\/09\/DSCF2435.jpg?w=1713&amp;ssl=1 1713w\" data-src=\"https:\/\/www.iwheeltravel.com\/wp-content\/uploads\/2018\/09\/DSCF2435-300x200.jpg\"><\/a><p id=\"caption-attachment-5345\" class=\"wp-caption-text\">Position in the cart.<\/p><\/div>\n<\/div>\n<h1><span class=\"ez-toc-section\" id=\"Hippotherapy_handicap_and_horse-riding\"><\/span>Hippotherapy: handicap and horse-riding<span class=\"ez-toc-section-end\"><\/span><\/h1>\n<p style=\"text-align: justify;\">Clara is a physiotherapist and also a horse-riding passionate. A few months ago she decided to start to practise hippotherapy for her patients in her riding school twice a week. So when I was offered to meet her and try this <strong>rehabilitation method based on neurology and horse-riding&nbsp;<\/strong>I was ecstatic! Two years after <a class=\"lien-post\" href=\"https:\/\/www.iwheeltravel.com\/en\/2017\/06\/15\/wheelchair-horse-riding-new-zealand\/\">my first ride in New Zealand<\/a>, I was really eager to go back on a horse. Once again, I have been delighted by this moment shared with the horse. Doolyne is such a gentle horse! Plus, Clara and Amandine, the riding instructor, took really good care of me.<\/p>\n<div id=\"attachment_5349\" style=\"width: 1642px\" class=\"wp-caption aligncenter\"><a href=\"https:\/\/www.iwheeltravel.com\/wp-content\/uploads\/2018\/09\/DSCF2455.jpg\"><noscript><img decoding=\"async\" aria-describedby=\"caption-attachment-5349\" class=\"wp-image-5349\" src=\"https:\/\/i0.wp.com\/www.iwheeltravel.com\/wp-content\/uploads\/2018\/09\/DSCF2455.jpg?resize=1000%2C667&#038;ssl=1\" alt=\"hippotherapy handicap disability horse\" width=\"1000\" height=\"667\" srcset=\"https:\/\/i0.wp.com\/www.iwheeltravel.com\/wp-content\/uploads\/2018\/09\/DSCF2455.jpg?resize=300%2C200&amp;ssl=1 300w, https:\/\/i0.wp.com\/www.iwheeltravel.com\/wp-content\/uploads\/2018\/09\/DSCF2455.jpg?resize=768%2C512&amp;ssl=1 768w, https:\/\/i0.wp.com\/www.iwheeltravel.com\/wp-content\/uploads\/2018\/09\/DSCF2455.jpg?resize=1024%2C683&amp;ssl=1 1024w, https:\/\/i0.wp.com\/www.iwheeltravel.com\/wp-content\/uploads\/2018\/09\/DSCF2455.jpg?w=1713&amp;ssl=1 1713w\" sizes=\"(max-width: 1000px) 100vw, 1000px\" data-recalc-dims=\"1\"><\/noscript><img decoding=\"async\" aria-describedby=\"caption-attachment-5349\" class=\"wp-image-5349 lazyload\" src=\"data:image\/svg+xml,%3Csvg%20xmlns%3D%22http%3A%2F%2Fwww.w3.org%2F2000%2Fsvg%22%20viewBox%3D%220%200%201632%201088%22%3E%3C%2Fsvg%3E\" alt=\"hippotherapy handicap disability horse\" width=\"1632\" height=\"1088\" srcset=\"data:image\/svg+xml,%3Csvg%20xmlns%3D%22http%3A%2F%2Fwww.w3.org%2F2000%2Fsvg%22%20viewBox%3D%220%200%201632%201088%22%3E%3C%2Fsvg%3E 1632w\" sizes=\"(max-width: 1000px) 100vw, 1000px\" data-srcset=\"https:\/\/i0.wp.com\/www.iwheeltravel.com\/wp-content\/uploads\/2018\/09\/DSCF2455.jpg?resize=300%2C200&amp;ssl=1 300w, https:\/\/i0.wp.com\/www.iwheeltravel.com\/wp-content\/uploads\/2018\/09\/DSCF2455.jpg?resize=768%2C512&amp;ssl=1 768w, https:\/\/i0.wp.com\/www.iwheeltravel.com\/wp-content\/uploads\/2018\/09\/DSCF2455.jpg?resize=1024%2C683&amp;ssl=1 1024w, https:\/\/i0.wp.com\/www.iwheeltravel.com\/wp-content\/uploads\/2018\/09\/DSCF2455.jpg?w=1713&amp;ssl=1 1713w\" data-src=\"https:\/\/www.iwheeltravel.com\/wp-content\/uploads\/2018\/09\/DSCF2455-300x200.jpg\"><\/a><p id=\"caption-attachment-5349\" class=\"wp-caption-text\">Brushing time!<\/p><\/div>\n<p style=\"text-align: justify;\">When I arrived Clara and Amandine explained me how to prepare the horse, to brush it and clean out the hooves.&nbsp; Then Clara helped me to get on the horse from the ramp. For me that is the most difficult part because it stretches my adductor muscles which are not use to that much! But thanks to Clara gentleness, in a few minutes I was proudly sitting on Doolyne, ready to do some riding exercises. In an hour I learned to guide the horse, order it to stop and start, ride it in a straight line and even weaving through cones! To end the session I could feed Doolyne with bread and Clara gave us a tour of the stables. We even saw a baby pony. I had a really good time during this hippotherapy session. It mades me feel good to share moments with an animal and, of course, I must say that hippotherapy is way more fun that usual physiotherapy!<\/p>\n<p style=\"text-align: justify;\">So if you want to try during your stay in the Hautes-Pyr\u00e9n\u00e9es, feel free to have a look at Clara&#8217;s website&nbsp;and reach out to her.<\/p>\n<div><\/div>\n<div>\n<div id=\"attachment_5353\" style=\"width: 1490px\" class=\"wp-caption aligncenter\"><a href=\"https:\/\/www.iwheeltravel.com\/wp-content\/uploads\/2018\/09\/DSCF2476.jpg\"><noscript><img decoding=\"async\" aria-describedby=\"caption-attachment-5353\" class=\"wp-image-5353\" src=\"https:\/\/i0.wp.com\/www.iwheeltravel.com\/wp-content\/uploads\/2018\/09\/DSCF2476.jpg?resize=1000%2C667&#038;ssl=1\" alt=\"horse riding handicap hippotherapy\" width=\"1000\" height=\"667\" srcset=\"https:\/\/i0.wp.com\/www.iwheeltravel.com\/wp-content\/uploads\/2018\/09\/DSCF2476.jpg?resize=300%2C200&amp;ssl=1 300w, https:\/\/i0.wp.com\/www.iwheeltravel.com\/wp-content\/uploads\/2018\/09\/DSCF2476.jpg?resize=768%2C512&amp;ssl=1 768w, https:\/\/i0.wp.com\/www.iwheeltravel.com\/wp-content\/uploads\/2018\/09\/DSCF2476.jpg?resize=1024%2C683&amp;ssl=1 1024w, https:\/\/i0.wp.com\/www.iwheeltravel.com\/wp-content\/uploads\/2018\/09\/DSCF2476.jpg?w=1713&amp;ssl=1 1713w\" sizes=\"(max-width: 1000px) 100vw, 1000px\" data-recalc-dims=\"1\"><\/noscript><img decoding=\"async\" aria-describedby=\"caption-attachment-5353\" class=\"wp-image-5353 lazyload\" src=\"data:image\/svg+xml,%3Csvg%20xmlns%3D%22http%3A%2F%2Fwww.w3.org%2F2000%2Fsvg%22%20viewBox%3D%220%200%201480%20987%22%3E%3C%2Fsvg%3E\" alt=\"horse riding handicap hippotherapy\" width=\"1480\" height=\"987\" srcset=\"data:image\/svg+xml,%3Csvg%20xmlns%3D%22http%3A%2F%2Fwww.w3.org%2F2000%2Fsvg%22%20viewBox%3D%220%200%201480%20987%22%3E%3C%2Fsvg%3E 1480w\" sizes=\"(max-width: 1000px) 100vw, 1000px\" data-srcset=\"https:\/\/i0.wp.com\/www.iwheeltravel.com\/wp-content\/uploads\/2018\/09\/DSCF2476.jpg?resize=300%2C200&amp;ssl=1 300w, https:\/\/i0.wp.com\/www.iwheeltravel.com\/wp-content\/uploads\/2018\/09\/DSCF2476.jpg?resize=768%2C512&amp;ssl=1 768w, https:\/\/i0.wp.com\/www.iwheeltravel.com\/wp-content\/uploads\/2018\/09\/DSCF2476.jpg?resize=1024%2C683&amp;ssl=1 1024w, https:\/\/i0.wp.com\/www.iwheeltravel.com\/wp-content\/uploads\/2018\/09\/DSCF2476.jpg?w=1713&amp;ssl=1 1713w\" data-src=\"https:\/\/www.iwheeltravel.com\/wp-content\/uploads\/2018\/09\/DSCF2476-300x200.jpg\"><\/a><p id=\"caption-attachment-5353\" class=\"wp-caption-text\">Trying to weave in and out with the horse.<\/p><\/div>\n<\/div>\n<h4><span class=\"ez-toc-section\" id=\"Disabilities_and_accessibility-2\"><\/span>Disabilities and accessibility:<span class=\"ez-toc-section-end\"><\/span><\/h4>\n<ul>\n<li style=\"text-align: justify;\">There is a disabled parking space near to the stables. Don&#8217;t park your car in the main parking but enter the equestrian centre with your car. At the moment the stable yard ground is covered by gravels so it not easy to roll but Clara already plan to make a concrete pathway for wheelchair users.<\/li>\n<\/ul>\n<div id=\"attachment_5351\" style=\"width: 1490px\" class=\"wp-caption aligncenter\"><a href=\"https:\/\/www.iwheeltravel.com\/wp-content\/uploads\/2018\/09\/DSCF2467.jpg\"><noscript><img decoding=\"async\" aria-describedby=\"caption-attachment-5351\" class=\"wp-image-5351\" src=\"https:\/\/i0.wp.com\/www.iwheeltravel.com\/wp-content\/uploads\/2018\/09\/DSCF2467.jpg?resize=1000%2C666&#038;ssl=1\" alt=\"hippotherapy handicap wheelchair\" width=\"1000\" height=\"666\" srcset=\"https:\/\/i0.wp.com\/www.iwheeltravel.com\/wp-content\/uploads\/2018\/09\/DSCF2467.jpg?resize=300%2C200&amp;ssl=1 300w, https:\/\/i0.wp.com\/www.iwheeltravel.com\/wp-content\/uploads\/2018\/09\/DSCF2467.jpg?resize=768%2C512&amp;ssl=1 768w, https:\/\/i0.wp.com\/www.iwheeltravel.com\/wp-content\/uploads\/2018\/09\/DSCF2467.jpg?resize=1024%2C683&amp;ssl=1 1024w, https:\/\/i0.wp.com\/www.iwheeltravel.com\/wp-content\/uploads\/2018\/09\/DSCF2467.jpg?w=1713&amp;ssl=1 1713w\" sizes=\"(max-width: 1000px) 100vw, 1000px\" data-recalc-dims=\"1\"><\/noscript><img decoding=\"async\" aria-describedby=\"caption-attachment-5351\" class=\"wp-image-5351 lazyload\" src=\"data:image\/svg+xml,%3Csvg%20xmlns%3D%22http%3A%2F%2Fwww.w3.org%2F2000%2Fsvg%22%20viewBox%3D%220%200%201480%20986%22%3E%3C%2Fsvg%3E\" alt=\"hippotherapy handicap wheelchair\" width=\"1480\" height=\"986\" srcset=\"data:image\/svg+xml,%3Csvg%20xmlns%3D%22http%3A%2F%2Fwww.w3.org%2F2000%2Fsvg%22%20viewBox%3D%220%200%201480%20986%22%3E%3C%2Fsvg%3E 1480w\" sizes=\"(max-width: 1000px) 100vw, 1000px\" data-srcset=\"https:\/\/i0.wp.com\/www.iwheeltravel.com\/wp-content\/uploads\/2018\/09\/DSCF2467.jpg?resize=300%2C200&amp;ssl=1 300w, https:\/\/i0.wp.com\/www.iwheeltravel.com\/wp-content\/uploads\/2018\/09\/DSCF2467.jpg?resize=768%2C512&amp;ssl=1 768w, https:\/\/i0.wp.com\/www.iwheeltravel.com\/wp-content\/uploads\/2018\/09\/DSCF2467.jpg?resize=1024%2C683&amp;ssl=1 1024w, https:\/\/i0.wp.com\/www.iwheeltravel.com\/wp-content\/uploads\/2018\/09\/DSCF2467.jpg?w=1713&amp;ssl=1 1713w\" data-src=\"https:\/\/www.iwheeltravel.com\/wp-content\/uploads\/2018\/09\/DSCF2467-300x200.jpg\"><\/a><p id=\"caption-attachment-5351\" class=\"wp-caption-text\">Transferring from my wheelchair to the horse.<\/p><\/div>\n<h2><span class=\"ez-toc-section\" id=\"Accessibility_in_Aure_valley_and_Louron_valley\"><\/span>Accessibility in&nbsp;Aure valley and Louron valley:<span class=\"ez-toc-section-end\"><\/span><\/h2>\n<ul>\n<li>Accommodations:\n<ul>\n<li style=\"text-align: justify;\"><a class=\"lien-post\" href=\"https:\/\/www.ucpa-vacances.com\/centre\/france\/saint-lary-soulan\/\">UCPA de Saint-Lary-Soulan :<\/a>&nbsp;11 Rue du Chemin de Sailhan, 65170 Saint-Lary-Soulan. There is a slope to enter the building. There is no disabled parking in front of the UCPA but you can park 200 metres away on disabled parking spaces in a car park in the street called &#8220;rue des Chardons&#8221;.&nbsp; The room has an adapted bathroom. The room itself is not spacious so you can only access one side of the bed while being in a wheelchair. If the space is too narrow feel free to ask to move the bed closer to the window.<\/li>\n<li style=\"text-align: justify;\">Centre de montagne de Germ-Louron, 65240 Germ.\n<ul>\n<li style=\"text-align: justify;\">There are two single beds joined together and two bunk beds in the adapted room. It is also equipped with an adapted bathroom. The main entrance of the building has no step but there is a steep street to climb to get there from the disabled parking space located right in front of room entrance. Indeed the room has its own entrance directly from the outside with the disabled parking space right in front of it (the main parking is 200 metres further down, at the end of a very steep road). Unfortunately the disabled parking space is not wide enough to put a wheelchair near the car to transfer. That means wheelchair users need to be with another person who will drop them and their wheelchair, let them go inside the room and then park the car.<\/li>\n<li style=\"text-align: justify;\">From the room you can go to breakfast and reception floor using a lift. You have to ask for the key during your check-in because the lift won&#8217;t start otherwise. Unfortunately I wasn&#8217;t aware of this information during my stay so I couldn&#8217;t use the lift.<\/li>\n<\/ul>\n<\/li>\n<\/ul>\n<\/li>\n<\/ul>\n<div id=\"attachment_5365\" style=\"width: 1164px\" class=\"wp-caption alignnone\"><noscript><img decoding=\"async\" aria-describedby=\"caption-attachment-5365\" class=\"wp-image-5365\" src=\"https:\/\/i0.wp.com\/www.iwheeltravel.com\/wp-content\/uploads\/2018\/09\/20180823_124912.jpg?resize=1000%2C563&#038;ssl=1\" alt=\"Accessible Room, centre de montagne Germ\" width=\"1000\" height=\"563\" srcset=\"https:\/\/i0.wp.com\/www.iwheeltravel.com\/wp-content\/uploads\/2018\/09\/20180823_124912.jpg?resize=300%2C169&amp;ssl=1 300w, https:\/\/i0.wp.com\/www.iwheeltravel.com\/wp-content\/uploads\/2018\/09\/20180823_124912.jpg?resize=768%2C432&amp;ssl=1 768w, https:\/\/i0.wp.com\/www.iwheeltravel.com\/wp-content\/uploads\/2018\/09\/20180823_124912.jpg?resize=1024%2C576&amp;ssl=1 1024w, https:\/\/i0.wp.com\/www.iwheeltravel.com\/wp-content\/uploads\/2018\/09\/20180823_124912.jpg?w=1456&amp;ssl=1 1456w\" sizes=\"(max-width: 1000px) 100vw, 1000px\" data-recalc-dims=\"1\"><\/noscript><img decoding=\"async\" aria-describedby=\"caption-attachment-5365\" class=\"wp-image-5365 lazyload\" src=\"data:image\/svg+xml,%3Csvg%20xmlns%3D%22http%3A%2F%2Fwww.w3.org%2F2000%2Fsvg%22%20viewBox%3D%220%200%201154%20650%22%3E%3C%2Fsvg%3E\" alt=\"Accessible Room, centre de montagne Germ\" width=\"1154\" height=\"650\" srcset=\"data:image\/svg+xml,%3Csvg%20xmlns%3D%22http%3A%2F%2Fwww.w3.org%2F2000%2Fsvg%22%20viewBox%3D%220%200%201154%20650%22%3E%3C%2Fsvg%3E 1154w\" sizes=\"(max-width: 1000px) 100vw, 1000px\" data-srcset=\"https:\/\/i0.wp.com\/www.iwheeltravel.com\/wp-content\/uploads\/2018\/09\/20180823_124912.jpg?resize=300%2C169&amp;ssl=1 300w, https:\/\/i0.wp.com\/www.iwheeltravel.com\/wp-content\/uploads\/2018\/09\/20180823_124912.jpg?resize=768%2C432&amp;ssl=1 768w, https:\/\/i0.wp.com\/www.iwheeltravel.com\/wp-content\/uploads\/2018\/09\/20180823_124912.jpg?resize=1024%2C576&amp;ssl=1 1024w, https:\/\/i0.wp.com\/www.iwheeltravel.com\/wp-content\/uploads\/2018\/09\/20180823_124912.jpg?w=1456&amp;ssl=1 1456w\" data-src=\"https:\/\/www.iwheeltravel.com\/wp-content\/uploads\/2018\/09\/20180823_124912-300x169.jpg\"><p id=\"caption-attachment-5365\" class=\"wp-caption-text\">Accessible Room, centre de montagne Germ<\/p><\/div>\n<ul>\n<li style=\"text-align: justify;\">Saint-Lary-Soulan is a small town which attracts a lot of tourists during the winter (because of its proximity to a ski resort) and the summer. It is a very wheelchair friendly town. Sidewalks are at the same level than the road so there is no difficulty to get onto them. There are adapted restrooms near &#8220;la maison du patrimoine&#8221; (the door is quite heavy), slopes almost everywhere, some accessible restaurants and shops, disabled parking spaces (one just near the tourist information centre and one at &#8220;place de la mairie&#8221;).<\/li>\n<\/ul>\n<div>\n<div id=\"attachment_5331\" style=\"width: 446px\" class=\"wp-caption aligncenter\"><a href=\"https:\/\/www.iwheeltravel.com\/wp-content\/uploads\/2018\/09\/IMG_0963.jpg\"><noscript><img decoding=\"async\" aria-describedby=\"caption-attachment-5331\" class=\" wp-image-5331\" src=\"https:\/\/i0.wp.com\/www.iwheeltravel.com\/wp-content\/uploads\/2018\/09\/IMG_0963.jpg?resize=436%2C581&#038;ssl=1\" alt=\"Saint-Lary-Soulan\" width=\"436\" height=\"581\" srcset=\"https:\/\/i0.wp.com\/www.iwheeltravel.com\/wp-content\/uploads\/2018\/09\/IMG_0963.jpg?resize=225%2C300&amp;ssl=1 225w, https:\/\/i0.wp.com\/www.iwheeltravel.com\/wp-content\/uploads\/2018\/09\/IMG_0963.jpg?resize=768%2C1024&amp;ssl=1 768w, https:\/\/i0.wp.com\/www.iwheeltravel.com\/wp-content\/uploads\/2018\/09\/IMG_0963.jpg?w=1058&amp;ssl=1 1058w\" sizes=\"(max-width: 436px) 100vw, 436px\" data-recalc-dims=\"1\"><\/noscript><img decoding=\"async\" aria-describedby=\"caption-attachment-5331\" class=\" wp-image-5331 lazyload\" src=\"data:image\/svg+xml,%3Csvg%20xmlns%3D%22http%3A%2F%2Fwww.w3.org%2F2000%2Fsvg%22%20viewBox%3D%220%200%20436%20581%22%3E%3C%2Fsvg%3E\" alt=\"Saint-Lary-Soulan\" width=\"436\" height=\"581\" srcset=\"data:image\/svg+xml,%3Csvg%20xmlns%3D%22http%3A%2F%2Fwww.w3.org%2F2000%2Fsvg%22%20viewBox%3D%220%200%20436%20581%22%3E%3C%2Fsvg%3E 436w\" sizes=\"(max-width: 436px) 100vw, 436px\" data-srcset=\"https:\/\/i0.wp.com\/www.iwheeltravel.com\/wp-content\/uploads\/2018\/09\/IMG_0963.jpg?resize=225%2C300&amp;ssl=1 225w, https:\/\/i0.wp.com\/www.iwheeltravel.com\/wp-content\/uploads\/2018\/09\/IMG_0963.jpg?resize=768%2C1024&amp;ssl=1 768w, https:\/\/i0.wp.com\/www.iwheeltravel.com\/wp-content\/uploads\/2018\/09\/IMG_0963.jpg?w=1058&amp;ssl=1 1058w\" data-src=\"https:\/\/www.iwheeltravel.com\/wp-content\/uploads\/2018\/09\/IMG_0963-225x300.jpg\"><\/a><p id=\"caption-attachment-5331\" class=\"wp-caption-text\">Saint-Lary-Soulan<\/p><\/div>\n<\/div>\n<div>\n<p style=\"text-align: justify;\">If you&#8217;re planning to travel to France, want to discover more wonderful regions and awesome accessible activities you can have a look at all my posts about <a class=\"lien-post\" href=\"https:\/\/www.iwheeltravel.com\/en\/category\/destinations-en\/europe-en\/france-en\/\">travel destinations in France<\/a>.<\/p>\n<div>\n        <p>\n        <em>Did you like this post? Feel free to check out my Patreon page to see how you can support the creation of new ones and be a part of iwheeltravel!<\/em>\n        <\/p>\n    <\/div>\n    <div style=\"text-align: center; margin-bottom: 20px;\">\n        <a href=\"https:\/\/www.patreon.com\/bePatron?u=10292823\" data-patreon-widget-type=\"become-patron-button\">\n            Become a Patron!\n        <\/a>\n        <script async src=\"https:\/\/c6.patreon.com\/becomePatronButton.bundle.js\"><\/script>\n    <\/div>\n    <div>\n        <p><em>\n           And of course, you can share, like and subscribe, to be aware of the lastest posts.<\/em>\n        <\/p>\n    <\/div><div class=\"textaligncenter\"><div class=\"share_post\">\t<a href=\"https:\/\/www.facebook.com\/sharer\/sharer.php?u=https:\/\/www.iwheeltravel.com\/en\/travel-france-handicap-hautes-pyrenees-aure-louron-valley-wheelchair\/\" target=\"_blank\"><i class=\"fa fa-facebook\"><\/i><\/a>\t<a title=\"Hautes-Pyr\u00e9n\u00e9es, France: discovering the Aure valley and the Louron valley in a wheechair\" target=\"_blank\" href=\"https:\/\/twitter.com\/share?url=https:\/\/www.iwheeltravel.com\/en\/travel-france-handicap-hautes-pyrenees-aure-louron-valley-wheelchair\/&amp;text=Hautes-Pyr\u00e9n\u00e9es, France: discovering the Aure valley and the Louron valley in a wheechair\"><i class=\"fa fa-twitter\"><\/i><\/a>\t<a target=\"_blank\" href=\"https:\/\/plus.google.com\/share?url= https:\/\/www.iwheeltravel.com\/en\/travel-france-handicap-hautes-pyrenees-aure-louron-valley-wheelchair\/\">\t<\/a><a data-pin-do=\"skipLink\" data-pin-custom=\"true\" target=\"_blank\" href=\"https:\/\/pinterest.com\/pin\/create\/button\/?url=https:\/\/www.iwheeltravel.com\/en\/travel-france-handicap-hautes-pyrenees-aure-louron-valley-wheelchair\/&amp;media=https:\/\/www.iwheeltravel.com\/wp-content\/uploads\/2018\/09\/IMG_1004.jpg&amp;description=Hautes-Pyr\u00e9n\u00e9es, France: discovering the Aure valley and the Louron valley in a wheechair\">\t<i class=\"fa fa-pinterest\"><\/i><\/a>\t<a href=\"mailto:?subject=I wanted to share this post with you from I wheel travel &amp;body=Hautes-Pyr\u00e9n\u00e9es, France: discovering the Aure valley and the Louron valley in a wheechair &#32;&#32; https:\/\/www.iwheeltravel.com\/en\/travel-france-handicap-hautes-pyrenees-aure-louron-valley-wheelchair\/\" title=\"Email to a friend\/colleague\"><i class=\"fa fa-envelope\"><\/i><\/a>\t<a target=\"_blank\" href=\"https:\/\/www.linkedin.com\/shareArticle?mini=true&amp;url=https:\/\/www.iwheeltravel.com\/en\/travel-france-handicap-hautes-pyrenees-aure-louron-valley-wheelchair\/&amp;title=Hautes-Pyr\u00e9n\u00e9es, France: discovering the Aure valley and the Louron valley in a wheechair&amp;summary=&amp;source=I wheel travel\"><i class=\"fa fa-linkedin\"><\/i><\/a><\/div><\/div>\n<\/div>\n<div>\n<p><em>This post has been sponsored by <a class=\"lien-post\" href=\"https:\/\/www.unat-occitanie.fr\/\">UNAT Occitanie<\/a> and <a class=\"lien-post\" href=\"http:\/\/www.pyrenees-holiday.com\/\">Hautes-Pyr\u00e9n\u00e9es Tourism French Department<\/a>, as they invited me over. However, opinions expressed here are my own.<\/em><\/p>\n\n\t\t<style type=\"text\/css\">\n\t\t\t#gallery-1 {\n\t\t\t\tmargin: auto;\n\t\t\t}\n\t\t\t#gallery-1 .gallery-item {\n\t\t\t\tfloat: left;\n\t\t\t\tmargin-top: 10px;\n\t\t\t\ttext-align: center;\n\t\t\t\twidth: 33%;\n\t\t\t}\n\t\t\t#gallery-1 img {\n\t\t\t\tborder: 2px solid #cfcfcf;\n\t\t\t}\n\t\t\t#gallery-1 .gallery-caption {\n\t\t\t\tmargin-left: 0;\n\t\t\t}\n\t\t\t\/* see gallery_shortcode() in wp-includes\/media.php *\/\n\t\t<\/style>\n\t\t<div data-carousel-extra=\"{&quot;blog_id&quot;:1,&quot;permalink&quot;:&quot;https:\\\/\\\/www.iwheeltravel.com\\\/en\\\/travel-france-handicap-hautes-pyrenees-aure-louron-valley-wheelchair\\\/&quot;}\" id=\"gallery-1\" class=\"gallery galleryid-5370 gallery-columns-3 gallery-size-thumbnail\"><dl class=\"gallery-item\">\n\t\t\t<dt class=\"gallery-icon landscape\">\n\t\t\t\t<a href=\"https:\/\/www.iwheeltravel.com\/en\/travel-france-handicap-hautes-pyrenees-aure-louron-valley-wheelchair\/img_1004-2-2\/\"><noscript><img decoding=\"async\" width=\"150\" height=\"150\" src=\"https:\/\/i0.wp.com\/www.iwheeltravel.com\/wp-content\/uploads\/2018\/09\/IMG_1004-1.jpg?resize=150%2C150&amp;ssl=1\" class=\"attachment-thumbnail size-thumbnail\" alt srcset=\"https:\/\/i0.wp.com\/www.iwheeltravel.com\/wp-content\/uploads\/2018\/09\/IMG_1004-1.jpg?resize=150%2C150&amp;ssl=1 150w, https:\/\/i0.wp.com\/www.iwheeltravel.com\/wp-content\/uploads\/2018\/09\/IMG_1004-1.jpg?zoom=2&amp;resize=150%2C150&amp;ssl=1 300w, https:\/\/i0.wp.com\/www.iwheeltravel.com\/wp-content\/uploads\/2018\/09\/IMG_1004-1.jpg?zoom=3&amp;resize=150%2C150&amp;ssl=1 450w\" sizes=\"(max-width: 150px) 100vw, 150px\" data-attachment-id=\"11191\" data-permalink=\"https:\/\/www.iwheeltravel.com\/en\/travel-france-handicap-hautes-pyrenees-aure-louron-valley-wheelchair\/img_1004-2-2\/\" data-orig-file=\"https:\/\/i0.wp.com\/www.iwheeltravel.com\/wp-content\/uploads\/2018\/09\/IMG_1004-1.jpg?fit=1411%2C1058&amp;ssl=1\" data-orig-size=\"1411,1058\" data-comments-opened=\"1\" data-image-meta=\"{&quot;aperture&quot;:&quot;1.8&quot;,&quot;credit&quot;:&quot;&quot;,&quot;camera&quot;:&quot;iPhone X&quot;,&quot;caption&quot;:&quot;&quot;,&quot;created_timestamp&quot;:&quot;1534870097&quot;,&quot;copyright&quot;:&quot;&quot;,&quot;focal_length&quot;:&quot;4&quot;,&quot;iso&quot;:&quot;20&quot;,&quot;shutter_speed&quot;:&quot;0.00095238095238095&quot;,&quot;title&quot;:&quot;&quot;,&quot;orientation&quot;:&quot;0&quot;}\" data-image-title data-image-description data-image-caption data-medium-file=\"https:\/\/i0.wp.com\/www.iwheeltravel.com\/wp-content\/uploads\/2018\/09\/IMG_1004-1.jpg?fit=300%2C225&amp;ssl=1\" data-large-file=\"https:\/\/i0.wp.com\/www.iwheeltravel.com\/wp-content\/uploads\/2018\/09\/IMG_1004-1.jpg?fit=1000%2C750&amp;ssl=1\" tabindex=\"0\" role=\"button\"><\/noscript><img decoding=\"async\" width=\"150\" height=\"150\" src=\"data:image\/svg+xml,%3Csvg%20xmlns%3D%22http%3A%2F%2Fwww.w3.org%2F2000%2Fsvg%22%20viewBox%3D%220%200%20150%20150%22%3E%3C%2Fsvg%3E\" class=\"attachment-thumbnail size-thumbnail lazyload\" alt srcset=\"data:image\/svg+xml,%3Csvg%20xmlns%3D%22http%3A%2F%2Fwww.w3.org%2F2000%2Fsvg%22%20viewBox%3D%220%200%20150%20150%22%3E%3C%2Fsvg%3E 150w\" sizes=\"(max-width: 150px) 100vw, 150px\" data-attachment-id=\"11191\" data-permalink=\"https:\/\/www.iwheeltravel.com\/en\/travel-france-handicap-hautes-pyrenees-aure-louron-valley-wheelchair\/img_1004-2-2\/\" data-orig-file=\"https:\/\/i0.wp.com\/www.iwheeltravel.com\/wp-content\/uploads\/2018\/09\/IMG_1004-1.jpg?fit=1411%2C1058&amp;ssl=1\" data-orig-size=\"1411,1058\" data-comments-opened=\"1\" data-image-meta=\"{&quot;aperture&quot;:&quot;1.8&quot;,&quot;credit&quot;:&quot;&quot;,&quot;camera&quot;:&quot;iPhone X&quot;,&quot;caption&quot;:&quot;&quot;,&quot;created_timestamp&quot;:&quot;1534870097&quot;,&quot;copyright&quot;:&quot;&quot;,&quot;focal_length&quot;:&quot;4&quot;,&quot;iso&quot;:&quot;20&quot;,&quot;shutter_speed&quot;:&quot;0.00095238095238095&quot;,&quot;title&quot;:&quot;&quot;,&quot;orientation&quot;:&quot;0&quot;}\" data-image-title data-image-description data-image-caption data-medium-file=\"https:\/\/i0.wp.com\/www.iwheeltravel.com\/wp-content\/uploads\/2018\/09\/IMG_1004-1.jpg?fit=300%2C225&amp;ssl=1\" data-large-file=\"https:\/\/i0.wp.com\/www.iwheeltravel.com\/wp-content\/uploads\/2018\/09\/IMG_1004-1.jpg?fit=1000%2C750&amp;ssl=1\" tabindex=\"0\" role=\"button\" data-srcset=\"https:\/\/i0.wp.com\/www.iwheeltravel.com\/wp-content\/uploads\/2018\/09\/IMG_1004-1.jpg?resize=150%2C150&amp;ssl=1 150w, https:\/\/i0.wp.com\/www.iwheeltravel.com\/wp-content\/uploads\/2018\/09\/IMG_1004-1.jpg?zoom=2&amp;resize=150%2C150&amp;ssl=1 300w, https:\/\/i0.wp.com\/www.iwheeltravel.com\/wp-content\/uploads\/2018\/09\/IMG_1004-1.jpg?zoom=3&amp;resize=150%2C150&amp;ssl=1 450w\" data-src=\"https:\/\/i0.wp.com\/www.iwheeltravel.com\/wp-content\/uploads\/2018\/09\/IMG_1004-1.jpg?resize=150%2C150&amp;ssl=1\"><\/a>\n\t\t\t<\/dt><\/dl><dl class=\"gallery-item\">\n\t\t\t<dt class=\"gallery-icon landscape\">\n\t\t\t\t<a href=\"https:\/\/www.iwheeltravel.com\/en\/travel-france-handicap-hautes-pyrenees-aure-louron-valley-wheelchair\/dscf2212-2\/\"><noscript><img decoding=\"async\" width=\"150\" height=\"150\" src=\"https:\/\/i0.wp.com\/www.iwheeltravel.com\/wp-content\/uploads\/2018\/09\/DSCF2212.jpg?resize=150%2C150&amp;ssl=1\" class=\"attachment-thumbnail size-thumbnail\" alt aria-describedby=\"gallery-1-11190\" srcset=\"https:\/\/i0.wp.com\/www.iwheeltravel.com\/wp-content\/uploads\/2018\/09\/DSCF2212.jpg?resize=150%2C150&amp;ssl=1 150w, https:\/\/i0.wp.com\/www.iwheeltravel.com\/wp-content\/uploads\/2018\/09\/DSCF2212.jpg?zoom=2&amp;resize=150%2C150&amp;ssl=1 300w, https:\/\/i0.wp.com\/www.iwheeltravel.com\/wp-content\/uploads\/2018\/09\/DSCF2212.jpg?zoom=3&amp;resize=150%2C150&amp;ssl=1 450w\" sizes=\"(max-width: 150px) 100vw, 150px\" data-attachment-id=\"11190\" data-permalink=\"https:\/\/www.iwheeltravel.com\/en\/travel-france-handicap-hautes-pyrenees-aure-louron-valley-wheelchair\/dscf2212-2\/\" data-orig-file=\"https:\/\/i0.wp.com\/www.iwheeltravel.com\/wp-content\/uploads\/2018\/09\/DSCF2212.jpg?fit=1713%2C1142&amp;ssl=1\" data-orig-size=\"1713,1142\" data-comments-opened=\"1\" data-image-meta=\"{&quot;aperture&quot;:&quot;8&quot;,&quot;credit&quot;:&quot;&quot;,&quot;camera&quot;:&quot;X-M1&quot;,&quot;caption&quot;:&quot;&quot;,&quot;created_timestamp&quot;:&quot;1534848385&quot;,&quot;copyright&quot;:&quot;&quot;,&quot;focal_length&quot;:&quot;29.5&quot;,&quot;iso&quot;:&quot;400&quot;,&quot;shutter_speed&quot;:&quot;0.0025&quot;,&quot;title&quot;:&quot;&quot;,&quot;orientation&quot;:&quot;0&quot;}\" data-image-title data-image-description data-image-caption=\"&lt;p&gt;Saint-Lary-Soulan&lt;\/p&gt;\n\" data-medium-file=\"https:\/\/i0.wp.com\/www.iwheeltravel.com\/wp-content\/uploads\/2018\/09\/DSCF2212.jpg?fit=300%2C200&amp;ssl=1\" data-large-file=\"https:\/\/i0.wp.com\/www.iwheeltravel.com\/wp-content\/uploads\/2018\/09\/DSCF2212.jpg?fit=1000%2C667&amp;ssl=1\" tabindex=\"0\" role=\"button\"><\/noscript><img decoding=\"async\" width=\"150\" height=\"150\" src=\"data:image\/svg+xml,%3Csvg%20xmlns%3D%22http%3A%2F%2Fwww.w3.org%2F2000%2Fsvg%22%20viewBox%3D%220%200%20150%20150%22%3E%3C%2Fsvg%3E\" class=\"attachment-thumbnail size-thumbnail lazyload\" alt aria-describedby=\"gallery-1-11190\" srcset=\"data:image\/svg+xml,%3Csvg%20xmlns%3D%22http%3A%2F%2Fwww.w3.org%2F2000%2Fsvg%22%20viewBox%3D%220%200%20150%20150%22%3E%3C%2Fsvg%3E 150w\" sizes=\"(max-width: 150px) 100vw, 150px\" data-attachment-id=\"11190\" data-permalink=\"https:\/\/www.iwheeltravel.com\/en\/travel-france-handicap-hautes-pyrenees-aure-louron-valley-wheelchair\/dscf2212-2\/\" data-orig-file=\"https:\/\/i0.wp.com\/www.iwheeltravel.com\/wp-content\/uploads\/2018\/09\/DSCF2212.jpg?fit=1713%2C1142&amp;ssl=1\" data-orig-size=\"1713,1142\" data-comments-opened=\"1\" data-image-meta=\"{&quot;aperture&quot;:&quot;8&quot;,&quot;credit&quot;:&quot;&quot;,&quot;camera&quot;:&quot;X-M1&quot;,&quot;caption&quot;:&quot;&quot;,&quot;created_timestamp&quot;:&quot;1534848385&quot;,&quot;copyright&quot;:&quot;&quot;,&quot;focal_length&quot;:&quot;29.5&quot;,&quot;iso&quot;:&quot;400&quot;,&quot;shutter_speed&quot;:&quot;0.0025&quot;,&quot;title&quot;:&quot;&quot;,&quot;orientation&quot;:&quot;0&quot;}\" data-image-title data-image-description data-image-caption=\"&lt;p&gt;Saint-Lary-Soulan&lt;\/p&gt;\n\" data-medium-file=\"https:\/\/i0.wp.com\/www.iwheeltravel.com\/wp-content\/uploads\/2018\/09\/DSCF2212.jpg?fit=300%2C200&amp;ssl=1\" data-large-file=\"https:\/\/i0.wp.com\/www.iwheeltravel.com\/wp-content\/uploads\/2018\/09\/DSCF2212.jpg?fit=1000%2C667&amp;ssl=1\" tabindex=\"0\" role=\"button\" data-srcset=\"https:\/\/i0.wp.com\/www.iwheeltravel.com\/wp-content\/uploads\/2018\/09\/DSCF2212.jpg?resize=150%2C150&amp;ssl=1 150w, https:\/\/i0.wp.com\/www.iwheeltravel.com\/wp-content\/uploads\/2018\/09\/DSCF2212.jpg?zoom=2&amp;resize=150%2C150&amp;ssl=1 300w, https:\/\/i0.wp.com\/www.iwheeltravel.com\/wp-content\/uploads\/2018\/09\/DSCF2212.jpg?zoom=3&amp;resize=150%2C150&amp;ssl=1 450w\" data-src=\"https:\/\/i0.wp.com\/www.iwheeltravel.com\/wp-content\/uploads\/2018\/09\/DSCF2212.jpg?resize=150%2C150&amp;ssl=1\"><\/a>\n\t\t\t<\/dt>\n\t\t\t\t<dd class=\"wp-caption-text gallery-caption\" id=\"gallery-1-11190\">\n\t\t\t\tSaint-Lary-Soulan\n\t\t\t\t<\/dd><\/dl><dl class=\"gallery-item\">\n\t\t\t<dt class=\"gallery-icon portrait\">\n\t\t\t\t<a href=\"https:\/\/www.iwheeltravel.com\/en\/travel-france-handicap-hautes-pyrenees-aure-louron-valley-wheelchair\/20180821_114704_hdr-2\/\"><noscript><img decoding=\"async\" width=\"150\" height=\"150\" src=\"https:\/\/i0.wp.com\/www.iwheeltravel.com\/wp-content\/uploads\/2018\/09\/20180821_114704_HDR.jpg?resize=150%2C150&amp;ssl=1\" class=\"attachment-thumbnail size-thumbnail\" alt aria-describedby=\"gallery-1-11187\" srcset=\"https:\/\/i0.wp.com\/www.iwheeltravel.com\/wp-content\/uploads\/2018\/09\/20180821_114704_HDR.jpg?resize=150%2C150&amp;ssl=1 150w, https:\/\/i0.wp.com\/www.iwheeltravel.com\/wp-content\/uploads\/2018\/09\/20180821_114704_HDR.jpg?zoom=2&amp;resize=150%2C150&amp;ssl=1 300w, https:\/\/i0.wp.com\/www.iwheeltravel.com\/wp-content\/uploads\/2018\/09\/20180821_114704_HDR.jpg?zoom=3&amp;resize=150%2C150&amp;ssl=1 450w\" sizes=\"(max-width: 150px) 100vw, 150px\" data-attachment-id=\"11187\" data-permalink=\"https:\/\/www.iwheeltravel.com\/en\/travel-france-handicap-hautes-pyrenees-aure-louron-valley-wheelchair\/20180821_114704_hdr-2\/\" data-orig-file=\"https:\/\/i0.wp.com\/www.iwheeltravel.com\/wp-content\/uploads\/2018\/09\/20180821_114704_HDR.jpg?fit=819%2C1456&amp;ssl=1\" data-orig-size=\"819,1456\" data-comments-opened=\"1\" data-image-meta=\"{&quot;aperture&quot;:&quot;1.8&quot;,&quot;credit&quot;:&quot;&quot;,&quot;camera&quot;:&quot;LG-H870&quot;,&quot;caption&quot;:&quot;&quot;,&quot;created_timestamp&quot;:&quot;1534852024&quot;,&quot;copyright&quot;:&quot;&quot;,&quot;focal_length&quot;:&quot;4.1&quot;,&quot;iso&quot;:&quot;50&quot;,&quot;shutter_speed&quot;:&quot;0.00095238095238095&quot;,&quot;title&quot;:&quot;&quot;,&quot;orientation&quot;:&quot;0&quot;}\" data-image-title data-image-description data-image-caption=\"&lt;p&gt;Saint-Lary-Soulan&lt;\/p&gt;\n\" data-medium-file=\"https:\/\/i0.wp.com\/www.iwheeltravel.com\/wp-content\/uploads\/2018\/09\/20180821_114704_HDR.jpg?fit=169%2C300&amp;ssl=1\" data-large-file=\"https:\/\/i0.wp.com\/www.iwheeltravel.com\/wp-content\/uploads\/2018\/09\/20180821_114704_HDR.jpg?fit=576%2C1024&amp;ssl=1\" tabindex=\"0\" role=\"button\"><\/noscript><img decoding=\"async\" width=\"150\" height=\"150\" src=\"data:image\/svg+xml,%3Csvg%20xmlns%3D%22http%3A%2F%2Fwww.w3.org%2F2000%2Fsvg%22%20viewBox%3D%220%200%20150%20150%22%3E%3C%2Fsvg%3E\" class=\"attachment-thumbnail size-thumbnail lazyload\" alt aria-describedby=\"gallery-1-11187\" srcset=\"data:image\/svg+xml,%3Csvg%20xmlns%3D%22http%3A%2F%2Fwww.w3.org%2F2000%2Fsvg%22%20viewBox%3D%220%200%20150%20150%22%3E%3C%2Fsvg%3E 150w\" sizes=\"(max-width: 150px) 100vw, 150px\" data-attachment-id=\"11187\" data-permalink=\"https:\/\/www.iwheeltravel.com\/en\/travel-france-handicap-hautes-pyrenees-aure-louron-valley-wheelchair\/20180821_114704_hdr-2\/\" data-orig-file=\"https:\/\/i0.wp.com\/www.iwheeltravel.com\/wp-content\/uploads\/2018\/09\/20180821_114704_HDR.jpg?fit=819%2C1456&amp;ssl=1\" data-orig-size=\"819,1456\" data-comments-opened=\"1\" data-image-meta=\"{&quot;aperture&quot;:&quot;1.8&quot;,&quot;credit&quot;:&quot;&quot;,&quot;camera&quot;:&quot;LG-H870&quot;,&quot;caption&quot;:&quot;&quot;,&quot;created_timestamp&quot;:&quot;1534852024&quot;,&quot;copyright&quot;:&quot;&quot;,&quot;focal_length&quot;:&quot;4.1&quot;,&quot;iso&quot;:&quot;50&quot;,&quot;shutter_speed&quot;:&quot;0.00095238095238095&quot;,&quot;title&quot;:&quot;&quot;,&quot;orientation&quot;:&quot;0&quot;}\" data-image-title data-image-description data-image-caption=\"&lt;p&gt;Saint-Lary-Soulan&lt;\/p&gt;\n\" data-medium-file=\"https:\/\/i0.wp.com\/www.iwheeltravel.com\/wp-content\/uploads\/2018\/09\/20180821_114704_HDR.jpg?fit=169%2C300&amp;ssl=1\" data-large-file=\"https:\/\/i0.wp.com\/www.iwheeltravel.com\/wp-content\/uploads\/2018\/09\/20180821_114704_HDR.jpg?fit=576%2C1024&amp;ssl=1\" tabindex=\"0\" role=\"button\" data-srcset=\"https:\/\/i0.wp.com\/www.iwheeltravel.com\/wp-content\/uploads\/2018\/09\/20180821_114704_HDR.jpg?resize=150%2C150&amp;ssl=1 150w, https:\/\/i0.wp.com\/www.iwheeltravel.com\/wp-content\/uploads\/2018\/09\/20180821_114704_HDR.jpg?zoom=2&amp;resize=150%2C150&amp;ssl=1 300w, https:\/\/i0.wp.com\/www.iwheeltravel.com\/wp-content\/uploads\/2018\/09\/20180821_114704_HDR.jpg?zoom=3&amp;resize=150%2C150&amp;ssl=1 450w\" data-src=\"https:\/\/i0.wp.com\/www.iwheeltravel.com\/wp-content\/uploads\/2018\/09\/20180821_114704_HDR.jpg?resize=150%2C150&amp;ssl=1\"><\/a>\n\t\t\t<\/dt>\n\t\t\t\t<dd class=\"wp-caption-text gallery-caption\" id=\"gallery-1-11187\">\n\t\t\t\tSaint-Lary-Soulan\n\t\t\t\t<\/dd><\/dl><br style=\"clear: both\"><dl class=\"gallery-item\">\n\t\t\t<dt class=\"gallery-icon landscape\">\n\t\t\t\t<a href=\"https:\/\/www.iwheeltravel.com\/en\/travel-france-handicap-hautes-pyrenees-aure-louron-valley-wheelchair\/dscf2220-2\/\"><noscript><img decoding=\"async\" width=\"150\" height=\"150\" src=\"https:\/\/i0.wp.com\/www.iwheeltravel.com\/wp-content\/uploads\/2018\/09\/DSCF2220.jpg?resize=150%2C150&amp;ssl=1\" class=\"attachment-thumbnail size-thumbnail\" alt srcset=\"https:\/\/i0.wp.com\/www.iwheeltravel.com\/wp-content\/uploads\/2018\/09\/DSCF2220.jpg?resize=150%2C150&amp;ssl=1 150w, https:\/\/i0.wp.com\/www.iwheeltravel.com\/wp-content\/uploads\/2018\/09\/DSCF2220.jpg?zoom=2&amp;resize=150%2C150&amp;ssl=1 300w, https:\/\/i0.wp.com\/www.iwheeltravel.com\/wp-content\/uploads\/2018\/09\/DSCF2220.jpg?zoom=3&amp;resize=150%2C150&amp;ssl=1 450w\" sizes=\"(max-width: 150px) 100vw, 150px\" data-attachment-id=\"11186\" data-permalink=\"https:\/\/www.iwheeltravel.com\/en\/travel-france-handicap-hautes-pyrenees-aure-louron-valley-wheelchair\/dscf2220-2\/\" data-orig-file=\"https:\/\/i0.wp.com\/www.iwheeltravel.com\/wp-content\/uploads\/2018\/09\/DSCF2220.jpg?fit=1659%2C1106&amp;ssl=1\" data-orig-size=\"1659,1106\" data-comments-opened=\"1\" data-image-meta=\"{&quot;aperture&quot;:&quot;11&quot;,&quot;credit&quot;:&quot;&quot;,&quot;camera&quot;:&quot;X-M1&quot;,&quot;caption&quot;:&quot;&quot;,&quot;created_timestamp&quot;:&quot;1534851176&quot;,&quot;copyright&quot;:&quot;&quot;,&quot;focal_length&quot;:&quot;16&quot;,&quot;iso&quot;:&quot;400&quot;,&quot;shutter_speed&quot;:&quot;0.0028571428571429&quot;,&quot;title&quot;:&quot;&quot;,&quot;orientation&quot;:&quot;0&quot;}\" data-image-title data-image-description data-image-caption data-medium-file=\"https:\/\/i0.wp.com\/www.iwheeltravel.com\/wp-content\/uploads\/2018\/09\/DSCF2220.jpg?fit=300%2C200&amp;ssl=1\" data-large-file=\"https:\/\/i0.wp.com\/www.iwheeltravel.com\/wp-content\/uploads\/2018\/09\/DSCF2220.jpg?fit=1000%2C667&amp;ssl=1\" tabindex=\"0\" role=\"button\"><\/noscript><img decoding=\"async\" width=\"150\" height=\"150\" src=\"data:image\/svg+xml,%3Csvg%20xmlns%3D%22http%3A%2F%2Fwww.w3.org%2F2000%2Fsvg%22%20viewBox%3D%220%200%20150%20150%22%3E%3C%2Fsvg%3E\" class=\"attachment-thumbnail size-thumbnail lazyload\" alt srcset=\"data:image\/svg+xml,%3Csvg%20xmlns%3D%22http%3A%2F%2Fwww.w3.org%2F2000%2Fsvg%22%20viewBox%3D%220%200%20150%20150%22%3E%3C%2Fsvg%3E 150w\" sizes=\"(max-width: 150px) 100vw, 150px\" data-attachment-id=\"11186\" data-permalink=\"https:\/\/www.iwheeltravel.com\/en\/travel-france-handicap-hautes-pyrenees-aure-louron-valley-wheelchair\/dscf2220-2\/\" data-orig-file=\"https:\/\/i0.wp.com\/www.iwheeltravel.com\/wp-content\/uploads\/2018\/09\/DSCF2220.jpg?fit=1659%2C1106&amp;ssl=1\" data-orig-size=\"1659,1106\" data-comments-opened=\"1\" data-image-meta=\"{&quot;aperture&quot;:&quot;11&quot;,&quot;credit&quot;:&quot;&quot;,&quot;camera&quot;:&quot;X-M1&quot;,&quot;caption&quot;:&quot;&quot;,&quot;created_timestamp&quot;:&quot;1534851176&quot;,&quot;copyright&quot;:&quot;&quot;,&quot;focal_length&quot;:&quot;16&quot;,&quot;iso&quot;:&quot;400&quot;,&quot;shutter_speed&quot;:&quot;0.0028571428571429&quot;,&quot;title&quot;:&quot;&quot;,&quot;orientation&quot;:&quot;0&quot;}\" data-image-title data-image-description data-image-caption data-medium-file=\"https:\/\/i0.wp.com\/www.iwheeltravel.com\/wp-content\/uploads\/2018\/09\/DSCF2220.jpg?fit=300%2C200&amp;ssl=1\" data-large-file=\"https:\/\/i0.wp.com\/www.iwheeltravel.com\/wp-content\/uploads\/2018\/09\/DSCF2220.jpg?fit=1000%2C667&amp;ssl=1\" tabindex=\"0\" role=\"button\" data-srcset=\"https:\/\/i0.wp.com\/www.iwheeltravel.com\/wp-content\/uploads\/2018\/09\/DSCF2220.jpg?resize=150%2C150&amp;ssl=1 150w, https:\/\/i0.wp.com\/www.iwheeltravel.com\/wp-content\/uploads\/2018\/09\/DSCF2220.jpg?zoom=2&amp;resize=150%2C150&amp;ssl=1 300w, https:\/\/i0.wp.com\/www.iwheeltravel.com\/wp-content\/uploads\/2018\/09\/DSCF2220.jpg?zoom=3&amp;resize=150%2C150&amp;ssl=1 450w\" data-src=\"https:\/\/i0.wp.com\/www.iwheeltravel.com\/wp-content\/uploads\/2018\/09\/DSCF2220.jpg?resize=150%2C150&amp;ssl=1\"><\/a>\n\t\t\t<\/dt><\/dl><dl class=\"gallery-item\">\n\t\t\t<dt class=\"gallery-icon portrait\">\n\t\t\t\t<a href=\"https:\/\/www.iwheeltravel.com\/en\/travel-france-handicap-hautes-pyrenees-aure-louron-valley-wheelchair\/img_e0985-2\/\"><noscript><img decoding=\"async\" width=\"150\" height=\"150\" src=\"https:\/\/i0.wp.com\/www.iwheeltravel.com\/wp-content\/uploads\/2018\/09\/IMG_E0985.jpg?resize=150%2C150&amp;ssl=1\" class=\"attachment-thumbnail size-thumbnail\" alt aria-describedby=\"gallery-1-11184\" srcset=\"https:\/\/i0.wp.com\/www.iwheeltravel.com\/wp-content\/uploads\/2018\/09\/IMG_E0985.jpg?resize=150%2C150&amp;ssl=1 150w, https:\/\/i0.wp.com\/www.iwheeltravel.com\/wp-content\/uploads\/2018\/09\/IMG_E0985.jpg?zoom=2&amp;resize=150%2C150&amp;ssl=1 300w, https:\/\/i0.wp.com\/www.iwheeltravel.com\/wp-content\/uploads\/2018\/09\/IMG_E0985.jpg?zoom=3&amp;resize=150%2C150&amp;ssl=1 450w\" sizes=\"(max-width: 150px) 100vw, 150px\" data-attachment-id=\"11184\" data-permalink=\"https:\/\/www.iwheeltravel.com\/en\/travel-france-handicap-hautes-pyrenees-aure-louron-valley-wheelchair\/img_e0985-2\/\" data-orig-file=\"https:\/\/i0.wp.com\/www.iwheeltravel.com\/wp-content\/uploads\/2018\/09\/IMG_E0985.jpg?fit=1058%2C1411&amp;ssl=1\" data-orig-size=\"1058,1411\" data-comments-opened=\"1\" data-image-meta=\"{&quot;aperture&quot;:&quot;1.8&quot;,&quot;credit&quot;:&quot;&quot;,&quot;camera&quot;:&quot;iPhone X&quot;,&quot;caption&quot;:&quot;&quot;,&quot;created_timestamp&quot;:&quot;1534862715&quot;,&quot;copyright&quot;:&quot;&quot;,&quot;focal_length&quot;:&quot;4&quot;,&quot;iso&quot;:&quot;20&quot;,&quot;shutter_speed&quot;:&quot;0.0045454545454545&quot;,&quot;title&quot;:&quot;&quot;,&quot;orientation&quot;:&quot;0&quot;}\" data-image-title data-image-description data-image-caption=\"&lt;p&gt;D\u00e9but du sentier d&#8217;interpr\u00e9tation du Moudang.&lt;\/p&gt;\n\" data-medium-file=\"https:\/\/i0.wp.com\/www.iwheeltravel.com\/wp-content\/uploads\/2018\/09\/IMG_E0985.jpg?fit=225%2C300&amp;ssl=1\" data-large-file=\"https:\/\/i0.wp.com\/www.iwheeltravel.com\/wp-content\/uploads\/2018\/09\/IMG_E0985.jpg?fit=768%2C1024&amp;ssl=1\" tabindex=\"0\" role=\"button\"><\/noscript><img decoding=\"async\" width=\"150\" height=\"150\" src=\"data:image\/svg+xml,%3Csvg%20xmlns%3D%22http%3A%2F%2Fwww.w3.org%2F2000%2Fsvg%22%20viewBox%3D%220%200%20150%20150%22%3E%3C%2Fsvg%3E\" class=\"attachment-thumbnail size-thumbnail lazyload\" alt aria-describedby=\"gallery-1-11184\" srcset=\"data:image\/svg+xml,%3Csvg%20xmlns%3D%22http%3A%2F%2Fwww.w3.org%2F2000%2Fsvg%22%20viewBox%3D%220%200%20150%20150%22%3E%3C%2Fsvg%3E 150w\" sizes=\"(max-width: 150px) 100vw, 150px\" data-attachment-id=\"11184\" data-permalink=\"https:\/\/www.iwheeltravel.com\/en\/travel-france-handicap-hautes-pyrenees-aure-louron-valley-wheelchair\/img_e0985-2\/\" data-orig-file=\"https:\/\/i0.wp.com\/www.iwheeltravel.com\/wp-content\/uploads\/2018\/09\/IMG_E0985.jpg?fit=1058%2C1411&amp;ssl=1\" data-orig-size=\"1058,1411\" data-comments-opened=\"1\" data-image-meta=\"{&quot;aperture&quot;:&quot;1.8&quot;,&quot;credit&quot;:&quot;&quot;,&quot;camera&quot;:&quot;iPhone X&quot;,&quot;caption&quot;:&quot;&quot;,&quot;created_timestamp&quot;:&quot;1534862715&quot;,&quot;copyright&quot;:&quot;&quot;,&quot;focal_length&quot;:&quot;4&quot;,&quot;iso&quot;:&quot;20&quot;,&quot;shutter_speed&quot;:&quot;0.0045454545454545&quot;,&quot;title&quot;:&quot;&quot;,&quot;orientation&quot;:&quot;0&quot;}\" data-image-title data-image-description data-image-caption=\"&lt;p&gt;D\u00e9but du sentier d&#8217;interpr\u00e9tation du Moudang.&lt;\/p&gt;\n\" data-medium-file=\"https:\/\/i0.wp.com\/www.iwheeltravel.com\/wp-content\/uploads\/2018\/09\/IMG_E0985.jpg?fit=225%2C300&amp;ssl=1\" data-large-file=\"https:\/\/i0.wp.com\/www.iwheeltravel.com\/wp-content\/uploads\/2018\/09\/IMG_E0985.jpg?fit=768%2C1024&amp;ssl=1\" tabindex=\"0\" role=\"button\" data-srcset=\"https:\/\/i0.wp.com\/www.iwheeltravel.com\/wp-content\/uploads\/2018\/09\/IMG_E0985.jpg?resize=150%2C150&amp;ssl=1 150w, https:\/\/i0.wp.com\/www.iwheeltravel.com\/wp-content\/uploads\/2018\/09\/IMG_E0985.jpg?zoom=2&amp;resize=150%2C150&amp;ssl=1 300w, https:\/\/i0.wp.com\/www.iwheeltravel.com\/wp-content\/uploads\/2018\/09\/IMG_E0985.jpg?zoom=3&amp;resize=150%2C150&amp;ssl=1 450w\" data-src=\"https:\/\/i0.wp.com\/www.iwheeltravel.com\/wp-content\/uploads\/2018\/09\/IMG_E0985.jpg?resize=150%2C150&amp;ssl=1\"><\/a>\n\t\t\t<\/dt>\n\t\t\t\t<dd class=\"wp-caption-text gallery-caption\" id=\"gallery-1-11184\">\n\t\t\t\tD\u00e9but du sentier d&#8217;interpr\u00e9tation du Moudang.\n\t\t\t\t<\/dd><\/dl><dl class=\"gallery-item\">\n\t\t\t<dt class=\"gallery-icon landscape\">\n\t\t\t\t<a href=\"https:\/\/www.iwheeltravel.com\/en\/travel-france-handicap-hautes-pyrenees-aure-louron-valley-wheelchair\/dscf2282-panorama-2\/\"><noscript><img decoding=\"async\" width=\"150\" height=\"150\" src=\"https:\/\/i0.wp.com\/www.iwheeltravel.com\/wp-content\/uploads\/2018\/09\/DSCF2282-Panorama.jpg?resize=150%2C150&amp;ssl=1\" class=\"attachment-thumbnail size-thumbnail\" alt aria-describedby=\"gallery-1-11183\" srcset=\"https:\/\/i0.wp.com\/www.iwheeltravel.com\/wp-content\/uploads\/2018\/09\/DSCF2282-Panorama.jpg?resize=150%2C150&amp;ssl=1 150w, https:\/\/i0.wp.com\/www.iwheeltravel.com\/wp-content\/uploads\/2018\/09\/DSCF2282-Panorama.jpg?zoom=2&amp;resize=150%2C150&amp;ssl=1 300w, https:\/\/i0.wp.com\/www.iwheeltravel.com\/wp-content\/uploads\/2018\/09\/DSCF2282-Panorama.jpg?zoom=3&amp;resize=150%2C150&amp;ssl=1 450w\" sizes=\"(max-width: 150px) 100vw, 150px\" data-attachment-id=\"11183\" data-permalink=\"https:\/\/www.iwheeltravel.com\/en\/travel-france-handicap-hautes-pyrenees-aure-louron-valley-wheelchair\/dscf2282-panorama-2\/\" data-orig-file=\"https:\/\/i0.wp.com\/www.iwheeltravel.com\/wp-content\/uploads\/2018\/09\/DSCF2282-Panorama.jpg?fit=3329%2C1305&amp;ssl=1\" data-orig-size=\"3329,1305\" data-comments-opened=\"1\" data-image-meta=\"{&quot;aperture&quot;:&quot;7.1&quot;,&quot;credit&quot;:&quot;&quot;,&quot;camera&quot;:&quot;X-M1&quot;,&quot;caption&quot;:&quot;&quot;,&quot;created_timestamp&quot;:&quot;1534867160&quot;,&quot;copyright&quot;:&quot;&quot;,&quot;focal_length&quot;:&quot;16&quot;,&quot;iso&quot;:&quot;400&quot;,&quot;shutter_speed&quot;:&quot;0.00083333333333333&quot;,&quot;title&quot;:&quot;&quot;,&quot;orientation&quot;:&quot;0&quot;}\" data-image-title data-image-description data-image-caption=\"&lt;p&gt;Col d&#8217;Azet&lt;\/p&gt;\n\" data-medium-file=\"https:\/\/i0.wp.com\/www.iwheeltravel.com\/wp-content\/uploads\/2018\/09\/DSCF2282-Panorama.jpg?fit=300%2C118&amp;ssl=1\" data-large-file=\"https:\/\/i0.wp.com\/www.iwheeltravel.com\/wp-content\/uploads\/2018\/09\/DSCF2282-Panorama.jpg?fit=1000%2C392&amp;ssl=1\" tabindex=\"0\" role=\"button\"><\/noscript><img decoding=\"async\" width=\"150\" height=\"150\" src=\"data:image\/svg+xml,%3Csvg%20xmlns%3D%22http%3A%2F%2Fwww.w3.org%2F2000%2Fsvg%22%20viewBox%3D%220%200%20150%20150%22%3E%3C%2Fsvg%3E\" class=\"attachment-thumbnail size-thumbnail lazyload\" alt aria-describedby=\"gallery-1-11183\" srcset=\"data:image\/svg+xml,%3Csvg%20xmlns%3D%22http%3A%2F%2Fwww.w3.org%2F2000%2Fsvg%22%20viewBox%3D%220%200%20150%20150%22%3E%3C%2Fsvg%3E 150w\" sizes=\"(max-width: 150px) 100vw, 150px\" data-attachment-id=\"11183\" data-permalink=\"https:\/\/www.iwheeltravel.com\/en\/travel-france-handicap-hautes-pyrenees-aure-louron-valley-wheelchair\/dscf2282-panorama-2\/\" data-orig-file=\"https:\/\/i0.wp.com\/www.iwheeltravel.com\/wp-content\/uploads\/2018\/09\/DSCF2282-Panorama.jpg?fit=3329%2C1305&amp;ssl=1\" data-orig-size=\"3329,1305\" data-comments-opened=\"1\" data-image-meta=\"{&quot;aperture&quot;:&quot;7.1&quot;,&quot;credit&quot;:&quot;&quot;,&quot;camera&quot;:&quot;X-M1&quot;,&quot;caption&quot;:&quot;&quot;,&quot;created_timestamp&quot;:&quot;1534867160&quot;,&quot;copyright&quot;:&quot;&quot;,&quot;focal_length&quot;:&quot;16&quot;,&quot;iso&quot;:&quot;400&quot;,&quot;shutter_speed&quot;:&quot;0.00083333333333333&quot;,&quot;title&quot;:&quot;&quot;,&quot;orientation&quot;:&quot;0&quot;}\" data-image-title data-image-description data-image-caption=\"&lt;p&gt;Col d&#8217;Azet&lt;\/p&gt;\n\" data-medium-file=\"https:\/\/i0.wp.com\/www.iwheeltravel.com\/wp-content\/uploads\/2018\/09\/DSCF2282-Panorama.jpg?fit=300%2C118&amp;ssl=1\" data-large-file=\"https:\/\/i0.wp.com\/www.iwheeltravel.com\/wp-content\/uploads\/2018\/09\/DSCF2282-Panorama.jpg?fit=1000%2C392&amp;ssl=1\" tabindex=\"0\" role=\"button\" data-srcset=\"https:\/\/i0.wp.com\/www.iwheeltravel.com\/wp-content\/uploads\/2018\/09\/DSCF2282-Panorama.jpg?resize=150%2C150&amp;ssl=1 150w, https:\/\/i0.wp.com\/www.iwheeltravel.com\/wp-content\/uploads\/2018\/09\/DSCF2282-Panorama.jpg?zoom=2&amp;resize=150%2C150&amp;ssl=1 300w, https:\/\/i0.wp.com\/www.iwheeltravel.com\/wp-content\/uploads\/2018\/09\/DSCF2282-Panorama.jpg?zoom=3&amp;resize=150%2C150&amp;ssl=1 450w\" data-src=\"https:\/\/i0.wp.com\/www.iwheeltravel.com\/wp-content\/uploads\/2018\/09\/DSCF2282-Panorama.jpg?resize=150%2C150&amp;ssl=1\"><\/a>\n\t\t\t<\/dt>\n\t\t\t\t<dd class=\"wp-caption-text gallery-caption\" id=\"gallery-1-11183\">\n\t\t\t\tCol d&#8217;Azet\n\t\t\t\t<\/dd><\/dl><br style=\"clear: both\"><dl class=\"gallery-item\">\n\t\t\t<dt class=\"gallery-icon landscape\">\n\t\t\t\t<a href=\"https:\/\/www.iwheeltravel.com\/en\/travel-france-handicap-hautes-pyrenees-aure-louron-valley-wheelchair\/dscf2421-2\/\"><noscript><img decoding=\"async\" width=\"150\" height=\"150\" src=\"https:\/\/i0.wp.com\/www.iwheeltravel.com\/wp-content\/uploads\/2018\/09\/DSCF2421.jpg?resize=150%2C150&amp;ssl=1\" class=\"attachment-thumbnail size-thumbnail\" alt aria-describedby=\"gallery-1-11181\" srcset=\"https:\/\/i0.wp.com\/www.iwheeltravel.com\/wp-content\/uploads\/2018\/09\/DSCF2421.jpg?resize=150%2C150&amp;ssl=1 150w, https:\/\/i0.wp.com\/www.iwheeltravel.com\/wp-content\/uploads\/2018\/09\/DSCF2421.jpg?zoom=2&amp;resize=150%2C150&amp;ssl=1 300w, https:\/\/i0.wp.com\/www.iwheeltravel.com\/wp-content\/uploads\/2018\/09\/DSCF2421.jpg?zoom=3&amp;resize=150%2C150&amp;ssl=1 450w\" sizes=\"(max-width: 150px) 100vw, 150px\" data-attachment-id=\"11181\" data-permalink=\"https:\/\/www.iwheeltravel.com\/en\/travel-france-handicap-hautes-pyrenees-aure-louron-valley-wheelchair\/dscf2421-2\/\" data-orig-file=\"https:\/\/i0.wp.com\/www.iwheeltravel.com\/wp-content\/uploads\/2018\/09\/DSCF2421.jpg?fit=1713%2C1142&amp;ssl=1\" data-orig-size=\"1713,1142\" data-comments-opened=\"1\" data-image-meta=\"{&quot;aperture&quot;:&quot;6.4&quot;,&quot;credit&quot;:&quot;&quot;,&quot;camera&quot;:&quot;X-M1&quot;,&quot;caption&quot;:&quot;&quot;,&quot;created_timestamp&quot;:&quot;1535015600&quot;,&quot;copyright&quot;:&quot;&quot;,&quot;focal_length&quot;:&quot;32.5&quot;,&quot;iso&quot;:&quot;400&quot;,&quot;shutter_speed&quot;:&quot;0.0022222222222222&quot;,&quot;title&quot;:&quot;&quot;,&quot;orientation&quot;:&quot;0&quot;}\" data-image-title data-image-description data-image-caption=\"&lt;p&gt;On prend le temps de faire connaissance avant la balade. &lt;\/p&gt;\n\" data-medium-file=\"https:\/\/i0.wp.com\/www.iwheeltravel.com\/wp-content\/uploads\/2018\/09\/DSCF2421.jpg?fit=300%2C200&amp;ssl=1\" data-large-file=\"https:\/\/i0.wp.com\/www.iwheeltravel.com\/wp-content\/uploads\/2018\/09\/DSCF2421.jpg?fit=1000%2C667&amp;ssl=1\" tabindex=\"0\" role=\"button\"><\/noscript><img decoding=\"async\" width=\"150\" height=\"150\" src=\"data:image\/svg+xml,%3Csvg%20xmlns%3D%22http%3A%2F%2Fwww.w3.org%2F2000%2Fsvg%22%20viewBox%3D%220%200%20150%20150%22%3E%3C%2Fsvg%3E\" class=\"attachment-thumbnail size-thumbnail lazyload\" alt aria-describedby=\"gallery-1-11181\" srcset=\"data:image\/svg+xml,%3Csvg%20xmlns%3D%22http%3A%2F%2Fwww.w3.org%2F2000%2Fsvg%22%20viewBox%3D%220%200%20150%20150%22%3E%3C%2Fsvg%3E 150w\" sizes=\"(max-width: 150px) 100vw, 150px\" data-attachment-id=\"11181\" data-permalink=\"https:\/\/www.iwheeltravel.com\/en\/travel-france-handicap-hautes-pyrenees-aure-louron-valley-wheelchair\/dscf2421-2\/\" data-orig-file=\"https:\/\/i0.wp.com\/www.iwheeltravel.com\/wp-content\/uploads\/2018\/09\/DSCF2421.jpg?fit=1713%2C1142&amp;ssl=1\" data-orig-size=\"1713,1142\" data-comments-opened=\"1\" data-image-meta=\"{&quot;aperture&quot;:&quot;6.4&quot;,&quot;credit&quot;:&quot;&quot;,&quot;camera&quot;:&quot;X-M1&quot;,&quot;caption&quot;:&quot;&quot;,&quot;created_timestamp&quot;:&quot;1535015600&quot;,&quot;copyright&quot;:&quot;&quot;,&quot;focal_length&quot;:&quot;32.5&quot;,&quot;iso&quot;:&quot;400&quot;,&quot;shutter_speed&quot;:&quot;0.0022222222222222&quot;,&quot;title&quot;:&quot;&quot;,&quot;orientation&quot;:&quot;0&quot;}\" data-image-title data-image-description data-image-caption=\"&lt;p&gt;On prend le temps de faire connaissance avant la balade. &lt;\/p&gt;\n\" data-medium-file=\"https:\/\/i0.wp.com\/www.iwheeltravel.com\/wp-content\/uploads\/2018\/09\/DSCF2421.jpg?fit=300%2C200&amp;ssl=1\" data-large-file=\"https:\/\/i0.wp.com\/www.iwheeltravel.com\/wp-content\/uploads\/2018\/09\/DSCF2421.jpg?fit=1000%2C667&amp;ssl=1\" tabindex=\"0\" role=\"button\" data-srcset=\"https:\/\/i0.wp.com\/www.iwheeltravel.com\/wp-content\/uploads\/2018\/09\/DSCF2421.jpg?resize=150%2C150&amp;ssl=1 150w, https:\/\/i0.wp.com\/www.iwheeltravel.com\/wp-content\/uploads\/2018\/09\/DSCF2421.jpg?zoom=2&amp;resize=150%2C150&amp;ssl=1 300w, https:\/\/i0.wp.com\/www.iwheeltravel.com\/wp-content\/uploads\/2018\/09\/DSCF2421.jpg?zoom=3&amp;resize=150%2C150&amp;ssl=1 450w\" data-src=\"https:\/\/i0.wp.com\/www.iwheeltravel.com\/wp-content\/uploads\/2018\/09\/DSCF2421.jpg?resize=150%2C150&amp;ssl=1\"><\/a>\n\t\t\t<\/dt>\n\t\t\t\t<dd class=\"wp-caption-text gallery-caption\" id=\"gallery-1-11181\">\n\t\t\t\tOn prend le temps de faire connaissance avant la balade. \n\t\t\t\t<\/dd><\/dl><dl class=\"gallery-item\">\n\t\t\t<dt class=\"gallery-icon landscape\">\n\t\t\t\t<a href=\"https:\/\/www.iwheeltravel.com\/en\/travel-france-handicap-hautes-pyrenees-aure-louron-valley-wheelchair\/dscf2439-2\/\"><noscript><img decoding=\"async\" width=\"150\" height=\"150\" src=\"https:\/\/i0.wp.com\/www.iwheeltravel.com\/wp-content\/uploads\/2018\/09\/DSCF2439.jpg?resize=150%2C150&amp;ssl=1\" class=\"attachment-thumbnail size-thumbnail\" alt aria-describedby=\"gallery-1-11178\" srcset=\"https:\/\/i0.wp.com\/www.iwheeltravel.com\/wp-content\/uploads\/2018\/09\/DSCF2439.jpg?resize=150%2C150&amp;ssl=1 150w, https:\/\/i0.wp.com\/www.iwheeltravel.com\/wp-content\/uploads\/2018\/09\/DSCF2439.jpg?zoom=2&amp;resize=150%2C150&amp;ssl=1 300w, https:\/\/i0.wp.com\/www.iwheeltravel.com\/wp-content\/uploads\/2018\/09\/DSCF2439.jpg?zoom=3&amp;resize=150%2C150&amp;ssl=1 450w\" sizes=\"(max-width: 150px) 100vw, 150px\" data-attachment-id=\"11178\" data-permalink=\"https:\/\/www.iwheeltravel.com\/en\/travel-france-handicap-hautes-pyrenees-aure-louron-valley-wheelchair\/dscf2439-2\/\" data-orig-file=\"https:\/\/i0.wp.com\/www.iwheeltravel.com\/wp-content\/uploads\/2018\/09\/DSCF2439.jpg?fit=1689%2C1126&amp;ssl=1\" data-orig-size=\"1689,1126\" data-comments-opened=\"1\" data-image-meta=\"{&quot;aperture&quot;:&quot;5.6&quot;,&quot;credit&quot;:&quot;&quot;,&quot;camera&quot;:&quot;X-M1&quot;,&quot;caption&quot;:&quot;&quot;,&quot;created_timestamp&quot;:&quot;1535017401&quot;,&quot;copyright&quot;:&quot;&quot;,&quot;focal_length&quot;:&quot;50&quot;,&quot;iso&quot;:&quot;400&quot;,&quot;shutter_speed&quot;:&quot;0.004&quot;,&quot;title&quot;:&quot;&quot;,&quot;orientation&quot;:&quot;0&quot;}\" data-image-title data-image-description data-image-caption=\"&lt;p&gt;L&#8217;attelage en pleine action !&lt;\/p&gt;\n\" data-medium-file=\"https:\/\/i0.wp.com\/www.iwheeltravel.com\/wp-content\/uploads\/2018\/09\/DSCF2439.jpg?fit=300%2C200&amp;ssl=1\" data-large-file=\"https:\/\/i0.wp.com\/www.iwheeltravel.com\/wp-content\/uploads\/2018\/09\/DSCF2439.jpg?fit=1000%2C667&amp;ssl=1\" tabindex=\"0\" role=\"button\"><\/noscript><img decoding=\"async\" width=\"150\" height=\"150\" src=\"data:image\/svg+xml,%3Csvg%20xmlns%3D%22http%3A%2F%2Fwww.w3.org%2F2000%2Fsvg%22%20viewBox%3D%220%200%20150%20150%22%3E%3C%2Fsvg%3E\" class=\"attachment-thumbnail size-thumbnail lazyload\" alt aria-describedby=\"gallery-1-11178\" srcset=\"data:image\/svg+xml,%3Csvg%20xmlns%3D%22http%3A%2F%2Fwww.w3.org%2F2000%2Fsvg%22%20viewBox%3D%220%200%20150%20150%22%3E%3C%2Fsvg%3E 150w\" sizes=\"(max-width: 150px) 100vw, 150px\" data-attachment-id=\"11178\" data-permalink=\"https:\/\/www.iwheeltravel.com\/en\/travel-france-handicap-hautes-pyrenees-aure-louron-valley-wheelchair\/dscf2439-2\/\" data-orig-file=\"https:\/\/i0.wp.com\/www.iwheeltravel.com\/wp-content\/uploads\/2018\/09\/DSCF2439.jpg?fit=1689%2C1126&amp;ssl=1\" data-orig-size=\"1689,1126\" data-comments-opened=\"1\" data-image-meta=\"{&quot;aperture&quot;:&quot;5.6&quot;,&quot;credit&quot;:&quot;&quot;,&quot;camera&quot;:&quot;X-M1&quot;,&quot;caption&quot;:&quot;&quot;,&quot;created_timestamp&quot;:&quot;1535017401&quot;,&quot;copyright&quot;:&quot;&quot;,&quot;focal_length&quot;:&quot;50&quot;,&quot;iso&quot;:&quot;400&quot;,&quot;shutter_speed&quot;:&quot;0.004&quot;,&quot;title&quot;:&quot;&quot;,&quot;orientation&quot;:&quot;0&quot;}\" data-image-title data-image-description data-image-caption=\"&lt;p&gt;L&#8217;attelage en pleine action !&lt;\/p&gt;\n\" data-medium-file=\"https:\/\/i0.wp.com\/www.iwheeltravel.com\/wp-content\/uploads\/2018\/09\/DSCF2439.jpg?fit=300%2C200&amp;ssl=1\" data-large-file=\"https:\/\/i0.wp.com\/www.iwheeltravel.com\/wp-content\/uploads\/2018\/09\/DSCF2439.jpg?fit=1000%2C667&amp;ssl=1\" tabindex=\"0\" role=\"button\" data-srcset=\"https:\/\/i0.wp.com\/www.iwheeltravel.com\/wp-content\/uploads\/2018\/09\/DSCF2439.jpg?resize=150%2C150&amp;ssl=1 150w, https:\/\/i0.wp.com\/www.iwheeltravel.com\/wp-content\/uploads\/2018\/09\/DSCF2439.jpg?zoom=2&amp;resize=150%2C150&amp;ssl=1 300w, https:\/\/i0.wp.com\/www.iwheeltravel.com\/wp-content\/uploads\/2018\/09\/DSCF2439.jpg?zoom=3&amp;resize=150%2C150&amp;ssl=1 450w\" data-src=\"https:\/\/i0.wp.com\/www.iwheeltravel.com\/wp-content\/uploads\/2018\/09\/DSCF2439.jpg?resize=150%2C150&amp;ssl=1\"><\/a>\n\t\t\t<\/dt>\n\t\t\t\t<dd class=\"wp-caption-text gallery-caption\" id=\"gallery-1-11178\">\n\t\t\t\tL&#8217;attelage en pleine action !\n\t\t\t\t<\/dd><\/dl><dl class=\"gallery-item\">\n\t\t\t<dt class=\"gallery-icon landscape\">\n\t\t\t\t<a href=\"https:\/\/www.iwheeltravel.com\/en\/travel-france-handicap-hautes-pyrenees-aure-louron-valley-wheelchair\/dscf2422-2\/\"><noscript><img decoding=\"async\" width=\"150\" height=\"150\" src=\"https:\/\/i0.wp.com\/www.iwheeltravel.com\/wp-content\/uploads\/2018\/09\/DSCF2422.jpg?resize=150%2C150&amp;ssl=1\" class=\"attachment-thumbnail size-thumbnail\" alt srcset=\"https:\/\/i0.wp.com\/www.iwheeltravel.com\/wp-content\/uploads\/2018\/09\/DSCF2422.jpg?resize=150%2C150&amp;ssl=1 150w, https:\/\/i0.wp.com\/www.iwheeltravel.com\/wp-content\/uploads\/2018\/09\/DSCF2422.jpg?zoom=2&amp;resize=150%2C150&amp;ssl=1 300w, https:\/\/i0.wp.com\/www.iwheeltravel.com\/wp-content\/uploads\/2018\/09\/DSCF2422.jpg?zoom=3&amp;resize=150%2C150&amp;ssl=1 450w\" sizes=\"(max-width: 150px) 100vw, 150px\" data-attachment-id=\"11180\" data-permalink=\"https:\/\/www.iwheeltravel.com\/en\/travel-france-handicap-hautes-pyrenees-aure-louron-valley-wheelchair\/dscf2422-2\/\" data-orig-file=\"https:\/\/i0.wp.com\/www.iwheeltravel.com\/wp-content\/uploads\/2018\/09\/DSCF2422.jpg?fit=1713%2C1142&amp;ssl=1\" data-orig-size=\"1713,1142\" data-comments-opened=\"1\" data-image-meta=\"{&quot;aperture&quot;:&quot;8&quot;,&quot;credit&quot;:&quot;&quot;,&quot;camera&quot;:&quot;X-M1&quot;,&quot;caption&quot;:&quot;&quot;,&quot;created_timestamp&quot;:&quot;1535015605&quot;,&quot;copyright&quot;:&quot;&quot;,&quot;focal_length&quot;:&quot;50&quot;,&quot;iso&quot;:&quot;200&quot;,&quot;shutter_speed&quot;:&quot;0.0023809523809524&quot;,&quot;title&quot;:&quot;&quot;,&quot;orientation&quot;:&quot;0&quot;}\" data-image-title data-image-description data-image-caption data-medium-file=\"https:\/\/i0.wp.com\/www.iwheeltravel.com\/wp-content\/uploads\/2018\/09\/DSCF2422.jpg?fit=300%2C200&amp;ssl=1\" data-large-file=\"https:\/\/i0.wp.com\/www.iwheeltravel.com\/wp-content\/uploads\/2018\/09\/DSCF2422.jpg?fit=1000%2C667&amp;ssl=1\" tabindex=\"0\" role=\"button\"><\/noscript><img decoding=\"async\" width=\"150\" height=\"150\" src=\"data:image\/svg+xml,%3Csvg%20xmlns%3D%22http%3A%2F%2Fwww.w3.org%2F2000%2Fsvg%22%20viewBox%3D%220%200%20150%20150%22%3E%3C%2Fsvg%3E\" class=\"attachment-thumbnail size-thumbnail lazyload\" alt srcset=\"data:image\/svg+xml,%3Csvg%20xmlns%3D%22http%3A%2F%2Fwww.w3.org%2F2000%2Fsvg%22%20viewBox%3D%220%200%20150%20150%22%3E%3C%2Fsvg%3E 150w\" sizes=\"(max-width: 150px) 100vw, 150px\" data-attachment-id=\"11180\" data-permalink=\"https:\/\/www.iwheeltravel.com\/en\/travel-france-handicap-hautes-pyrenees-aure-louron-valley-wheelchair\/dscf2422-2\/\" data-orig-file=\"https:\/\/i0.wp.com\/www.iwheeltravel.com\/wp-content\/uploads\/2018\/09\/DSCF2422.jpg?fit=1713%2C1142&amp;ssl=1\" data-orig-size=\"1713,1142\" data-comments-opened=\"1\" data-image-meta=\"{&quot;aperture&quot;:&quot;8&quot;,&quot;credit&quot;:&quot;&quot;,&quot;camera&quot;:&quot;X-M1&quot;,&quot;caption&quot;:&quot;&quot;,&quot;created_timestamp&quot;:&quot;1535015605&quot;,&quot;copyright&quot;:&quot;&quot;,&quot;focal_length&quot;:&quot;50&quot;,&quot;iso&quot;:&quot;200&quot;,&quot;shutter_speed&quot;:&quot;0.0023809523809524&quot;,&quot;title&quot;:&quot;&quot;,&quot;orientation&quot;:&quot;0&quot;}\" data-image-title data-image-description data-image-caption data-medium-file=\"https:\/\/i0.wp.com\/www.iwheeltravel.com\/wp-content\/uploads\/2018\/09\/DSCF2422.jpg?fit=300%2C200&amp;ssl=1\" data-large-file=\"https:\/\/i0.wp.com\/www.iwheeltravel.com\/wp-content\/uploads\/2018\/09\/DSCF2422.jpg?fit=1000%2C667&amp;ssl=1\" tabindex=\"0\" role=\"button\" data-srcset=\"https:\/\/i0.wp.com\/www.iwheeltravel.com\/wp-content\/uploads\/2018\/09\/DSCF2422.jpg?resize=150%2C150&amp;ssl=1 150w, https:\/\/i0.wp.com\/www.iwheeltravel.com\/wp-content\/uploads\/2018\/09\/DSCF2422.jpg?zoom=2&amp;resize=150%2C150&amp;ssl=1 300w, https:\/\/i0.wp.com\/www.iwheeltravel.com\/wp-content\/uploads\/2018\/09\/DSCF2422.jpg?zoom=3&amp;resize=150%2C150&amp;ssl=1 450w\" data-src=\"https:\/\/i0.wp.com\/www.iwheeltravel.com\/wp-content\/uploads\/2018\/09\/DSCF2422.jpg?resize=150%2C150&amp;ssl=1\"><\/a>\n\t\t\t<\/dt><\/dl><br style=\"clear: both\"><dl class=\"gallery-item\">\n\t\t\t<dt class=\"gallery-icon landscape\">\n\t\t\t\t<a href=\"https:\/\/www.iwheeltravel.com\/en\/travel-france-handicap-hautes-pyrenees-aure-louron-valley-wheelchair\/dscf2444-2\/\"><noscript><img decoding=\"async\" width=\"150\" height=\"150\" src=\"https:\/\/i0.wp.com\/www.iwheeltravel.com\/wp-content\/uploads\/2018\/09\/DSCF2444.jpg?resize=150%2C150&amp;ssl=1\" class=\"attachment-thumbnail size-thumbnail\" alt aria-describedby=\"gallery-1-11177\" srcset=\"https:\/\/i0.wp.com\/www.iwheeltravel.com\/wp-content\/uploads\/2018\/09\/DSCF2444.jpg?resize=150%2C150&amp;ssl=1 150w, https:\/\/i0.wp.com\/www.iwheeltravel.com\/wp-content\/uploads\/2018\/09\/DSCF2444.jpg?zoom=2&amp;resize=150%2C150&amp;ssl=1 300w, https:\/\/i0.wp.com\/www.iwheeltravel.com\/wp-content\/uploads\/2018\/09\/DSCF2444.jpg?zoom=3&amp;resize=150%2C150&amp;ssl=1 450w\" sizes=\"(max-width: 150px) 100vw, 150px\" data-attachment-id=\"11177\" data-permalink=\"https:\/\/www.iwheeltravel.com\/en\/travel-france-handicap-hautes-pyrenees-aure-louron-valley-wheelchair\/dscf2444-2\/\" data-orig-file=\"https:\/\/i0.wp.com\/www.iwheeltravel.com\/wp-content\/uploads\/2018\/09\/DSCF2444.jpg?fit=1713%2C1142&amp;ssl=1\" data-orig-size=\"1713,1142\" data-comments-opened=\"1\" data-image-meta=\"{&quot;aperture&quot;:&quot;5.6&quot;,&quot;credit&quot;:&quot;&quot;,&quot;camera&quot;:&quot;X-M1&quot;,&quot;caption&quot;:&quot;&quot;,&quot;created_timestamp&quot;:&quot;1535019881&quot;,&quot;copyright&quot;:&quot;&quot;,&quot;focal_length&quot;:&quot;46.7&quot;,&quot;iso&quot;:&quot;200&quot;,&quot;shutter_speed&quot;:&quot;0.004&quot;,&quot;title&quot;:&quot;&quot;,&quot;orientation&quot;:&quot;0&quot;}\" data-image-title data-image-description data-image-caption=\"&lt;p&gt;Un peu de p\u00e9dagogie avant la cani-rando.&lt;\/p&gt;\n\" data-medium-file=\"https:\/\/i0.wp.com\/www.iwheeltravel.com\/wp-content\/uploads\/2018\/09\/DSCF2444.jpg?fit=300%2C200&amp;ssl=1\" data-large-file=\"https:\/\/i0.wp.com\/www.iwheeltravel.com\/wp-content\/uploads\/2018\/09\/DSCF2444.jpg?fit=1000%2C667&amp;ssl=1\" tabindex=\"0\" role=\"button\"><\/noscript><img decoding=\"async\" width=\"150\" height=\"150\" src=\"data:image\/svg+xml,%3Csvg%20xmlns%3D%22http%3A%2F%2Fwww.w3.org%2F2000%2Fsvg%22%20viewBox%3D%220%200%20150%20150%22%3E%3C%2Fsvg%3E\" class=\"attachment-thumbnail size-thumbnail lazyload\" alt aria-describedby=\"gallery-1-11177\" srcset=\"data:image\/svg+xml,%3Csvg%20xmlns%3D%22http%3A%2F%2Fwww.w3.org%2F2000%2Fsvg%22%20viewBox%3D%220%200%20150%20150%22%3E%3C%2Fsvg%3E 150w\" sizes=\"(max-width: 150px) 100vw, 150px\" data-attachment-id=\"11177\" data-permalink=\"https:\/\/www.iwheeltravel.com\/en\/travel-france-handicap-hautes-pyrenees-aure-louron-valley-wheelchair\/dscf2444-2\/\" data-orig-file=\"https:\/\/i0.wp.com\/www.iwheeltravel.com\/wp-content\/uploads\/2018\/09\/DSCF2444.jpg?fit=1713%2C1142&amp;ssl=1\" data-orig-size=\"1713,1142\" data-comments-opened=\"1\" data-image-meta=\"{&quot;aperture&quot;:&quot;5.6&quot;,&quot;credit&quot;:&quot;&quot;,&quot;camera&quot;:&quot;X-M1&quot;,&quot;caption&quot;:&quot;&quot;,&quot;created_timestamp&quot;:&quot;1535019881&quot;,&quot;copyright&quot;:&quot;&quot;,&quot;focal_length&quot;:&quot;46.7&quot;,&quot;iso&quot;:&quot;200&quot;,&quot;shutter_speed&quot;:&quot;0.004&quot;,&quot;title&quot;:&quot;&quot;,&quot;orientation&quot;:&quot;0&quot;}\" data-image-title data-image-description data-image-caption=\"&lt;p&gt;Un peu de p\u00e9dagogie avant la cani-rando.&lt;\/p&gt;\n\" data-medium-file=\"https:\/\/i0.wp.com\/www.iwheeltravel.com\/wp-content\/uploads\/2018\/09\/DSCF2444.jpg?fit=300%2C200&amp;ssl=1\" data-large-file=\"https:\/\/i0.wp.com\/www.iwheeltravel.com\/wp-content\/uploads\/2018\/09\/DSCF2444.jpg?fit=1000%2C667&amp;ssl=1\" tabindex=\"0\" role=\"button\" data-srcset=\"https:\/\/i0.wp.com\/www.iwheeltravel.com\/wp-content\/uploads\/2018\/09\/DSCF2444.jpg?resize=150%2C150&amp;ssl=1 150w, https:\/\/i0.wp.com\/www.iwheeltravel.com\/wp-content\/uploads\/2018\/09\/DSCF2444.jpg?zoom=2&amp;resize=150%2C150&amp;ssl=1 300w, https:\/\/i0.wp.com\/www.iwheeltravel.com\/wp-content\/uploads\/2018\/09\/DSCF2444.jpg?zoom=3&amp;resize=150%2C150&amp;ssl=1 450w\" data-src=\"https:\/\/i0.wp.com\/www.iwheeltravel.com\/wp-content\/uploads\/2018\/09\/DSCF2444.jpg?resize=150%2C150&amp;ssl=1\"><\/a>\n\t\t\t<\/dt>\n\t\t\t\t<dd class=\"wp-caption-text gallery-caption\" id=\"gallery-1-11177\">\n\t\t\t\tUn peu de p\u00e9dagogie avant la cani-rando.\n\t\t\t\t<\/dd><\/dl><dl class=\"gallery-item\">\n\t\t\t<dt class=\"gallery-icon landscape\">\n\t\t\t\t<a href=\"https:\/\/www.iwheeltravel.com\/en\/travel-france-handicap-hautes-pyrenees-aure-louron-valley-wheelchair\/dscf2435-2\/\"><noscript><img decoding=\"async\" width=\"150\" height=\"150\" src=\"https:\/\/i0.wp.com\/www.iwheeltravel.com\/wp-content\/uploads\/2018\/09\/DSCF2435.jpg?resize=150%2C150&amp;ssl=1\" class=\"attachment-thumbnail size-thumbnail\" alt aria-describedby=\"gallery-1-11179\" srcset=\"https:\/\/i0.wp.com\/www.iwheeltravel.com\/wp-content\/uploads\/2018\/09\/DSCF2435.jpg?resize=150%2C150&amp;ssl=1 150w, https:\/\/i0.wp.com\/www.iwheeltravel.com\/wp-content\/uploads\/2018\/09\/DSCF2435.jpg?zoom=2&amp;resize=150%2C150&amp;ssl=1 300w, https:\/\/i0.wp.com\/www.iwheeltravel.com\/wp-content\/uploads\/2018\/09\/DSCF2435.jpg?zoom=3&amp;resize=150%2C150&amp;ssl=1 450w\" sizes=\"(max-width: 150px) 100vw, 150px\" data-attachment-id=\"11179\" data-permalink=\"https:\/\/www.iwheeltravel.com\/en\/travel-france-handicap-hautes-pyrenees-aure-louron-valley-wheelchair\/dscf2435-2\/\" data-orig-file=\"https:\/\/i0.wp.com\/www.iwheeltravel.com\/wp-content\/uploads\/2018\/09\/DSCF2435.jpg?fit=1713%2C1142&amp;ssl=1\" data-orig-size=\"1713,1142\" data-comments-opened=\"1\" data-image-meta=\"{&quot;aperture&quot;:&quot;7.1&quot;,&quot;credit&quot;:&quot;&quot;,&quot;camera&quot;:&quot;X-M1&quot;,&quot;caption&quot;:&quot;&quot;,&quot;created_timestamp&quot;:&quot;1535016825&quot;,&quot;copyright&quot;:&quot;&quot;,&quot;focal_length&quot;:&quot;16&quot;,&quot;iso&quot;:&quot;400&quot;,&quot;shutter_speed&quot;:&quot;0.0023809523809524&quot;,&quot;title&quot;:&quot;&quot;,&quot;orientation&quot;:&quot;0&quot;}\" data-image-title data-image-description data-image-caption=\"&lt;p&gt;Position dans le cani-kart.&lt;\/p&gt;\n\" data-medium-file=\"https:\/\/i0.wp.com\/www.iwheeltravel.com\/wp-content\/uploads\/2018\/09\/DSCF2435.jpg?fit=300%2C200&amp;ssl=1\" data-large-file=\"https:\/\/i0.wp.com\/www.iwheeltravel.com\/wp-content\/uploads\/2018\/09\/DSCF2435.jpg?fit=1000%2C667&amp;ssl=1\" tabindex=\"0\" role=\"button\"><\/noscript><img decoding=\"async\" width=\"150\" height=\"150\" src=\"data:image\/svg+xml,%3Csvg%20xmlns%3D%22http%3A%2F%2Fwww.w3.org%2F2000%2Fsvg%22%20viewBox%3D%220%200%20150%20150%22%3E%3C%2Fsvg%3E\" class=\"attachment-thumbnail size-thumbnail lazyload\" alt aria-describedby=\"gallery-1-11179\" srcset=\"data:image\/svg+xml,%3Csvg%20xmlns%3D%22http%3A%2F%2Fwww.w3.org%2F2000%2Fsvg%22%20viewBox%3D%220%200%20150%20150%22%3E%3C%2Fsvg%3E 150w\" sizes=\"(max-width: 150px) 100vw, 150px\" data-attachment-id=\"11179\" data-permalink=\"https:\/\/www.iwheeltravel.com\/en\/travel-france-handicap-hautes-pyrenees-aure-louron-valley-wheelchair\/dscf2435-2\/\" data-orig-file=\"https:\/\/i0.wp.com\/www.iwheeltravel.com\/wp-content\/uploads\/2018\/09\/DSCF2435.jpg?fit=1713%2C1142&amp;ssl=1\" data-orig-size=\"1713,1142\" data-comments-opened=\"1\" data-image-meta=\"{&quot;aperture&quot;:&quot;7.1&quot;,&quot;credit&quot;:&quot;&quot;,&quot;camera&quot;:&quot;X-M1&quot;,&quot;caption&quot;:&quot;&quot;,&quot;created_timestamp&quot;:&quot;1535016825&quot;,&quot;copyright&quot;:&quot;&quot;,&quot;focal_length&quot;:&quot;16&quot;,&quot;iso&quot;:&quot;400&quot;,&quot;shutter_speed&quot;:&quot;0.0023809523809524&quot;,&quot;title&quot;:&quot;&quot;,&quot;orientation&quot;:&quot;0&quot;}\" data-image-title data-image-description data-image-caption=\"&lt;p&gt;Position dans le cani-kart.&lt;\/p&gt;\n\" data-medium-file=\"https:\/\/i0.wp.com\/www.iwheeltravel.com\/wp-content\/uploads\/2018\/09\/DSCF2435.jpg?fit=300%2C200&amp;ssl=1\" data-large-file=\"https:\/\/i0.wp.com\/www.iwheeltravel.com\/wp-content\/uploads\/2018\/09\/DSCF2435.jpg?fit=1000%2C667&amp;ssl=1\" tabindex=\"0\" role=\"button\" data-srcset=\"https:\/\/i0.wp.com\/www.iwheeltravel.com\/wp-content\/uploads\/2018\/09\/DSCF2435.jpg?resize=150%2C150&amp;ssl=1 150w, https:\/\/i0.wp.com\/www.iwheeltravel.com\/wp-content\/uploads\/2018\/09\/DSCF2435.jpg?zoom=2&amp;resize=150%2C150&amp;ssl=1 300w, https:\/\/i0.wp.com\/www.iwheeltravel.com\/wp-content\/uploads\/2018\/09\/DSCF2435.jpg?zoom=3&amp;resize=150%2C150&amp;ssl=1 450w\" data-src=\"https:\/\/i0.wp.com\/www.iwheeltravel.com\/wp-content\/uploads\/2018\/09\/DSCF2435.jpg?resize=150%2C150&amp;ssl=1\"><\/a>\n\t\t\t<\/dt>\n\t\t\t\t<dd class=\"wp-caption-text gallery-caption\" id=\"gallery-1-11179\">\n\t\t\t\tPosition dans le cani-kart.\n\t\t\t\t<\/dd><\/dl><dl class=\"gallery-item\">\n\t\t\t<dt class=\"gallery-icon landscape\">\n\t\t\t\t<a href=\"https:\/\/www.iwheeltravel.com\/en\/travel-france-handicap-hautes-pyrenees-aure-louron-valley-wheelchair\/dscf2403-2\/\"><noscript><img decoding=\"async\" width=\"150\" height=\"150\" src=\"https:\/\/i0.wp.com\/www.iwheeltravel.com\/wp-content\/uploads\/2018\/09\/DSCF2403.jpg?resize=150%2C150&amp;ssl=1\" class=\"attachment-thumbnail size-thumbnail\" alt srcset=\"https:\/\/i0.wp.com\/www.iwheeltravel.com\/wp-content\/uploads\/2018\/09\/DSCF2403.jpg?resize=150%2C150&amp;ssl=1 150w, https:\/\/i0.wp.com\/www.iwheeltravel.com\/wp-content\/uploads\/2018\/09\/DSCF2403.jpg?zoom=2&amp;resize=150%2C150&amp;ssl=1 300w, https:\/\/i0.wp.com\/www.iwheeltravel.com\/wp-content\/uploads\/2018\/09\/DSCF2403.jpg?zoom=3&amp;resize=150%2C150&amp;ssl=1 450w\" sizes=\"(max-width: 150px) 100vw, 150px\" data-attachment-id=\"11182\" data-permalink=\"https:\/\/www.iwheeltravel.com\/en\/travel-france-handicap-hautes-pyrenees-aure-louron-valley-wheelchair\/dscf2403-2\/\" data-orig-file=\"https:\/\/i0.wp.com\/www.iwheeltravel.com\/wp-content\/uploads\/2018\/09\/DSCF2403.jpg?fit=1713%2C1142&amp;ssl=1\" data-orig-size=\"1713,1142\" data-comments-opened=\"1\" data-image-meta=\"{&quot;aperture&quot;:&quot;5.6&quot;,&quot;credit&quot;:&quot;&quot;,&quot;camera&quot;:&quot;X-M1&quot;,&quot;caption&quot;:&quot;&quot;,&quot;created_timestamp&quot;:&quot;1535014931&quot;,&quot;copyright&quot;:&quot;&quot;,&quot;focal_length&quot;:&quot;23.2&quot;,&quot;iso&quot;:&quot;400&quot;,&quot;shutter_speed&quot;:&quot;0.00625&quot;,&quot;title&quot;:&quot;&quot;,&quot;orientation&quot;:&quot;0&quot;}\" data-image-title data-image-description data-image-caption data-medium-file=\"https:\/\/i0.wp.com\/www.iwheeltravel.com\/wp-content\/uploads\/2018\/09\/DSCF2403.jpg?fit=300%2C200&amp;ssl=1\" data-large-file=\"https:\/\/i0.wp.com\/www.iwheeltravel.com\/wp-content\/uploads\/2018\/09\/DSCF2403.jpg?fit=1000%2C667&amp;ssl=1\" tabindex=\"0\" role=\"button\"><\/noscript><img decoding=\"async\" width=\"150\" height=\"150\" src=\"data:image\/svg+xml,%3Csvg%20xmlns%3D%22http%3A%2F%2Fwww.w3.org%2F2000%2Fsvg%22%20viewBox%3D%220%200%20150%20150%22%3E%3C%2Fsvg%3E\" class=\"attachment-thumbnail size-thumbnail lazyload\" alt srcset=\"data:image\/svg+xml,%3Csvg%20xmlns%3D%22http%3A%2F%2Fwww.w3.org%2F2000%2Fsvg%22%20viewBox%3D%220%200%20150%20150%22%3E%3C%2Fsvg%3E 150w\" sizes=\"(max-width: 150px) 100vw, 150px\" data-attachment-id=\"11182\" data-permalink=\"https:\/\/www.iwheeltravel.com\/en\/travel-france-handicap-hautes-pyrenees-aure-louron-valley-wheelchair\/dscf2403-2\/\" data-orig-file=\"https:\/\/i0.wp.com\/www.iwheeltravel.com\/wp-content\/uploads\/2018\/09\/DSCF2403.jpg?fit=1713%2C1142&amp;ssl=1\" data-orig-size=\"1713,1142\" data-comments-opened=\"1\" data-image-meta=\"{&quot;aperture&quot;:&quot;5.6&quot;,&quot;credit&quot;:&quot;&quot;,&quot;camera&quot;:&quot;X-M1&quot;,&quot;caption&quot;:&quot;&quot;,&quot;created_timestamp&quot;:&quot;1535014931&quot;,&quot;copyright&quot;:&quot;&quot;,&quot;focal_length&quot;:&quot;23.2&quot;,&quot;iso&quot;:&quot;400&quot;,&quot;shutter_speed&quot;:&quot;0.00625&quot;,&quot;title&quot;:&quot;&quot;,&quot;orientation&quot;:&quot;0&quot;}\" data-image-title data-image-description data-image-caption data-medium-file=\"https:\/\/i0.wp.com\/www.iwheeltravel.com\/wp-content\/uploads\/2018\/09\/DSCF2403.jpg?fit=300%2C200&amp;ssl=1\" data-large-file=\"https:\/\/i0.wp.com\/www.iwheeltravel.com\/wp-content\/uploads\/2018\/09\/DSCF2403.jpg?fit=1000%2C667&amp;ssl=1\" tabindex=\"0\" role=\"button\" data-srcset=\"https:\/\/i0.wp.com\/www.iwheeltravel.com\/wp-content\/uploads\/2018\/09\/DSCF2403.jpg?resize=150%2C150&amp;ssl=1 150w, https:\/\/i0.wp.com\/www.iwheeltravel.com\/wp-content\/uploads\/2018\/09\/DSCF2403.jpg?zoom=2&amp;resize=150%2C150&amp;ssl=1 300w, https:\/\/i0.wp.com\/www.iwheeltravel.com\/wp-content\/uploads\/2018\/09\/DSCF2403.jpg?zoom=3&amp;resize=150%2C150&amp;ssl=1 450w\" data-src=\"https:\/\/i0.wp.com\/www.iwheeltravel.com\/wp-content\/uploads\/2018\/09\/DSCF2403.jpg?resize=150%2C150&amp;ssl=1\"><\/a>\n\t\t\t<\/dt><\/dl><br style=\"clear: both\"><dl class=\"gallery-item\">\n\t\t\t<dt class=\"gallery-icon landscape\">\n\t\t\t\t<a href=\"https:\/\/www.iwheeltravel.com\/en\/travel-france-handicap-hautes-pyrenees-aure-louron-valley-wheelchair\/dscf2455-2\/\"><noscript><img decoding=\"async\" width=\"150\" height=\"150\" src=\"https:\/\/i0.wp.com\/www.iwheeltravel.com\/wp-content\/uploads\/2018\/09\/DSCF2455.jpg?resize=150%2C150&amp;ssl=1\" class=\"attachment-thumbnail size-thumbnail\" alt aria-describedby=\"gallery-1-11175\" srcset=\"https:\/\/i0.wp.com\/www.iwheeltravel.com\/wp-content\/uploads\/2018\/09\/DSCF2455.jpg?resize=150%2C150&amp;ssl=1 150w, https:\/\/i0.wp.com\/www.iwheeltravel.com\/wp-content\/uploads\/2018\/09\/DSCF2455.jpg?zoom=2&amp;resize=150%2C150&amp;ssl=1 300w, https:\/\/i0.wp.com\/www.iwheeltravel.com\/wp-content\/uploads\/2018\/09\/DSCF2455.jpg?zoom=3&amp;resize=150%2C150&amp;ssl=1 450w\" sizes=\"(max-width: 150px) 100vw, 150px\" data-attachment-id=\"11175\" data-permalink=\"https:\/\/www.iwheeltravel.com\/en\/travel-france-handicap-hautes-pyrenees-aure-louron-valley-wheelchair\/dscf2455-2\/\" data-orig-file=\"https:\/\/i0.wp.com\/www.iwheeltravel.com\/wp-content\/uploads\/2018\/09\/DSCF2455.jpg?fit=1713%2C1142&amp;ssl=1\" data-orig-size=\"1713,1142\" data-comments-opened=\"1\" data-image-meta=\"{&quot;aperture&quot;:&quot;3.5&quot;,&quot;credit&quot;:&quot;&quot;,&quot;camera&quot;:&quot;X-M1&quot;,&quot;caption&quot;:&quot;&quot;,&quot;created_timestamp&quot;:&quot;1535116540&quot;,&quot;copyright&quot;:&quot;&quot;,&quot;focal_length&quot;:&quot;16&quot;,&quot;iso&quot;:&quot;1600&quot;,&quot;shutter_speed&quot;:&quot;0.008&quot;,&quot;title&quot;:&quot;&quot;,&quot;orientation&quot;:&quot;0&quot;}\" data-image-title data-image-description data-image-caption=\"&lt;p&gt;Brossage de Doolyne.&lt;\/p&gt;\n\" data-medium-file=\"https:\/\/i0.wp.com\/www.iwheeltravel.com\/wp-content\/uploads\/2018\/09\/DSCF2455.jpg?fit=300%2C200&amp;ssl=1\" data-large-file=\"https:\/\/i0.wp.com\/www.iwheeltravel.com\/wp-content\/uploads\/2018\/09\/DSCF2455.jpg?fit=1000%2C667&amp;ssl=1\" tabindex=\"0\" role=\"button\"><\/noscript><img decoding=\"async\" width=\"150\" height=\"150\" src=\"data:image\/svg+xml,%3Csvg%20xmlns%3D%22http%3A%2F%2Fwww.w3.org%2F2000%2Fsvg%22%20viewBox%3D%220%200%20150%20150%22%3E%3C%2Fsvg%3E\" class=\"attachment-thumbnail size-thumbnail lazyload\" alt aria-describedby=\"gallery-1-11175\" srcset=\"data:image\/svg+xml,%3Csvg%20xmlns%3D%22http%3A%2F%2Fwww.w3.org%2F2000%2Fsvg%22%20viewBox%3D%220%200%20150%20150%22%3E%3C%2Fsvg%3E 150w\" sizes=\"(max-width: 150px) 100vw, 150px\" data-attachment-id=\"11175\" data-permalink=\"https:\/\/www.iwheeltravel.com\/en\/travel-france-handicap-hautes-pyrenees-aure-louron-valley-wheelchair\/dscf2455-2\/\" data-orig-file=\"https:\/\/i0.wp.com\/www.iwheeltravel.com\/wp-content\/uploads\/2018\/09\/DSCF2455.jpg?fit=1713%2C1142&amp;ssl=1\" data-orig-size=\"1713,1142\" data-comments-opened=\"1\" data-image-meta=\"{&quot;aperture&quot;:&quot;3.5&quot;,&quot;credit&quot;:&quot;&quot;,&quot;camera&quot;:&quot;X-M1&quot;,&quot;caption&quot;:&quot;&quot;,&quot;created_timestamp&quot;:&quot;1535116540&quot;,&quot;copyright&quot;:&quot;&quot;,&quot;focal_length&quot;:&quot;16&quot;,&quot;iso&quot;:&quot;1600&quot;,&quot;shutter_speed&quot;:&quot;0.008&quot;,&quot;title&quot;:&quot;&quot;,&quot;orientation&quot;:&quot;0&quot;}\" data-image-title data-image-description data-image-caption=\"&lt;p&gt;Brossage de Doolyne.&lt;\/p&gt;\n\" data-medium-file=\"https:\/\/i0.wp.com\/www.iwheeltravel.com\/wp-content\/uploads\/2018\/09\/DSCF2455.jpg?fit=300%2C200&amp;ssl=1\" data-large-file=\"https:\/\/i0.wp.com\/www.iwheeltravel.com\/wp-content\/uploads\/2018\/09\/DSCF2455.jpg?fit=1000%2C667&amp;ssl=1\" tabindex=\"0\" role=\"button\" data-srcset=\"https:\/\/i0.wp.com\/www.iwheeltravel.com\/wp-content\/uploads\/2018\/09\/DSCF2455.jpg?resize=150%2C150&amp;ssl=1 150w, https:\/\/i0.wp.com\/www.iwheeltravel.com\/wp-content\/uploads\/2018\/09\/DSCF2455.jpg?zoom=2&amp;resize=150%2C150&amp;ssl=1 300w, https:\/\/i0.wp.com\/www.iwheeltravel.com\/wp-content\/uploads\/2018\/09\/DSCF2455.jpg?zoom=3&amp;resize=150%2C150&amp;ssl=1 450w\" data-src=\"https:\/\/i0.wp.com\/www.iwheeltravel.com\/wp-content\/uploads\/2018\/09\/DSCF2455.jpg?resize=150%2C150&amp;ssl=1\"><\/a>\n\t\t\t<\/dt>\n\t\t\t\t<dd class=\"wp-caption-text gallery-caption\" id=\"gallery-1-11175\">\n\t\t\t\tBrossage de Doolyne.\n\t\t\t\t<\/dd><\/dl><dl class=\"gallery-item\">\n\t\t\t<dt class=\"gallery-icon landscape\">\n\t\t\t\t<a href=\"https:\/\/www.iwheeltravel.com\/en\/travel-france-handicap-hautes-pyrenees-aure-louron-valley-wheelchair\/dscf2458-2\/\"><noscript><img decoding=\"async\" width=\"150\" height=\"150\" src=\"https:\/\/i0.wp.com\/www.iwheeltravel.com\/wp-content\/uploads\/2018\/09\/DSCF2458.jpg?resize=150%2C150&amp;ssl=1\" class=\"attachment-thumbnail size-thumbnail\" alt srcset=\"https:\/\/i0.wp.com\/www.iwheeltravel.com\/wp-content\/uploads\/2018\/09\/DSCF2458.jpg?resize=150%2C150&amp;ssl=1 150w, https:\/\/i0.wp.com\/www.iwheeltravel.com\/wp-content\/uploads\/2018\/09\/DSCF2458.jpg?zoom=2&amp;resize=150%2C150&amp;ssl=1 300w, https:\/\/i0.wp.com\/www.iwheeltravel.com\/wp-content\/uploads\/2018\/09\/DSCF2458.jpg?zoom=3&amp;resize=150%2C150&amp;ssl=1 450w\" sizes=\"(max-width: 150px) 100vw, 150px\" data-attachment-id=\"11174\" data-permalink=\"https:\/\/www.iwheeltravel.com\/en\/travel-france-handicap-hautes-pyrenees-aure-louron-valley-wheelchair\/dscf2458-2\/\" data-orig-file=\"https:\/\/i0.wp.com\/www.iwheeltravel.com\/wp-content\/uploads\/2018\/09\/DSCF2458.jpg?fit=1713%2C1142&amp;ssl=1\" data-orig-size=\"1713,1142\" data-comments-opened=\"1\" data-image-meta=\"{&quot;aperture&quot;:&quot;4.2&quot;,&quot;credit&quot;:&quot;&quot;,&quot;camera&quot;:&quot;X-M1&quot;,&quot;caption&quot;:&quot;&quot;,&quot;created_timestamp&quot;:&quot;1535116761&quot;,&quot;copyright&quot;:&quot;&quot;,&quot;focal_length&quot;:&quot;23.2&quot;,&quot;iso&quot;:&quot;6400&quot;,&quot;shutter_speed&quot;:&quot;0.0083333333333333&quot;,&quot;title&quot;:&quot;&quot;,&quot;orientation&quot;:&quot;0&quot;}\" data-image-title data-image-description data-image-caption data-medium-file=\"https:\/\/i0.wp.com\/www.iwheeltravel.com\/wp-content\/uploads\/2018\/09\/DSCF2458.jpg?fit=300%2C200&amp;ssl=1\" data-large-file=\"https:\/\/i0.wp.com\/www.iwheeltravel.com\/wp-content\/uploads\/2018\/09\/DSCF2458.jpg?fit=1000%2C667&amp;ssl=1\" tabindex=\"0\" role=\"button\"><\/noscript><img decoding=\"async\" width=\"150\" height=\"150\" src=\"data:image\/svg+xml,%3Csvg%20xmlns%3D%22http%3A%2F%2Fwww.w3.org%2F2000%2Fsvg%22%20viewBox%3D%220%200%20150%20150%22%3E%3C%2Fsvg%3E\" class=\"attachment-thumbnail size-thumbnail lazyload\" alt srcset=\"data:image\/svg+xml,%3Csvg%20xmlns%3D%22http%3A%2F%2Fwww.w3.org%2F2000%2Fsvg%22%20viewBox%3D%220%200%20150%20150%22%3E%3C%2Fsvg%3E 150w\" sizes=\"(max-width: 150px) 100vw, 150px\" data-attachment-id=\"11174\" data-permalink=\"https:\/\/www.iwheeltravel.com\/en\/travel-france-handicap-hautes-pyrenees-aure-louron-valley-wheelchair\/dscf2458-2\/\" data-orig-file=\"https:\/\/i0.wp.com\/www.iwheeltravel.com\/wp-content\/uploads\/2018\/09\/DSCF2458.jpg?fit=1713%2C1142&amp;ssl=1\" data-orig-size=\"1713,1142\" data-comments-opened=\"1\" data-image-meta=\"{&quot;aperture&quot;:&quot;4.2&quot;,&quot;credit&quot;:&quot;&quot;,&quot;camera&quot;:&quot;X-M1&quot;,&quot;caption&quot;:&quot;&quot;,&quot;created_timestamp&quot;:&quot;1535116761&quot;,&quot;copyright&quot;:&quot;&quot;,&quot;focal_length&quot;:&quot;23.2&quot;,&quot;iso&quot;:&quot;6400&quot;,&quot;shutter_speed&quot;:&quot;0.0083333333333333&quot;,&quot;title&quot;:&quot;&quot;,&quot;orientation&quot;:&quot;0&quot;}\" data-image-title data-image-description data-image-caption data-medium-file=\"https:\/\/i0.wp.com\/www.iwheeltravel.com\/wp-content\/uploads\/2018\/09\/DSCF2458.jpg?fit=300%2C200&amp;ssl=1\" data-large-file=\"https:\/\/i0.wp.com\/www.iwheeltravel.com\/wp-content\/uploads\/2018\/09\/DSCF2458.jpg?fit=1000%2C667&amp;ssl=1\" tabindex=\"0\" role=\"button\" data-srcset=\"https:\/\/i0.wp.com\/www.iwheeltravel.com\/wp-content\/uploads\/2018\/09\/DSCF2458.jpg?resize=150%2C150&amp;ssl=1 150w, https:\/\/i0.wp.com\/www.iwheeltravel.com\/wp-content\/uploads\/2018\/09\/DSCF2458.jpg?zoom=2&amp;resize=150%2C150&amp;ssl=1 300w, https:\/\/i0.wp.com\/www.iwheeltravel.com\/wp-content\/uploads\/2018\/09\/DSCF2458.jpg?zoom=3&amp;resize=150%2C150&amp;ssl=1 450w\" data-src=\"https:\/\/i0.wp.com\/www.iwheeltravel.com\/wp-content\/uploads\/2018\/09\/DSCF2458.jpg?resize=150%2C150&amp;ssl=1\"><\/a>\n\t\t\t<\/dt><\/dl><dl class=\"gallery-item\">\n\t\t\t<dt class=\"gallery-icon landscape\">\n\t\t\t\t<a href=\"https:\/\/www.iwheeltravel.com\/en\/travel-france-handicap-hautes-pyrenees-aure-louron-valley-wheelchair\/dscf2467-2\/\"><noscript><img decoding=\"async\" width=\"150\" height=\"150\" src=\"https:\/\/i0.wp.com\/www.iwheeltravel.com\/wp-content\/uploads\/2018\/09\/DSCF2467.jpg?resize=150%2C150&amp;ssl=1\" class=\"attachment-thumbnail size-thumbnail\" alt aria-describedby=\"gallery-1-11173\" srcset=\"https:\/\/i0.wp.com\/www.iwheeltravel.com\/wp-content\/uploads\/2018\/09\/DSCF2467.jpg?resize=150%2C150&amp;ssl=1 150w, https:\/\/i0.wp.com\/www.iwheeltravel.com\/wp-content\/uploads\/2018\/09\/DSCF2467.jpg?zoom=2&amp;resize=150%2C150&amp;ssl=1 300w, https:\/\/i0.wp.com\/www.iwheeltravel.com\/wp-content\/uploads\/2018\/09\/DSCF2467.jpg?zoom=3&amp;resize=150%2C150&amp;ssl=1 450w\" sizes=\"(max-width: 150px) 100vw, 150px\" data-attachment-id=\"11173\" data-permalink=\"https:\/\/www.iwheeltravel.com\/en\/travel-france-handicap-hautes-pyrenees-aure-louron-valley-wheelchair\/dscf2467-2\/\" data-orig-file=\"https:\/\/i0.wp.com\/www.iwheeltravel.com\/wp-content\/uploads\/2018\/09\/DSCF2467.jpg?fit=1713%2C1142&amp;ssl=1\" data-orig-size=\"1713,1142\" data-comments-opened=\"1\" data-image-meta=\"{&quot;aperture&quot;:&quot;5.6&quot;,&quot;credit&quot;:&quot;&quot;,&quot;camera&quot;:&quot;X-M1&quot;,&quot;caption&quot;:&quot;&quot;,&quot;created_timestamp&quot;:&quot;1535117762&quot;,&quot;copyright&quot;:&quot;&quot;,&quot;focal_length&quot;:&quot;20.1&quot;,&quot;iso&quot;:&quot;400&quot;,&quot;shutter_speed&quot;:&quot;0.003125&quot;,&quot;title&quot;:&quot;&quot;,&quot;orientation&quot;:&quot;0&quot;}\" data-image-title data-image-description data-image-caption=\"&lt;p&gt;Transfert sur le cheval \u00e0 partir de la rampe.&lt;\/p&gt;\n\" data-medium-file=\"https:\/\/i0.wp.com\/www.iwheeltravel.com\/wp-content\/uploads\/2018\/09\/DSCF2467.jpg?fit=300%2C200&amp;ssl=1\" data-large-file=\"https:\/\/i0.wp.com\/www.iwheeltravel.com\/wp-content\/uploads\/2018\/09\/DSCF2467.jpg?fit=1000%2C667&amp;ssl=1\" tabindex=\"0\" role=\"button\"><\/noscript><img decoding=\"async\" width=\"150\" height=\"150\" src=\"data:image\/svg+xml,%3Csvg%20xmlns%3D%22http%3A%2F%2Fwww.w3.org%2F2000%2Fsvg%22%20viewBox%3D%220%200%20150%20150%22%3E%3C%2Fsvg%3E\" class=\"attachment-thumbnail size-thumbnail lazyload\" alt aria-describedby=\"gallery-1-11173\" srcset=\"data:image\/svg+xml,%3Csvg%20xmlns%3D%22http%3A%2F%2Fwww.w3.org%2F2000%2Fsvg%22%20viewBox%3D%220%200%20150%20150%22%3E%3C%2Fsvg%3E 150w\" sizes=\"(max-width: 150px) 100vw, 150px\" data-attachment-id=\"11173\" data-permalink=\"https:\/\/www.iwheeltravel.com\/en\/travel-france-handicap-hautes-pyrenees-aure-louron-valley-wheelchair\/dscf2467-2\/\" data-orig-file=\"https:\/\/i0.wp.com\/www.iwheeltravel.com\/wp-content\/uploads\/2018\/09\/DSCF2467.jpg?fit=1713%2C1142&amp;ssl=1\" data-orig-size=\"1713,1142\" data-comments-opened=\"1\" data-image-meta=\"{&quot;aperture&quot;:&quot;5.6&quot;,&quot;credit&quot;:&quot;&quot;,&quot;camera&quot;:&quot;X-M1&quot;,&quot;caption&quot;:&quot;&quot;,&quot;created_timestamp&quot;:&quot;1535117762&quot;,&quot;copyright&quot;:&quot;&quot;,&quot;focal_length&quot;:&quot;20.1&quot;,&quot;iso&quot;:&quot;400&quot;,&quot;shutter_speed&quot;:&quot;0.003125&quot;,&quot;title&quot;:&quot;&quot;,&quot;orientation&quot;:&quot;0&quot;}\" data-image-title data-image-description data-image-caption=\"&lt;p&gt;Transfert sur le cheval \u00e0 partir de la rampe.&lt;\/p&gt;\n\" data-medium-file=\"https:\/\/i0.wp.com\/www.iwheeltravel.com\/wp-content\/uploads\/2018\/09\/DSCF2467.jpg?fit=300%2C200&amp;ssl=1\" data-large-file=\"https:\/\/i0.wp.com\/www.iwheeltravel.com\/wp-content\/uploads\/2018\/09\/DSCF2467.jpg?fit=1000%2C667&amp;ssl=1\" tabindex=\"0\" role=\"button\" data-srcset=\"https:\/\/i0.wp.com\/www.iwheeltravel.com\/wp-content\/uploads\/2018\/09\/DSCF2467.jpg?resize=150%2C150&amp;ssl=1 150w, https:\/\/i0.wp.com\/www.iwheeltravel.com\/wp-content\/uploads\/2018\/09\/DSCF2467.jpg?zoom=2&amp;resize=150%2C150&amp;ssl=1 300w, https:\/\/i0.wp.com\/www.iwheeltravel.com\/wp-content\/uploads\/2018\/09\/DSCF2467.jpg?zoom=3&amp;resize=150%2C150&amp;ssl=1 450w\" data-src=\"https:\/\/i0.wp.com\/www.iwheeltravel.com\/wp-content\/uploads\/2018\/09\/DSCF2467.jpg?resize=150%2C150&amp;ssl=1\"><\/a>\n\t\t\t<\/dt>\n\t\t\t\t<dd class=\"wp-caption-text gallery-caption\" id=\"gallery-1-11173\">\n\t\t\t\tTransfert sur le cheval \u00e0 partir de la rampe.\n\t\t\t\t<\/dd><\/dl><br style=\"clear: both\"><dl class=\"gallery-item\">\n\t\t\t<dt class=\"gallery-icon landscape\">\n\t\t\t\t<a href=\"https:\/\/www.iwheeltravel.com\/en\/travel-france-handicap-hautes-pyrenees-aure-louron-valley-wheelchair\/dscf2471-2\/\"><noscript><img decoding=\"async\" width=\"150\" height=\"150\" src=\"https:\/\/i0.wp.com\/www.iwheeltravel.com\/wp-content\/uploads\/2018\/09\/DSCF2471.jpg?resize=150%2C150&amp;ssl=1\" class=\"attachment-thumbnail size-thumbnail\" alt srcset=\"https:\/\/i0.wp.com\/www.iwheeltravel.com\/wp-content\/uploads\/2018\/09\/DSCF2471.jpg?resize=150%2C150&amp;ssl=1 150w, https:\/\/i0.wp.com\/www.iwheeltravel.com\/wp-content\/uploads\/2018\/09\/DSCF2471.jpg?zoom=2&amp;resize=150%2C150&amp;ssl=1 300w, https:\/\/i0.wp.com\/www.iwheeltravel.com\/wp-content\/uploads\/2018\/09\/DSCF2471.jpg?zoom=3&amp;resize=150%2C150&amp;ssl=1 450w\" sizes=\"(max-width: 150px) 100vw, 150px\" data-attachment-id=\"11172\" data-permalink=\"https:\/\/www.iwheeltravel.com\/en\/travel-france-handicap-hautes-pyrenees-aure-louron-valley-wheelchair\/dscf2471-2\/\" data-orig-file=\"https:\/\/i0.wp.com\/www.iwheeltravel.com\/wp-content\/uploads\/2018\/09\/DSCF2471.jpg?fit=1713%2C1142&amp;ssl=1\" data-orig-size=\"1713,1142\" data-comments-opened=\"1\" data-image-meta=\"{&quot;aperture&quot;:&quot;4.5&quot;,&quot;credit&quot;:&quot;&quot;,&quot;camera&quot;:&quot;X-M1&quot;,&quot;caption&quot;:&quot;&quot;,&quot;created_timestamp&quot;:&quot;1535117925&quot;,&quot;copyright&quot;:&quot;&quot;,&quot;focal_length&quot;:&quot;23.2&quot;,&quot;iso&quot;:&quot;400&quot;,&quot;shutter_speed&quot;:&quot;0.008&quot;,&quot;title&quot;:&quot;&quot;,&quot;orientation&quot;:&quot;0&quot;}\" data-image-title data-image-description data-image-caption data-medium-file=\"https:\/\/i0.wp.com\/www.iwheeltravel.com\/wp-content\/uploads\/2018\/09\/DSCF2471.jpg?fit=300%2C200&amp;ssl=1\" data-large-file=\"https:\/\/i0.wp.com\/www.iwheeltravel.com\/wp-content\/uploads\/2018\/09\/DSCF2471.jpg?fit=1000%2C667&amp;ssl=1\" tabindex=\"0\" role=\"button\"><\/noscript><img decoding=\"async\" width=\"150\" height=\"150\" src=\"data:image\/svg+xml,%3Csvg%20xmlns%3D%22http%3A%2F%2Fwww.w3.org%2F2000%2Fsvg%22%20viewBox%3D%220%200%20150%20150%22%3E%3C%2Fsvg%3E\" class=\"attachment-thumbnail size-thumbnail lazyload\" alt srcset=\"data:image\/svg+xml,%3Csvg%20xmlns%3D%22http%3A%2F%2Fwww.w3.org%2F2000%2Fsvg%22%20viewBox%3D%220%200%20150%20150%22%3E%3C%2Fsvg%3E 150w\" sizes=\"(max-width: 150px) 100vw, 150px\" data-attachment-id=\"11172\" data-permalink=\"https:\/\/www.iwheeltravel.com\/en\/travel-france-handicap-hautes-pyrenees-aure-louron-valley-wheelchair\/dscf2471-2\/\" data-orig-file=\"https:\/\/i0.wp.com\/www.iwheeltravel.com\/wp-content\/uploads\/2018\/09\/DSCF2471.jpg?fit=1713%2C1142&amp;ssl=1\" data-orig-size=\"1713,1142\" data-comments-opened=\"1\" data-image-meta=\"{&quot;aperture&quot;:&quot;4.5&quot;,&quot;credit&quot;:&quot;&quot;,&quot;camera&quot;:&quot;X-M1&quot;,&quot;caption&quot;:&quot;&quot;,&quot;created_timestamp&quot;:&quot;1535117925&quot;,&quot;copyright&quot;:&quot;&quot;,&quot;focal_length&quot;:&quot;23.2&quot;,&quot;iso&quot;:&quot;400&quot;,&quot;shutter_speed&quot;:&quot;0.008&quot;,&quot;title&quot;:&quot;&quot;,&quot;orientation&quot;:&quot;0&quot;}\" data-image-title data-image-description data-image-caption data-medium-file=\"https:\/\/i0.wp.com\/www.iwheeltravel.com\/wp-content\/uploads\/2018\/09\/DSCF2471.jpg?fit=300%2C200&amp;ssl=1\" data-large-file=\"https:\/\/i0.wp.com\/www.iwheeltravel.com\/wp-content\/uploads\/2018\/09\/DSCF2471.jpg?fit=1000%2C667&amp;ssl=1\" tabindex=\"0\" role=\"button\" data-srcset=\"https:\/\/i0.wp.com\/www.iwheeltravel.com\/wp-content\/uploads\/2018\/09\/DSCF2471.jpg?resize=150%2C150&amp;ssl=1 150w, https:\/\/i0.wp.com\/www.iwheeltravel.com\/wp-content\/uploads\/2018\/09\/DSCF2471.jpg?zoom=2&amp;resize=150%2C150&amp;ssl=1 300w, https:\/\/i0.wp.com\/www.iwheeltravel.com\/wp-content\/uploads\/2018\/09\/DSCF2471.jpg?zoom=3&amp;resize=150%2C150&amp;ssl=1 450w\" data-src=\"https:\/\/i0.wp.com\/www.iwheeltravel.com\/wp-content\/uploads\/2018\/09\/DSCF2471.jpg?resize=150%2C150&amp;ssl=1\"><\/a>\n\t\t\t<\/dt><\/dl><dl class=\"gallery-item\">\n\t\t\t<dt class=\"gallery-icon landscape\">\n\t\t\t\t<a href=\"https:\/\/www.iwheeltravel.com\/en\/travel-france-handicap-hautes-pyrenees-aure-louron-valley-wheelchair\/dscf2476-2\/\"><noscript><img decoding=\"async\" width=\"150\" height=\"150\" src=\"https:\/\/i0.wp.com\/www.iwheeltravel.com\/wp-content\/uploads\/2018\/09\/DSCF2476.jpg?resize=150%2C150&amp;ssl=1\" class=\"attachment-thumbnail size-thumbnail\" alt aria-describedby=\"gallery-1-11188\" srcset=\"https:\/\/i0.wp.com\/www.iwheeltravel.com\/wp-content\/uploads\/2018\/09\/DSCF2476.jpg?resize=150%2C150&amp;ssl=1 150w, https:\/\/i0.wp.com\/www.iwheeltravel.com\/wp-content\/uploads\/2018\/09\/DSCF2476.jpg?zoom=2&amp;resize=150%2C150&amp;ssl=1 300w, https:\/\/i0.wp.com\/www.iwheeltravel.com\/wp-content\/uploads\/2018\/09\/DSCF2476.jpg?zoom=3&amp;resize=150%2C150&amp;ssl=1 450w\" sizes=\"(max-width: 150px) 100vw, 150px\" data-attachment-id=\"11188\" data-permalink=\"https:\/\/www.iwheeltravel.com\/en\/travel-france-handicap-hautes-pyrenees-aure-louron-valley-wheelchair\/dscf2476-2\/\" data-orig-file=\"https:\/\/i0.wp.com\/www.iwheeltravel.com\/wp-content\/uploads\/2018\/09\/DSCF2476.jpg?fit=1713%2C1142&amp;ssl=1\" data-orig-size=\"1713,1142\" data-comments-opened=\"1\" data-image-meta=\"{&quot;aperture&quot;:&quot;5.6&quot;,&quot;credit&quot;:&quot;&quot;,&quot;camera&quot;:&quot;X-M1&quot;,&quot;caption&quot;:&quot;&quot;,&quot;created_timestamp&quot;:&quot;1535118752&quot;,&quot;copyright&quot;:&quot;&quot;,&quot;focal_length&quot;:&quot;43.4&quot;,&quot;iso&quot;:&quot;400&quot;,&quot;shutter_speed&quot;:&quot;0.0066666666666667&quot;,&quot;title&quot;:&quot;&quot;,&quot;orientation&quot;:&quot;0&quot;}\" data-image-title data-image-description data-image-caption=\"&lt;p&gt;Premi\u00e8re tentative \u00e0 l&#8217;exercice du slalom.&lt;\/p&gt;\n\" data-medium-file=\"https:\/\/i0.wp.com\/www.iwheeltravel.com\/wp-content\/uploads\/2018\/09\/DSCF2476.jpg?fit=300%2C200&amp;ssl=1\" data-large-file=\"https:\/\/i0.wp.com\/www.iwheeltravel.com\/wp-content\/uploads\/2018\/09\/DSCF2476.jpg?fit=1000%2C667&amp;ssl=1\" tabindex=\"0\" role=\"button\"><\/noscript><img decoding=\"async\" width=\"150\" height=\"150\" src=\"data:image\/svg+xml,%3Csvg%20xmlns%3D%22http%3A%2F%2Fwww.w3.org%2F2000%2Fsvg%22%20viewBox%3D%220%200%20150%20150%22%3E%3C%2Fsvg%3E\" class=\"attachment-thumbnail size-thumbnail lazyload\" alt aria-describedby=\"gallery-1-11188\" srcset=\"data:image\/svg+xml,%3Csvg%20xmlns%3D%22http%3A%2F%2Fwww.w3.org%2F2000%2Fsvg%22%20viewBox%3D%220%200%20150%20150%22%3E%3C%2Fsvg%3E 150w\" sizes=\"(max-width: 150px) 100vw, 150px\" data-attachment-id=\"11188\" data-permalink=\"https:\/\/www.iwheeltravel.com\/en\/travel-france-handicap-hautes-pyrenees-aure-louron-valley-wheelchair\/dscf2476-2\/\" data-orig-file=\"https:\/\/i0.wp.com\/www.iwheeltravel.com\/wp-content\/uploads\/2018\/09\/DSCF2476.jpg?fit=1713%2C1142&amp;ssl=1\" data-orig-size=\"1713,1142\" data-comments-opened=\"1\" data-image-meta=\"{&quot;aperture&quot;:&quot;5.6&quot;,&quot;credit&quot;:&quot;&quot;,&quot;camera&quot;:&quot;X-M1&quot;,&quot;caption&quot;:&quot;&quot;,&quot;created_timestamp&quot;:&quot;1535118752&quot;,&quot;copyright&quot;:&quot;&quot;,&quot;focal_length&quot;:&quot;43.4&quot;,&quot;iso&quot;:&quot;400&quot;,&quot;shutter_speed&quot;:&quot;0.0066666666666667&quot;,&quot;title&quot;:&quot;&quot;,&quot;orientation&quot;:&quot;0&quot;}\" data-image-title data-image-description data-image-caption=\"&lt;p&gt;Premi\u00e8re tentative \u00e0 l&#8217;exercice du slalom.&lt;\/p&gt;\n\" data-medium-file=\"https:\/\/i0.wp.com\/www.iwheeltravel.com\/wp-content\/uploads\/2018\/09\/DSCF2476.jpg?fit=300%2C200&amp;ssl=1\" data-large-file=\"https:\/\/i0.wp.com\/www.iwheeltravel.com\/wp-content\/uploads\/2018\/09\/DSCF2476.jpg?fit=1000%2C667&amp;ssl=1\" tabindex=\"0\" role=\"button\" data-srcset=\"https:\/\/i0.wp.com\/www.iwheeltravel.com\/wp-content\/uploads\/2018\/09\/DSCF2476.jpg?resize=150%2C150&amp;ssl=1 150w, https:\/\/i0.wp.com\/www.iwheeltravel.com\/wp-content\/uploads\/2018\/09\/DSCF2476.jpg?zoom=2&amp;resize=150%2C150&amp;ssl=1 300w, https:\/\/i0.wp.com\/www.iwheeltravel.com\/wp-content\/uploads\/2018\/09\/DSCF2476.jpg?zoom=3&amp;resize=150%2C150&amp;ssl=1 450w\" data-src=\"https:\/\/i0.wp.com\/www.iwheeltravel.com\/wp-content\/uploads\/2018\/09\/DSCF2476.jpg?resize=150%2C150&amp;ssl=1\"><\/a>\n\t\t\t<\/dt>\n\t\t\t\t<dd class=\"wp-caption-text gallery-caption\" id=\"gallery-1-11188\">\n\t\t\t\tPremi\u00e8re tentative \u00e0 l&#8217;exercice du slalom.\n\t\t\t\t<\/dd><\/dl><dl class=\"gallery-item\">\n\t\t\t<dt class=\"gallery-icon landscape\">\n\t\t\t\t<a href=\"https:\/\/www.iwheeltravel.com\/en\/travel-france-handicap-hautes-pyrenees-aure-louron-valley-wheelchair\/20180821_101145-2\/\"><noscript><img decoding=\"async\" width=\"150\" height=\"150\" src=\"https:\/\/i0.wp.com\/www.iwheeltravel.com\/wp-content\/uploads\/2018\/09\/20180821_101145.jpg?resize=150%2C150&amp;ssl=1\" class=\"attachment-thumbnail size-thumbnail\" alt aria-describedby=\"gallery-1-11185\" srcset=\"https:\/\/i0.wp.com\/www.iwheeltravel.com\/wp-content\/uploads\/2018\/09\/20180821_101145.jpg?resize=150%2C150&amp;ssl=1 150w, https:\/\/i0.wp.com\/www.iwheeltravel.com\/wp-content\/uploads\/2018\/09\/20180821_101145.jpg?zoom=2&amp;resize=150%2C150&amp;ssl=1 300w, https:\/\/i0.wp.com\/www.iwheeltravel.com\/wp-content\/uploads\/2018\/09\/20180821_101145.jpg?zoom=3&amp;resize=150%2C150&amp;ssl=1 450w\" sizes=\"(max-width: 150px) 100vw, 150px\" data-attachment-id=\"11185\" data-permalink=\"https:\/\/www.iwheeltravel.com\/en\/travel-france-handicap-hautes-pyrenees-aure-louron-valley-wheelchair\/20180821_101145-2\/\" data-orig-file=\"https:\/\/i0.wp.com\/www.iwheeltravel.com\/wp-content\/uploads\/2018\/09\/20180821_101145.jpg?fit=1456%2C819&amp;ssl=1\" data-orig-size=\"1456,819\" data-comments-opened=\"1\" data-image-meta=\"{&quot;aperture&quot;:&quot;2.4&quot;,&quot;credit&quot;:&quot;&quot;,&quot;camera&quot;:&quot;LG-H870&quot;,&quot;caption&quot;:&quot;&quot;,&quot;created_timestamp&quot;:&quot;1534846305&quot;,&quot;copyright&quot;:&quot;&quot;,&quot;focal_length&quot;:&quot;2.04&quot;,&quot;iso&quot;:&quot;100&quot;,&quot;shutter_speed&quot;:&quot;0.028571428571429&quot;,&quot;title&quot;:&quot;&quot;,&quot;orientation&quot;:&quot;0&quot;}\" data-image-title data-image-description data-image-caption=\"&lt;p&gt;Chambre PMR UCPA Saint-Lary-Soulan&lt;\/p&gt;\n\" data-medium-file=\"https:\/\/i0.wp.com\/www.iwheeltravel.com\/wp-content\/uploads\/2018\/09\/20180821_101145.jpg?fit=300%2C169&amp;ssl=1\" data-large-file=\"https:\/\/i0.wp.com\/www.iwheeltravel.com\/wp-content\/uploads\/2018\/09\/20180821_101145.jpg?fit=1000%2C563&amp;ssl=1\" tabindex=\"0\" role=\"button\"><\/noscript><img decoding=\"async\" width=\"150\" height=\"150\" src=\"data:image\/svg+xml,%3Csvg%20xmlns%3D%22http%3A%2F%2Fwww.w3.org%2F2000%2Fsvg%22%20viewBox%3D%220%200%20150%20150%22%3E%3C%2Fsvg%3E\" class=\"attachment-thumbnail size-thumbnail lazyload\" alt aria-describedby=\"gallery-1-11185\" srcset=\"data:image\/svg+xml,%3Csvg%20xmlns%3D%22http%3A%2F%2Fwww.w3.org%2F2000%2Fsvg%22%20viewBox%3D%220%200%20150%20150%22%3E%3C%2Fsvg%3E 150w\" sizes=\"(max-width: 150px) 100vw, 150px\" data-attachment-id=\"11185\" data-permalink=\"https:\/\/www.iwheeltravel.com\/en\/travel-france-handicap-hautes-pyrenees-aure-louron-valley-wheelchair\/20180821_101145-2\/\" data-orig-file=\"https:\/\/i0.wp.com\/www.iwheeltravel.com\/wp-content\/uploads\/2018\/09\/20180821_101145.jpg?fit=1456%2C819&amp;ssl=1\" data-orig-size=\"1456,819\" data-comments-opened=\"1\" data-image-meta=\"{&quot;aperture&quot;:&quot;2.4&quot;,&quot;credit&quot;:&quot;&quot;,&quot;camera&quot;:&quot;LG-H870&quot;,&quot;caption&quot;:&quot;&quot;,&quot;created_timestamp&quot;:&quot;1534846305&quot;,&quot;copyright&quot;:&quot;&quot;,&quot;focal_length&quot;:&quot;2.04&quot;,&quot;iso&quot;:&quot;100&quot;,&quot;shutter_speed&quot;:&quot;0.028571428571429&quot;,&quot;title&quot;:&quot;&quot;,&quot;orientation&quot;:&quot;0&quot;}\" data-image-title data-image-description data-image-caption=\"&lt;p&gt;Chambre PMR UCPA Saint-Lary-Soulan&lt;\/p&gt;\n\" data-medium-file=\"https:\/\/i0.wp.com\/www.iwheeltravel.com\/wp-content\/uploads\/2018\/09\/20180821_101145.jpg?fit=300%2C169&amp;ssl=1\" data-large-file=\"https:\/\/i0.wp.com\/www.iwheeltravel.com\/wp-content\/uploads\/2018\/09\/20180821_101145.jpg?fit=1000%2C563&amp;ssl=1\" tabindex=\"0\" role=\"button\" data-srcset=\"https:\/\/i0.wp.com\/www.iwheeltravel.com\/wp-content\/uploads\/2018\/09\/20180821_101145.jpg?resize=150%2C150&amp;ssl=1 150w, https:\/\/i0.wp.com\/www.iwheeltravel.com\/wp-content\/uploads\/2018\/09\/20180821_101145.jpg?zoom=2&amp;resize=150%2C150&amp;ssl=1 300w, https:\/\/i0.wp.com\/www.iwheeltravel.com\/wp-content\/uploads\/2018\/09\/20180821_101145.jpg?zoom=3&amp;resize=150%2C150&amp;ssl=1 450w\" data-src=\"https:\/\/i0.wp.com\/www.iwheeltravel.com\/wp-content\/uploads\/2018\/09\/20180821_101145.jpg?resize=150%2C150&amp;ssl=1\"><\/a>\n\t\t\t<\/dt>\n\t\t\t\t<dd class=\"wp-caption-text gallery-caption\" id=\"gallery-1-11185\">\n\t\t\t\tChambre PMR UCPA Saint-Lary-Soulan\n\t\t\t\t<\/dd><\/dl><br style=\"clear: both\"><dl class=\"gallery-item\">\n\t\t\t<dt class=\"gallery-icon landscape\">\n\t\t\t\t<a href=\"https:\/\/www.iwheeltravel.com\/en\/travel-france-handicap-hautes-pyrenees-aure-louron-valley-wheelchair\/20180823_073340-2\/\"><noscript><img decoding=\"async\" width=\"150\" height=\"150\" src=\"https:\/\/i0.wp.com\/www.iwheeltravel.com\/wp-content\/uploads\/2018\/09\/20180823_073340.jpg?resize=150%2C150&amp;ssl=1\" class=\"attachment-thumbnail size-thumbnail\" alt aria-describedby=\"gallery-1-11192\" srcset=\"https:\/\/i0.wp.com\/www.iwheeltravel.com\/wp-content\/uploads\/2018\/09\/20180823_073340.jpg?resize=150%2C150&amp;ssl=1 150w, https:\/\/i0.wp.com\/www.iwheeltravel.com\/wp-content\/uploads\/2018\/09\/20180823_073340.jpg?zoom=2&amp;resize=150%2C150&amp;ssl=1 300w, https:\/\/i0.wp.com\/www.iwheeltravel.com\/wp-content\/uploads\/2018\/09\/20180823_073340.jpg?zoom=3&amp;resize=150%2C150&amp;ssl=1 450w\" sizes=\"(max-width: 150px) 100vw, 150px\" data-attachment-id=\"11192\" data-permalink=\"https:\/\/www.iwheeltravel.com\/en\/travel-france-handicap-hautes-pyrenees-aure-louron-valley-wheelchair\/20180823_073340-2\/\" data-orig-file=\"https:\/\/i0.wp.com\/www.iwheeltravel.com\/wp-content\/uploads\/2018\/09\/20180823_073340.jpg?fit=1456%2C819&amp;ssl=1\" data-orig-size=\"1456,819\" data-comments-opened=\"1\" data-image-meta=\"{&quot;aperture&quot;:&quot;2.4&quot;,&quot;credit&quot;:&quot;&quot;,&quot;camera&quot;:&quot;LG-H870&quot;,&quot;caption&quot;:&quot;&quot;,&quot;created_timestamp&quot;:&quot;1535009620&quot;,&quot;copyright&quot;:&quot;&quot;,&quot;focal_length&quot;:&quot;2.04&quot;,&quot;iso&quot;:&quot;700&quot;,&quot;shutter_speed&quot;:&quot;0.05&quot;,&quot;title&quot;:&quot;&quot;,&quot;orientation&quot;:&quot;0&quot;}\" data-image-title data-image-description data-image-caption=\"&lt;p&gt;Salle bain PMR UCPA Saint-Lary-Soulan&lt;\/p&gt;\n\" data-medium-file=\"https:\/\/i0.wp.com\/www.iwheeltravel.com\/wp-content\/uploads\/2018\/09\/20180823_073340.jpg?fit=300%2C169&amp;ssl=1\" data-large-file=\"https:\/\/i0.wp.com\/www.iwheeltravel.com\/wp-content\/uploads\/2018\/09\/20180823_073340.jpg?fit=1000%2C563&amp;ssl=1\" tabindex=\"0\" role=\"button\"><\/noscript><img decoding=\"async\" width=\"150\" height=\"150\" src=\"data:image\/svg+xml,%3Csvg%20xmlns%3D%22http%3A%2F%2Fwww.w3.org%2F2000%2Fsvg%22%20viewBox%3D%220%200%20150%20150%22%3E%3C%2Fsvg%3E\" class=\"attachment-thumbnail size-thumbnail lazyload\" alt aria-describedby=\"gallery-1-11192\" srcset=\"data:image\/svg+xml,%3Csvg%20xmlns%3D%22http%3A%2F%2Fwww.w3.org%2F2000%2Fsvg%22%20viewBox%3D%220%200%20150%20150%22%3E%3C%2Fsvg%3E 150w\" sizes=\"(max-width: 150px) 100vw, 150px\" data-attachment-id=\"11192\" data-permalink=\"https:\/\/www.iwheeltravel.com\/en\/travel-france-handicap-hautes-pyrenees-aure-louron-valley-wheelchair\/20180823_073340-2\/\" data-orig-file=\"https:\/\/i0.wp.com\/www.iwheeltravel.com\/wp-content\/uploads\/2018\/09\/20180823_073340.jpg?fit=1456%2C819&amp;ssl=1\" data-orig-size=\"1456,819\" data-comments-opened=\"1\" data-image-meta=\"{&quot;aperture&quot;:&quot;2.4&quot;,&quot;credit&quot;:&quot;&quot;,&quot;camera&quot;:&quot;LG-H870&quot;,&quot;caption&quot;:&quot;&quot;,&quot;created_timestamp&quot;:&quot;1535009620&quot;,&quot;copyright&quot;:&quot;&quot;,&quot;focal_length&quot;:&quot;2.04&quot;,&quot;iso&quot;:&quot;700&quot;,&quot;shutter_speed&quot;:&quot;0.05&quot;,&quot;title&quot;:&quot;&quot;,&quot;orientation&quot;:&quot;0&quot;}\" data-image-title data-image-description data-image-caption=\"&lt;p&gt;Salle bain PMR UCPA Saint-Lary-Soulan&lt;\/p&gt;\n\" data-medium-file=\"https:\/\/i0.wp.com\/www.iwheeltravel.com\/wp-content\/uploads\/2018\/09\/20180823_073340.jpg?fit=300%2C169&amp;ssl=1\" data-large-file=\"https:\/\/i0.wp.com\/www.iwheeltravel.com\/wp-content\/uploads\/2018\/09\/20180823_073340.jpg?fit=1000%2C563&amp;ssl=1\" tabindex=\"0\" role=\"button\" data-srcset=\"https:\/\/i0.wp.com\/www.iwheeltravel.com\/wp-content\/uploads\/2018\/09\/20180823_073340.jpg?resize=150%2C150&amp;ssl=1 150w, https:\/\/i0.wp.com\/www.iwheeltravel.com\/wp-content\/uploads\/2018\/09\/20180823_073340.jpg?zoom=2&amp;resize=150%2C150&amp;ssl=1 300w, https:\/\/i0.wp.com\/www.iwheeltravel.com\/wp-content\/uploads\/2018\/09\/20180823_073340.jpg?zoom=3&amp;resize=150%2C150&amp;ssl=1 450w\" data-src=\"https:\/\/i0.wp.com\/www.iwheeltravel.com\/wp-content\/uploads\/2018\/09\/20180823_073340.jpg?resize=150%2C150&amp;ssl=1\"><\/a>\n\t\t\t<\/dt>\n\t\t\t\t<dd class=\"wp-caption-text gallery-caption\" id=\"gallery-1-11192\">\n\t\t\t\tSalle bain PMR UCPA Saint-Lary-Soulan\n\t\t\t\t<\/dd><\/dl><dl class=\"gallery-item\">\n\t\t\t<dt class=\"gallery-icon landscape\">\n\t\t\t\t<a href=\"https:\/\/www.iwheeltravel.com\/en\/travel-france-handicap-hautes-pyrenees-aure-louron-valley-wheelchair\/20180823_124912-2\/\"><noscript><img decoding=\"async\" width=\"150\" height=\"150\" src=\"https:\/\/i0.wp.com\/www.iwheeltravel.com\/wp-content\/uploads\/2018\/09\/20180823_124912.jpg?resize=150%2C150&amp;ssl=1\" class=\"attachment-thumbnail size-thumbnail\" alt aria-describedby=\"gallery-1-11193\" srcset=\"https:\/\/i0.wp.com\/www.iwheeltravel.com\/wp-content\/uploads\/2018\/09\/20180823_124912.jpg?resize=150%2C150&amp;ssl=1 150w, https:\/\/i0.wp.com\/www.iwheeltravel.com\/wp-content\/uploads\/2018\/09\/20180823_124912.jpg?zoom=2&amp;resize=150%2C150&amp;ssl=1 300w, https:\/\/i0.wp.com\/www.iwheeltravel.com\/wp-content\/uploads\/2018\/09\/20180823_124912.jpg?zoom=3&amp;resize=150%2C150&amp;ssl=1 450w\" sizes=\"(max-width: 150px) 100vw, 150px\" data-attachment-id=\"11193\" data-permalink=\"https:\/\/www.iwheeltravel.com\/en\/travel-france-handicap-hautes-pyrenees-aure-louron-valley-wheelchair\/20180823_124912-2\/\" data-orig-file=\"https:\/\/i0.wp.com\/www.iwheeltravel.com\/wp-content\/uploads\/2018\/09\/20180823_124912.jpg?fit=1456%2C819&amp;ssl=1\" data-orig-size=\"1456,819\" data-comments-opened=\"1\" data-image-meta=\"{&quot;aperture&quot;:&quot;2.4&quot;,&quot;credit&quot;:&quot;&quot;,&quot;camera&quot;:&quot;LG-H870&quot;,&quot;caption&quot;:&quot;&quot;,&quot;created_timestamp&quot;:&quot;1535028551&quot;,&quot;copyright&quot;:&quot;&quot;,&quot;focal_length&quot;:&quot;2.04&quot;,&quot;iso&quot;:&quot;150&quot;,&quot;shutter_speed&quot;:&quot;0.028571428571429&quot;,&quot;title&quot;:&quot;&quot;,&quot;orientation&quot;:&quot;0&quot;}\" data-image-title data-image-description data-image-caption=\"&lt;p&gt;Chambre PMR, centre de montagne Germ&lt;\/p&gt;\n\" data-medium-file=\"https:\/\/i0.wp.com\/www.iwheeltravel.com\/wp-content\/uploads\/2018\/09\/20180823_124912.jpg?fit=300%2C169&amp;ssl=1\" data-large-file=\"https:\/\/i0.wp.com\/www.iwheeltravel.com\/wp-content\/uploads\/2018\/09\/20180823_124912.jpg?fit=1000%2C563&amp;ssl=1\" tabindex=\"0\" role=\"button\"><\/noscript><img decoding=\"async\" width=\"150\" height=\"150\" src=\"data:image\/svg+xml,%3Csvg%20xmlns%3D%22http%3A%2F%2Fwww.w3.org%2F2000%2Fsvg%22%20viewBox%3D%220%200%20150%20150%22%3E%3C%2Fsvg%3E\" class=\"attachment-thumbnail size-thumbnail lazyload\" alt aria-describedby=\"gallery-1-11193\" srcset=\"data:image\/svg+xml,%3Csvg%20xmlns%3D%22http%3A%2F%2Fwww.w3.org%2F2000%2Fsvg%22%20viewBox%3D%220%200%20150%20150%22%3E%3C%2Fsvg%3E 150w\" sizes=\"(max-width: 150px) 100vw, 150px\" data-attachment-id=\"11193\" data-permalink=\"https:\/\/www.iwheeltravel.com\/en\/travel-france-handicap-hautes-pyrenees-aure-louron-valley-wheelchair\/20180823_124912-2\/\" data-orig-file=\"https:\/\/i0.wp.com\/www.iwheeltravel.com\/wp-content\/uploads\/2018\/09\/20180823_124912.jpg?fit=1456%2C819&amp;ssl=1\" data-orig-size=\"1456,819\" data-comments-opened=\"1\" data-image-meta=\"{&quot;aperture&quot;:&quot;2.4&quot;,&quot;credit&quot;:&quot;&quot;,&quot;camera&quot;:&quot;LG-H870&quot;,&quot;caption&quot;:&quot;&quot;,&quot;created_timestamp&quot;:&quot;1535028551&quot;,&quot;copyright&quot;:&quot;&quot;,&quot;focal_length&quot;:&quot;2.04&quot;,&quot;iso&quot;:&quot;150&quot;,&quot;shutter_speed&quot;:&quot;0.028571428571429&quot;,&quot;title&quot;:&quot;&quot;,&quot;orientation&quot;:&quot;0&quot;}\" data-image-title data-image-description data-image-caption=\"&lt;p&gt;Chambre PMR, centre de montagne Germ&lt;\/p&gt;\n\" data-medium-file=\"https:\/\/i0.wp.com\/www.iwheeltravel.com\/wp-content\/uploads\/2018\/09\/20180823_124912.jpg?fit=300%2C169&amp;ssl=1\" data-large-file=\"https:\/\/i0.wp.com\/www.iwheeltravel.com\/wp-content\/uploads\/2018\/09\/20180823_124912.jpg?fit=1000%2C563&amp;ssl=1\" tabindex=\"0\" role=\"button\" data-srcset=\"https:\/\/i0.wp.com\/www.iwheeltravel.com\/wp-content\/uploads\/2018\/09\/20180823_124912.jpg?resize=150%2C150&amp;ssl=1 150w, https:\/\/i0.wp.com\/www.iwheeltravel.com\/wp-content\/uploads\/2018\/09\/20180823_124912.jpg?zoom=2&amp;resize=150%2C150&amp;ssl=1 300w, https:\/\/i0.wp.com\/www.iwheeltravel.com\/wp-content\/uploads\/2018\/09\/20180823_124912.jpg?zoom=3&amp;resize=150%2C150&amp;ssl=1 450w\" data-src=\"https:\/\/i0.wp.com\/www.iwheeltravel.com\/wp-content\/uploads\/2018\/09\/20180823_124912.jpg?resize=150%2C150&amp;ssl=1\"><\/a>\n\t\t\t<\/dt>\n\t\t\t\t<dd class=\"wp-caption-text gallery-caption\" id=\"gallery-1-11193\">\n\t\t\t\tChambre PMR, centre de montagne Germ\n\t\t\t\t<\/dd><\/dl><dl class=\"gallery-item\">\n\t\t\t<dt class=\"gallery-icon portrait\">\n\t\t\t\t<a href=\"https:\/\/www.iwheeltravel.com\/en\/travel-france-handicap-hautes-pyrenees-aure-louron-valley-wheelchair\/20180823_124931-2\/\"><noscript><img decoding=\"async\" width=\"150\" height=\"150\" src=\"https:\/\/i0.wp.com\/www.iwheeltravel.com\/wp-content\/uploads\/2018\/09\/20180823_124931.jpg?resize=150%2C150&amp;ssl=1\" class=\"attachment-thumbnail size-thumbnail\" alt aria-describedby=\"gallery-1-11194\" srcset=\"https:\/\/i0.wp.com\/www.iwheeltravel.com\/wp-content\/uploads\/2018\/09\/20180823_124931.jpg?resize=150%2C150&amp;ssl=1 150w, https:\/\/i0.wp.com\/www.iwheeltravel.com\/wp-content\/uploads\/2018\/09\/20180823_124931.jpg?zoom=2&amp;resize=150%2C150&amp;ssl=1 300w, https:\/\/i0.wp.com\/www.iwheeltravel.com\/wp-content\/uploads\/2018\/09\/20180823_124931.jpg?zoom=3&amp;resize=150%2C150&amp;ssl=1 450w\" sizes=\"(max-width: 150px) 100vw, 150px\" data-attachment-id=\"11194\" data-permalink=\"https:\/\/www.iwheeltravel.com\/en\/travel-france-handicap-hautes-pyrenees-aure-louron-valley-wheelchair\/20180823_124931-2\/\" data-orig-file=\"https:\/\/i0.wp.com\/www.iwheeltravel.com\/wp-content\/uploads\/2018\/09\/20180823_124931.jpg?fit=819%2C1456&amp;ssl=1\" data-orig-size=\"819,1456\" data-comments-opened=\"1\" data-image-meta=\"{&quot;aperture&quot;:&quot;2.4&quot;,&quot;credit&quot;:&quot;&quot;,&quot;camera&quot;:&quot;LG-H870&quot;,&quot;caption&quot;:&quot;&quot;,&quot;created_timestamp&quot;:&quot;1535028571&quot;,&quot;copyright&quot;:&quot;&quot;,&quot;focal_length&quot;:&quot;2.04&quot;,&quot;iso&quot;:&quot;300&quot;,&quot;shutter_speed&quot;:&quot;0.04&quot;,&quot;title&quot;:&quot;&quot;,&quot;orientation&quot;:&quot;0&quot;}\" data-image-title data-image-description data-image-caption=\"&lt;p&gt;Salle de bain PMR, centre de montagne Germ&lt;\/p&gt;\n\" data-medium-file=\"https:\/\/i0.wp.com\/www.iwheeltravel.com\/wp-content\/uploads\/2018\/09\/20180823_124931.jpg?fit=169%2C300&amp;ssl=1\" data-large-file=\"https:\/\/i0.wp.com\/www.iwheeltravel.com\/wp-content\/uploads\/2018\/09\/20180823_124931.jpg?fit=576%2C1024&amp;ssl=1\" tabindex=\"0\" role=\"button\"><\/noscript><img decoding=\"async\" width=\"150\" height=\"150\" src=\"data:image\/svg+xml,%3Csvg%20xmlns%3D%22http%3A%2F%2Fwww.w3.org%2F2000%2Fsvg%22%20viewBox%3D%220%200%20150%20150%22%3E%3C%2Fsvg%3E\" class=\"attachment-thumbnail size-thumbnail lazyload\" alt aria-describedby=\"gallery-1-11194\" srcset=\"data:image\/svg+xml,%3Csvg%20xmlns%3D%22http%3A%2F%2Fwww.w3.org%2F2000%2Fsvg%22%20viewBox%3D%220%200%20150%20150%22%3E%3C%2Fsvg%3E 150w\" sizes=\"(max-width: 150px) 100vw, 150px\" data-attachment-id=\"11194\" data-permalink=\"https:\/\/www.iwheeltravel.com\/en\/travel-france-handicap-hautes-pyrenees-aure-louron-valley-wheelchair\/20180823_124931-2\/\" data-orig-file=\"https:\/\/i0.wp.com\/www.iwheeltravel.com\/wp-content\/uploads\/2018\/09\/20180823_124931.jpg?fit=819%2C1456&amp;ssl=1\" data-orig-size=\"819,1456\" data-comments-opened=\"1\" data-image-meta=\"{&quot;aperture&quot;:&quot;2.4&quot;,&quot;credit&quot;:&quot;&quot;,&quot;camera&quot;:&quot;LG-H870&quot;,&quot;caption&quot;:&quot;&quot;,&quot;created_timestamp&quot;:&quot;1535028571&quot;,&quot;copyright&quot;:&quot;&quot;,&quot;focal_length&quot;:&quot;2.04&quot;,&quot;iso&quot;:&quot;300&quot;,&quot;shutter_speed&quot;:&quot;0.04&quot;,&quot;title&quot;:&quot;&quot;,&quot;orientation&quot;:&quot;0&quot;}\" data-image-title data-image-description data-image-caption=\"&lt;p&gt;Salle de bain PMR, centre de montagne Germ&lt;\/p&gt;\n\" data-medium-file=\"https:\/\/i0.wp.com\/www.iwheeltravel.com\/wp-content\/uploads\/2018\/09\/20180823_124931.jpg?fit=169%2C300&amp;ssl=1\" data-large-file=\"https:\/\/i0.wp.com\/www.iwheeltravel.com\/wp-content\/uploads\/2018\/09\/20180823_124931.jpg?fit=576%2C1024&amp;ssl=1\" tabindex=\"0\" role=\"button\" data-srcset=\"https:\/\/i0.wp.com\/www.iwheeltravel.com\/wp-content\/uploads\/2018\/09\/20180823_124931.jpg?resize=150%2C150&amp;ssl=1 150w, https:\/\/i0.wp.com\/www.iwheeltravel.com\/wp-content\/uploads\/2018\/09\/20180823_124931.jpg?zoom=2&amp;resize=150%2C150&amp;ssl=1 300w, https:\/\/i0.wp.com\/www.iwheeltravel.com\/wp-content\/uploads\/2018\/09\/20180823_124931.jpg?zoom=3&amp;resize=150%2C150&amp;ssl=1 450w\" data-src=\"https:\/\/i0.wp.com\/www.iwheeltravel.com\/wp-content\/uploads\/2018\/09\/20180823_124931.jpg?resize=150%2C150&amp;ssl=1\"><\/a>\n\t\t\t<\/dt>\n\t\t\t\t<dd class=\"wp-caption-text gallery-caption\" id=\"gallery-1-11194\">\n\t\t\t\tSalle de bain PMR, centre de montagne Germ\n\t\t\t\t<\/dd><\/dl><br style=\"clear: both\"><dl class=\"gallery-item\">\n\t\t\t<dt class=\"gallery-icon landscape\">\n\t\t\t\t<a href=\"https:\/\/www.iwheeltravel.com\/en\/travel-france-handicap-hautes-pyrenees-aure-louron-valley-wheelchair\/img_1162-2\/\"><noscript><img decoding=\"async\" width=\"150\" height=\"150\" src=\"https:\/\/i0.wp.com\/www.iwheeltravel.com\/wp-content\/uploads\/2018\/09\/IMG_1162.jpg?resize=150%2C150&amp;ssl=1\" class=\"attachment-thumbnail size-thumbnail\" alt aria-describedby=\"gallery-1-11171\" srcset=\"https:\/\/i0.wp.com\/www.iwheeltravel.com\/wp-content\/uploads\/2018\/09\/IMG_1162.jpg?resize=150%2C150&amp;ssl=1 150w, https:\/\/i0.wp.com\/www.iwheeltravel.com\/wp-content\/uploads\/2018\/09\/IMG_1162.jpg?zoom=2&amp;resize=150%2C150&amp;ssl=1 300w, https:\/\/i0.wp.com\/www.iwheeltravel.com\/wp-content\/uploads\/2018\/09\/IMG_1162.jpg?zoom=3&amp;resize=150%2C150&amp;ssl=1 450w\" sizes=\"(max-width: 150px) 100vw, 150px\" data-attachment-id=\"11171\" data-permalink=\"https:\/\/www.iwheeltravel.com\/en\/travel-france-handicap-hautes-pyrenees-aure-louron-valley-wheelchair\/img_1162-2\/\" data-orig-file=\"https:\/\/i0.wp.com\/www.iwheeltravel.com\/wp-content\/uploads\/2018\/09\/IMG_1162.jpg?fit=1411%2C1058&amp;ssl=1\" data-orig-size=\"1411,1058\" data-comments-opened=\"1\" data-image-meta=\"{&quot;aperture&quot;:&quot;1.8&quot;,&quot;credit&quot;:&quot;&quot;,&quot;camera&quot;:&quot;iPhone X&quot;,&quot;caption&quot;:&quot;&quot;,&quot;created_timestamp&quot;:&quot;1535212065&quot;,&quot;copyright&quot;:&quot;&quot;,&quot;focal_length&quot;:&quot;4&quot;,&quot;iso&quot;:&quot;20&quot;,&quot;shutter_speed&quot;:&quot;0.0043478260869565&quot;,&quot;title&quot;:&quot;&quot;,&quot;orientation&quot;:&quot;0&quot;}\" data-image-title data-image-description data-image-caption=\"&lt;p&gt;Piscine, centre de montagne de Germ.&lt;\/p&gt;\n\" data-medium-file=\"https:\/\/i0.wp.com\/www.iwheeltravel.com\/wp-content\/uploads\/2018\/09\/IMG_1162.jpg?fit=300%2C225&amp;ssl=1\" data-large-file=\"https:\/\/i0.wp.com\/www.iwheeltravel.com\/wp-content\/uploads\/2018\/09\/IMG_1162.jpg?fit=1000%2C750&amp;ssl=1\" tabindex=\"0\" role=\"button\"><\/noscript><img decoding=\"async\" width=\"150\" height=\"150\" src=\"data:image\/svg+xml,%3Csvg%20xmlns%3D%22http%3A%2F%2Fwww.w3.org%2F2000%2Fsvg%22%20viewBox%3D%220%200%20150%20150%22%3E%3C%2Fsvg%3E\" class=\"attachment-thumbnail size-thumbnail lazyload\" alt aria-describedby=\"gallery-1-11171\" srcset=\"data:image\/svg+xml,%3Csvg%20xmlns%3D%22http%3A%2F%2Fwww.w3.org%2F2000%2Fsvg%22%20viewBox%3D%220%200%20150%20150%22%3E%3C%2Fsvg%3E 150w\" sizes=\"(max-width: 150px) 100vw, 150px\" data-attachment-id=\"11171\" data-permalink=\"https:\/\/www.iwheeltravel.com\/en\/travel-france-handicap-hautes-pyrenees-aure-louron-valley-wheelchair\/img_1162-2\/\" data-orig-file=\"https:\/\/i0.wp.com\/www.iwheeltravel.com\/wp-content\/uploads\/2018\/09\/IMG_1162.jpg?fit=1411%2C1058&amp;ssl=1\" data-orig-size=\"1411,1058\" data-comments-opened=\"1\" data-image-meta=\"{&quot;aperture&quot;:&quot;1.8&quot;,&quot;credit&quot;:&quot;&quot;,&quot;camera&quot;:&quot;iPhone X&quot;,&quot;caption&quot;:&quot;&quot;,&quot;created_timestamp&quot;:&quot;1535212065&quot;,&quot;copyright&quot;:&quot;&quot;,&quot;focal_length&quot;:&quot;4&quot;,&quot;iso&quot;:&quot;20&quot;,&quot;shutter_speed&quot;:&quot;0.0043478260869565&quot;,&quot;title&quot;:&quot;&quot;,&quot;orientation&quot;:&quot;0&quot;}\" data-image-title data-image-description data-image-caption=\"&lt;p&gt;Piscine, centre de montagne de Germ.&lt;\/p&gt;\n\" data-medium-file=\"https:\/\/i0.wp.com\/www.iwheeltravel.com\/wp-content\/uploads\/2018\/09\/IMG_1162.jpg?fit=300%2C225&amp;ssl=1\" data-large-file=\"https:\/\/i0.wp.com\/www.iwheeltravel.com\/wp-content\/uploads\/2018\/09\/IMG_1162.jpg?fit=1000%2C750&amp;ssl=1\" tabindex=\"0\" role=\"button\" data-srcset=\"https:\/\/i0.wp.com\/www.iwheeltravel.com\/wp-content\/uploads\/2018\/09\/IMG_1162.jpg?resize=150%2C150&amp;ssl=1 150w, https:\/\/i0.wp.com\/www.iwheeltravel.com\/wp-content\/uploads\/2018\/09\/IMG_1162.jpg?zoom=2&amp;resize=150%2C150&amp;ssl=1 300w, https:\/\/i0.wp.com\/www.iwheeltravel.com\/wp-content\/uploads\/2018\/09\/IMG_1162.jpg?zoom=3&amp;resize=150%2C150&amp;ssl=1 450w\" data-src=\"https:\/\/i0.wp.com\/www.iwheeltravel.com\/wp-content\/uploads\/2018\/09\/IMG_1162.jpg?resize=150%2C150&amp;ssl=1\"><\/a>\n\t\t\t<\/dt>\n\t\t\t\t<dd class=\"wp-caption-text gallery-caption\" id=\"gallery-1-11171\">\n\t\t\t\tPiscine, centre de montagne de Germ.\n\t\t\t\t<\/dd><\/dl><dl class=\"gallery-item\">\n\t\t\t<dt class=\"gallery-icon portrait\">\n\t\t\t\t<a href=\"https:\/\/www.iwheeltravel.com\/en\/travel-france-handicap-hautes-pyrenees-aure-louron-valley-wheelchair\/img_0963-2\/\"><noscript><img decoding=\"async\" width=\"150\" height=\"150\" src=\"https:\/\/i0.wp.com\/www.iwheeltravel.com\/wp-content\/uploads\/2018\/09\/IMG_0963.jpg?resize=150%2C150&amp;ssl=1\" class=\"attachment-thumbnail size-thumbnail\" alt aria-describedby=\"gallery-1-11170\" srcset=\"https:\/\/i0.wp.com\/www.iwheeltravel.com\/wp-content\/uploads\/2018\/09\/IMG_0963.jpg?resize=150%2C150&amp;ssl=1 150w, https:\/\/i0.wp.com\/www.iwheeltravel.com\/wp-content\/uploads\/2018\/09\/IMG_0963.jpg?zoom=2&amp;resize=150%2C150&amp;ssl=1 300w, https:\/\/i0.wp.com\/www.iwheeltravel.com\/wp-content\/uploads\/2018\/09\/IMG_0963.jpg?zoom=3&amp;resize=150%2C150&amp;ssl=1 450w\" sizes=\"(max-width: 150px) 100vw, 150px\" data-attachment-id=\"11170\" data-permalink=\"https:\/\/www.iwheeltravel.com\/en\/travel-france-handicap-hautes-pyrenees-aure-louron-valley-wheelchair\/img_0963-2\/\" data-orig-file=\"https:\/\/i0.wp.com\/www.iwheeltravel.com\/wp-content\/uploads\/2018\/09\/IMG_0963.jpg?fit=1058%2C1411&amp;ssl=1\" data-orig-size=\"1058,1411\" data-comments-opened=\"1\" data-image-meta=\"{&quot;aperture&quot;:&quot;2.4&quot;,&quot;credit&quot;:&quot;&quot;,&quot;camera&quot;:&quot;iPhone X&quot;,&quot;caption&quot;:&quot;&quot;,&quot;created_timestamp&quot;:&quot;1534848179&quot;,&quot;copyright&quot;:&quot;&quot;,&quot;focal_length&quot;:&quot;6&quot;,&quot;iso&quot;:&quot;16&quot;,&quot;shutter_speed&quot;:&quot;0.0018867924528302&quot;,&quot;title&quot;:&quot;&quot;,&quot;orientation&quot;:&quot;0&quot;}\" data-image-title data-image-description data-image-caption=\"&lt;p&gt;Saint-Lary-Soulan&lt;\/p&gt;\n\" data-medium-file=\"https:\/\/i0.wp.com\/www.iwheeltravel.com\/wp-content\/uploads\/2018\/09\/IMG_0963.jpg?fit=225%2C300&amp;ssl=1\" data-large-file=\"https:\/\/i0.wp.com\/www.iwheeltravel.com\/wp-content\/uploads\/2018\/09\/IMG_0963.jpg?fit=768%2C1024&amp;ssl=1\" tabindex=\"0\" role=\"button\"><\/noscript><img decoding=\"async\" width=\"150\" height=\"150\" src=\"data:image\/svg+xml,%3Csvg%20xmlns%3D%22http%3A%2F%2Fwww.w3.org%2F2000%2Fsvg%22%20viewBox%3D%220%200%20150%20150%22%3E%3C%2Fsvg%3E\" class=\"attachment-thumbnail size-thumbnail lazyload\" alt aria-describedby=\"gallery-1-11170\" srcset=\"data:image\/svg+xml,%3Csvg%20xmlns%3D%22http%3A%2F%2Fwww.w3.org%2F2000%2Fsvg%22%20viewBox%3D%220%200%20150%20150%22%3E%3C%2Fsvg%3E 150w\" sizes=\"(max-width: 150px) 100vw, 150px\" data-attachment-id=\"11170\" data-permalink=\"https:\/\/www.iwheeltravel.com\/en\/travel-france-handicap-hautes-pyrenees-aure-louron-valley-wheelchair\/img_0963-2\/\" data-orig-file=\"https:\/\/i0.wp.com\/www.iwheeltravel.com\/wp-content\/uploads\/2018\/09\/IMG_0963.jpg?fit=1058%2C1411&amp;ssl=1\" data-orig-size=\"1058,1411\" data-comments-opened=\"1\" data-image-meta=\"{&quot;aperture&quot;:&quot;2.4&quot;,&quot;credit&quot;:&quot;&quot;,&quot;camera&quot;:&quot;iPhone X&quot;,&quot;caption&quot;:&quot;&quot;,&quot;created_timestamp&quot;:&quot;1534848179&quot;,&quot;copyright&quot;:&quot;&quot;,&quot;focal_length&quot;:&quot;6&quot;,&quot;iso&quot;:&quot;16&quot;,&quot;shutter_speed&quot;:&quot;0.0018867924528302&quot;,&quot;title&quot;:&quot;&quot;,&quot;orientation&quot;:&quot;0&quot;}\" data-image-title data-image-description data-image-caption=\"&lt;p&gt;Saint-Lary-Soulan&lt;\/p&gt;\n\" data-medium-file=\"https:\/\/i0.wp.com\/www.iwheeltravel.com\/wp-content\/uploads\/2018\/09\/IMG_0963.jpg?fit=225%2C300&amp;ssl=1\" data-large-file=\"https:\/\/i0.wp.com\/www.iwheeltravel.com\/wp-content\/uploads\/2018\/09\/IMG_0963.jpg?fit=768%2C1024&amp;ssl=1\" tabindex=\"0\" role=\"button\" data-srcset=\"https:\/\/i0.wp.com\/www.iwheeltravel.com\/wp-content\/uploads\/2018\/09\/IMG_0963.jpg?resize=150%2C150&amp;ssl=1 150w, https:\/\/i0.wp.com\/www.iwheeltravel.com\/wp-content\/uploads\/2018\/09\/IMG_0963.jpg?zoom=2&amp;resize=150%2C150&amp;ssl=1 300w, https:\/\/i0.wp.com\/www.iwheeltravel.com\/wp-content\/uploads\/2018\/09\/IMG_0963.jpg?zoom=3&amp;resize=150%2C150&amp;ssl=1 450w\" data-src=\"https:\/\/i0.wp.com\/www.iwheeltravel.com\/wp-content\/uploads\/2018\/09\/IMG_0963.jpg?resize=150%2C150&amp;ssl=1\"><\/a>\n\t\t\t<\/dt>\n\t\t\t\t<dd class=\"wp-caption-text gallery-caption\" id=\"gallery-1-11170\">\n\t\t\t\tSaint-Lary-Soulan\n\t\t\t\t<\/dd><\/dl>\n\t\t\t<br style=\"clear: both\">\n\t\t<\/div>\n\n<\/div>\n","protected":false},"excerpt":{"rendered":"<p>In last April I attended a travel blogger convention in France and I met Laurent who works at UNAT Occitanie and we quickly noticed that we share many values. Well, that is not so surprising considering that the UNAT is a charity which aims to develop and promote easier access to vacations, tourism and leisures [&hellip;]<\/p>\n","protected":false},"author":3,"featured_media":5361,"comment_status":"open","ping_status":"open","sticky":false,"template":"","format":"standard","meta":{"_acf_changed":false,"jetpack_post_was_ever_published":false,"_jetpack_newsletter_access":"","_jetpack_dont_email_post_to_subs":false,"_jetpack_newsletter_tier_id":0,"_jetpack_memberships_contains_paywalled_content":false,"_jetpack_memberships_contains_paid_content":false,"footnotes":""},"categories":[6,361,16],"tags":[357,18,92,373,289,14],"acf":[],"geo":null,"yoast_head":"<!-- This site is optimized with the Yoast SEO plugin v23.1 - https:\/\/yoast.com\/wordpress\/plugins\/seo\/ -->\n<title>Hautes-Pyr\u00e9n\u00e9es, France: discovering the Aure valley and the Louron valley in a wheechair - I wheel travel<\/title>\n<meta name=\"robots\" content=\"index, follow, max-snippet:-1, max-image-preview:large, max-video-preview:-1\" \/>\n<link rel=\"canonical\" href=\"https:\/\/www.iwheeltravel.com\/en\/travel-france-handicap-hautes-pyrenees-aure-louron-valley-wheelchair\/\" \/>\n<meta property=\"og:locale\" content=\"en_GB\" \/>\n<meta property=\"og:type\" content=\"article\" \/>\n<meta property=\"og:title\" content=\"Hautes-Pyr\u00e9n\u00e9es, France: discovering the Aure valley and the Louron valley in a wheechair - I wheel travel\" \/>\n<meta property=\"og:description\" content=\"In last April I attended a travel blogger convention in France and I met Laurent who works at UNAT Occitanie and we quickly noticed that we share many values. Well, that is not so surprising considering that the UNAT is a charity which aims to develop and promote easier access to vacations, tourism and leisures [&hellip;]\" \/>\n<meta property=\"og:url\" content=\"https:\/\/www.iwheeltravel.com\/en\/travel-france-handicap-hautes-pyrenees-aure-louron-valley-wheelchair\/\" \/>\n<meta property=\"og:site_name\" content=\"I wheel travel\" \/>\n<meta property=\"article:publisher\" content=\"https:\/\/www.facebook.com\/iwheeltravel\/\" \/>\n<meta property=\"article:published_time\" content=\"2018-09-27T12:32:00+00:00\" \/>\n<meta property=\"article:modified_time\" content=\"2020-02-20T10:38:03+00:00\" \/>\n<meta property=\"og:image\" content=\"https:\/\/www.iwheeltravel.com\/wp-content\/uploads\/2018\/09\/IMG_1004-1024x768.jpg\" \/>\n\t<meta property=\"og:image:width\" content=\"1024\" \/>\n\t<meta property=\"og:image:height\" content=\"768\" \/>\n\t<meta property=\"og:image:type\" content=\"image\/jpeg\" \/>\n<meta name=\"author\" content=\"Aur\u00e9lie\" \/>\n<meta name=\"twitter:card\" content=\"summary_large_image\" \/>\n<meta name=\"twitter:creator\" content=\"@I_wheel_travel\" \/>\n<meta name=\"twitter:site\" content=\"@I_wheel_travel\" \/>\n<meta name=\"twitter:label1\" content=\"Written by\" \/>\n\t<meta name=\"twitter:data1\" content=\"Aur\u00e9lie\" \/>\n\t<meta name=\"twitter:label2\" content=\"Est. reading time\" \/>\n\t<meta name=\"twitter:data2\" content=\"10 minutes\" \/>\n<script type=\"application\/ld+json\" class=\"yoast-schema-graph\">{\"@context\":\"https:\/\/schema.org\",\"@graph\":[{\"@type\":\"Article\",\"@id\":\"https:\/\/www.iwheeltravel.com\/en\/travel-france-handicap-hautes-pyrenees-aure-louron-valley-wheelchair\/#article\",\"isPartOf\":{\"@id\":\"https:\/\/www.iwheeltravel.com\/en\/travel-france-handicap-hautes-pyrenees-aure-louron-valley-wheelchair\/\"},\"author\":{\"name\":\"Aur\u00e9lie\",\"@id\":\"https:\/\/www.iwheeltravel.com\/en\/#\/schema\/person\/2a75930dbbeec9bc1055b98d10b284d5\"},\"headline\":\"Hautes-Pyr\u00e9n\u00e9es, France: discovering the Aure valley and the Louron valley in a wheechair\",\"datePublished\":\"2018-09-27T12:32:00+00:00\",\"dateModified\":\"2020-02-20T10:38:03+00:00\",\"mainEntityOfPage\":{\"@id\":\"https:\/\/www.iwheeltravel.com\/en\/travel-france-handicap-hautes-pyrenees-aure-louron-valley-wheelchair\/\"},\"wordCount\":2003,\"commentCount\":0,\"publisher\":{\"@id\":\"https:\/\/www.iwheeltravel.com\/en\/#organization\"},\"image\":{\"@id\":\"https:\/\/www.iwheeltravel.com\/en\/travel-france-handicap-hautes-pyrenees-aure-louron-valley-wheelchair\/#primaryimage\"},\"thumbnailUrl\":\"https:\/\/i0.wp.com\/www.iwheeltravel.com\/wp-content\/uploads\/2018\/09\/IMG_1004.jpg?fit=4032%2C3024&ssl=1\",\"keywords\":[\"france\",\"Handicap\",\"montagne\",\"Pyr\u00e9n\u00e9es\",\"Travel\",\"Voyage\"],\"articleSection\":[\"Accessibilit\u00e9\",\"France\",\"Handicap\"],\"inLanguage\":\"en-GB\",\"potentialAction\":[{\"@type\":\"CommentAction\",\"name\":\"Comment\",\"target\":[\"https:\/\/www.iwheeltravel.com\/en\/travel-france-handicap-hautes-pyrenees-aure-louron-valley-wheelchair\/#respond\"]}]},{\"@type\":\"WebPage\",\"@id\":\"https:\/\/www.iwheeltravel.com\/en\/travel-france-handicap-hautes-pyrenees-aure-louron-valley-wheelchair\/\",\"url\":\"https:\/\/www.iwheeltravel.com\/en\/travel-france-handicap-hautes-pyrenees-aure-louron-valley-wheelchair\/\",\"name\":\"Hautes-Pyr\u00e9n\u00e9es, France: discovering the Aure valley and the Louron valley in a wheechair - I wheel travel\",\"isPartOf\":{\"@id\":\"https:\/\/www.iwheeltravel.com\/en\/#website\"},\"primaryImageOfPage\":{\"@id\":\"https:\/\/www.iwheeltravel.com\/en\/travel-france-handicap-hautes-pyrenees-aure-louron-valley-wheelchair\/#primaryimage\"},\"image\":{\"@id\":\"https:\/\/www.iwheeltravel.com\/en\/travel-france-handicap-hautes-pyrenees-aure-louron-valley-wheelchair\/#primaryimage\"},\"thumbnailUrl\":\"https:\/\/i0.wp.com\/www.iwheeltravel.com\/wp-content\/uploads\/2018\/09\/IMG_1004.jpg?fit=4032%2C3024&ssl=1\",\"datePublished\":\"2018-09-27T12:32:00+00:00\",\"dateModified\":\"2020-02-20T10:38:03+00:00\",\"breadcrumb\":{\"@id\":\"https:\/\/www.iwheeltravel.com\/en\/travel-france-handicap-hautes-pyrenees-aure-louron-valley-wheelchair\/#breadcrumb\"},\"inLanguage\":\"en-GB\",\"potentialAction\":[{\"@type\":\"ReadAction\",\"target\":[\"https:\/\/www.iwheeltravel.com\/en\/travel-france-handicap-hautes-pyrenees-aure-louron-valley-wheelchair\/\"]}]},{\"@type\":\"ImageObject\",\"inLanguage\":\"en-GB\",\"@id\":\"https:\/\/www.iwheeltravel.com\/en\/travel-france-handicap-hautes-pyrenees-aure-louron-valley-wheelchair\/#primaryimage\",\"url\":\"https:\/\/i0.wp.com\/www.iwheeltravel.com\/wp-content\/uploads\/2018\/09\/IMG_1004.jpg?fit=4032%2C3024&ssl=1\",\"contentUrl\":\"https:\/\/i0.wp.com\/www.iwheeltravel.com\/wp-content\/uploads\/2018\/09\/IMG_1004.jpg?fit=4032%2C3024&ssl=1\",\"width\":4032,\"height\":3024},{\"@type\":\"BreadcrumbList\",\"@id\":\"https:\/\/www.iwheeltravel.com\/en\/travel-france-handicap-hautes-pyrenees-aure-louron-valley-wheelchair\/#breadcrumb\",\"itemListElement\":[{\"@type\":\"ListItem\",\"position\":1,\"name\":\"Accueil\",\"item\":\"https:\/\/www.iwheeltravel.com\/en\/\"},{\"@type\":\"ListItem\",\"position\":2,\"name\":\"Destinations\",\"item\":\"https:\/\/www.iwheeltravel.com\/en\/category\/destinations-en\/\"},{\"@type\":\"ListItem\",\"position\":3,\"name\":\"Europe\",\"item\":\"https:\/\/www.iwheeltravel.com\/en\/category\/destinations-en\/europe-en\/\"},{\"@type\":\"ListItem\",\"position\":4,\"name\":\"France\",\"item\":\"https:\/\/www.iwheeltravel.com\/en\/category\/destinations-en\/europe-en\/france-en\/\"},{\"@type\":\"ListItem\",\"position\":5,\"name\":\"Hautes-Pyr\u00e9n\u00e9es, France: discovering the Aure valley and the Louron valley in a wheechair\"}]},{\"@type\":\"WebSite\",\"@id\":\"https:\/\/www.iwheeltravel.com\/en\/#website\",\"url\":\"https:\/\/www.iwheeltravel.com\/en\/\",\"name\":\"I wheel travel\",\"description\":\"Le blog voyage, tourisme et handicap\",\"publisher\":{\"@id\":\"https:\/\/www.iwheeltravel.com\/en\/#organization\"},\"potentialAction\":[{\"@type\":\"SearchAction\",\"target\":{\"@type\":\"EntryPoint\",\"urlTemplate\":\"https:\/\/www.iwheeltravel.com\/en\/?s={search_term_string}\"},\"query-input\":\"required name=search_term_string\"}],\"inLanguage\":\"en-GB\"},{\"@type\":\"Organization\",\"@id\":\"https:\/\/www.iwheeltravel.com\/en\/#organization\",\"name\":\"I wheel travel\",\"url\":\"https:\/\/www.iwheeltravel.com\/en\/\",\"logo\":{\"@type\":\"ImageObject\",\"inLanguage\":\"en-GB\",\"@id\":\"https:\/\/www.iwheeltravel.com\/en\/#\/schema\/logo\/image\/\",\"url\":\"https:\/\/i0.wp.com\/www.iwheeltravel.com\/wp-content\/uploads\/2019\/06\/logo_iwheeltravel.png?fit=1110%2C685&ssl=1\",\"contentUrl\":\"https:\/\/i0.wp.com\/www.iwheeltravel.com\/wp-content\/uploads\/2019\/06\/logo_iwheeltravel.png?fit=1110%2C685&ssl=1\",\"width\":1110,\"height\":685,\"caption\":\"I wheel travel\"},\"image\":{\"@id\":\"https:\/\/www.iwheeltravel.com\/en\/#\/schema\/logo\/image\/\"},\"sameAs\":[\"https:\/\/www.facebook.com\/iwheeltravel\/\",\"https:\/\/x.com\/I_wheel_travel\",\"https:\/\/www.instagram.com\/iwheeltravel\/\",\"https:\/\/www.youtube.com\/channel\/UCxccp0ZR1k69rOp9bPZfJLw\"]},{\"@type\":\"Person\",\"@id\":\"https:\/\/www.iwheeltravel.com\/en\/#\/schema\/person\/2a75930dbbeec9bc1055b98d10b284d5\",\"name\":\"Aur\u00e9lie\",\"image\":{\"@type\":\"ImageObject\",\"inLanguage\":\"en-GB\",\"@id\":\"https:\/\/www.iwheeltravel.com\/en\/#\/schema\/person\/image\/\",\"url\":\"https:\/\/secure.gravatar.com\/avatar\/3d602861e1b3a3848d8c0335f302c233?s=96&d=mm&r=g\",\"contentUrl\":\"https:\/\/secure.gravatar.com\/avatar\/3d602861e1b3a3848d8c0335f302c233?s=96&d=mm&r=g\",\"caption\":\"Aur\u00e9lie\"}}]}<\/script>\n<!-- \/ Yoast SEO plugin. -->","yoast_head_json":{"title":"Hautes-Pyr\u00e9n\u00e9es, France: discovering the Aure valley and the Louron valley in a wheechair - I wheel travel","robots":{"index":"index","follow":"follow","max-snippet":"max-snippet:-1","max-image-preview":"max-image-preview:large","max-video-preview":"max-video-preview:-1"},"canonical":"https:\/\/www.iwheeltravel.com\/en\/travel-france-handicap-hautes-pyrenees-aure-louron-valley-wheelchair\/","og_locale":"en_GB","og_type":"article","og_title":"Hautes-Pyr\u00e9n\u00e9es, France: discovering the Aure valley and the Louron valley in a wheechair - I wheel travel","og_description":"In last April I attended a travel blogger convention in France and I met Laurent who works at UNAT Occitanie and we quickly noticed that we share many values. Well, that is not so surprising considering that the UNAT is a charity which aims to develop and promote easier access to vacations, tourism and leisures [&hellip;]","og_url":"https:\/\/www.iwheeltravel.com\/en\/travel-france-handicap-hautes-pyrenees-aure-louron-valley-wheelchair\/","og_site_name":"I wheel travel","article_publisher":"https:\/\/www.facebook.com\/iwheeltravel\/","article_published_time":"2018-09-27T12:32:00+00:00","article_modified_time":"2020-02-20T10:38:03+00:00","og_image":[{"width":1024,"height":768,"url":"https:\/\/www.iwheeltravel.com\/wp-content\/uploads\/2018\/09\/IMG_1004-1024x768.jpg","type":"image\/jpeg"}],"author":"Aur\u00e9lie","twitter_card":"summary_large_image","twitter_creator":"@I_wheel_travel","twitter_site":"@I_wheel_travel","twitter_misc":{"Written by":"Aur\u00e9lie","Est. reading time":"10 minutes"},"schema":{"@context":"https:\/\/schema.org","@graph":[{"@type":"Article","@id":"https:\/\/www.iwheeltravel.com\/en\/travel-france-handicap-hautes-pyrenees-aure-louron-valley-wheelchair\/#article","isPartOf":{"@id":"https:\/\/www.iwheeltravel.com\/en\/travel-france-handicap-hautes-pyrenees-aure-louron-valley-wheelchair\/"},"author":{"name":"Aur\u00e9lie","@id":"https:\/\/www.iwheeltravel.com\/en\/#\/schema\/person\/2a75930dbbeec9bc1055b98d10b284d5"},"headline":"Hautes-Pyr\u00e9n\u00e9es, France: discovering the Aure valley and the Louron valley in a wheechair","datePublished":"2018-09-27T12:32:00+00:00","dateModified":"2020-02-20T10:38:03+00:00","mainEntityOfPage":{"@id":"https:\/\/www.iwheeltravel.com\/en\/travel-france-handicap-hautes-pyrenees-aure-louron-valley-wheelchair\/"},"wordCount":2003,"commentCount":0,"publisher":{"@id":"https:\/\/www.iwheeltravel.com\/en\/#organization"},"image":{"@id":"https:\/\/www.iwheeltravel.com\/en\/travel-france-handicap-hautes-pyrenees-aure-louron-valley-wheelchair\/#primaryimage"},"thumbnailUrl":"https:\/\/i0.wp.com\/www.iwheeltravel.com\/wp-content\/uploads\/2018\/09\/IMG_1004.jpg?fit=4032%2C3024&ssl=1","keywords":["france","Handicap","montagne","Pyr\u00e9n\u00e9es","Travel","Voyage"],"articleSection":["Accessibilit\u00e9","France","Handicap"],"inLanguage":"en-GB","potentialAction":[{"@type":"CommentAction","name":"Comment","target":["https:\/\/www.iwheeltravel.com\/en\/travel-france-handicap-hautes-pyrenees-aure-louron-valley-wheelchair\/#respond"]}]},{"@type":"WebPage","@id":"https:\/\/www.iwheeltravel.com\/en\/travel-france-handicap-hautes-pyrenees-aure-louron-valley-wheelchair\/","url":"https:\/\/www.iwheeltravel.com\/en\/travel-france-handicap-hautes-pyrenees-aure-louron-valley-wheelchair\/","name":"Hautes-Pyr\u00e9n\u00e9es, France: discovering the Aure valley and the Louron valley in a wheechair - I wheel travel","isPartOf":{"@id":"https:\/\/www.iwheeltravel.com\/en\/#website"},"primaryImageOfPage":{"@id":"https:\/\/www.iwheeltravel.com\/en\/travel-france-handicap-hautes-pyrenees-aure-louron-valley-wheelchair\/#primaryimage"},"image":{"@id":"https:\/\/www.iwheeltravel.com\/en\/travel-france-handicap-hautes-pyrenees-aure-louron-valley-wheelchair\/#primaryimage"},"thumbnailUrl":"https:\/\/i0.wp.com\/www.iwheeltravel.com\/wp-content\/uploads\/2018\/09\/IMG_1004.jpg?fit=4032%2C3024&ssl=1","datePublished":"2018-09-27T12:32:00+00:00","dateModified":"2020-02-20T10:38:03+00:00","breadcrumb":{"@id":"https:\/\/www.iwheeltravel.com\/en\/travel-france-handicap-hautes-pyrenees-aure-louron-valley-wheelchair\/#breadcrumb"},"inLanguage":"en-GB","potentialAction":[{"@type":"ReadAction","target":["https:\/\/www.iwheeltravel.com\/en\/travel-france-handicap-hautes-pyrenees-aure-louron-valley-wheelchair\/"]}]},{"@type":"ImageObject","inLanguage":"en-GB","@id":"https:\/\/www.iwheeltravel.com\/en\/travel-france-handicap-hautes-pyrenees-aure-louron-valley-wheelchair\/#primaryimage","url":"https:\/\/i0.wp.com\/www.iwheeltravel.com\/wp-content\/uploads\/2018\/09\/IMG_1004.jpg?fit=4032%2C3024&ssl=1","contentUrl":"https:\/\/i0.wp.com\/www.iwheeltravel.com\/wp-content\/uploads\/2018\/09\/IMG_1004.jpg?fit=4032%2C3024&ssl=1","width":4032,"height":3024},{"@type":"BreadcrumbList","@id":"https:\/\/www.iwheeltravel.com\/en\/travel-france-handicap-hautes-pyrenees-aure-louron-valley-wheelchair\/#breadcrumb","itemListElement":[{"@type":"ListItem","position":1,"name":"Accueil","item":"https:\/\/www.iwheeltravel.com\/en\/"},{"@type":"ListItem","position":2,"name":"Destinations","item":"https:\/\/www.iwheeltravel.com\/en\/category\/destinations-en\/"},{"@type":"ListItem","position":3,"name":"Europe","item":"https:\/\/www.iwheeltravel.com\/en\/category\/destinations-en\/europe-en\/"},{"@type":"ListItem","position":4,"name":"France","item":"https:\/\/www.iwheeltravel.com\/en\/category\/destinations-en\/europe-en\/france-en\/"},{"@type":"ListItem","position":5,"name":"Hautes-Pyr\u00e9n\u00e9es, France: discovering the Aure valley and the Louron valley in a wheechair"}]},{"@type":"WebSite","@id":"https:\/\/www.iwheeltravel.com\/en\/#website","url":"https:\/\/www.iwheeltravel.com\/en\/","name":"I wheel travel","description":"Le blog voyage, tourisme et handicap","publisher":{"@id":"https:\/\/www.iwheeltravel.com\/en\/#organization"},"potentialAction":[{"@type":"SearchAction","target":{"@type":"EntryPoint","urlTemplate":"https:\/\/www.iwheeltravel.com\/en\/?s={search_term_string}"},"query-input":"required name=search_term_string"}],"inLanguage":"en-GB"},{"@type":"Organization","@id":"https:\/\/www.iwheeltravel.com\/en\/#organization","name":"I wheel travel","url":"https:\/\/www.iwheeltravel.com\/en\/","logo":{"@type":"ImageObject","inLanguage":"en-GB","@id":"https:\/\/www.iwheeltravel.com\/en\/#\/schema\/logo\/image\/","url":"https:\/\/i0.wp.com\/www.iwheeltravel.com\/wp-content\/uploads\/2019\/06\/logo_iwheeltravel.png?fit=1110%2C685&ssl=1","contentUrl":"https:\/\/i0.wp.com\/www.iwheeltravel.com\/wp-content\/uploads\/2019\/06\/logo_iwheeltravel.png?fit=1110%2C685&ssl=1","width":1110,"height":685,"caption":"I wheel travel"},"image":{"@id":"https:\/\/www.iwheeltravel.com\/en\/#\/schema\/logo\/image\/"},"sameAs":["https:\/\/www.facebook.com\/iwheeltravel\/","https:\/\/x.com\/I_wheel_travel","https:\/\/www.instagram.com\/iwheeltravel\/","https:\/\/www.youtube.com\/channel\/UCxccp0ZR1k69rOp9bPZfJLw"]},{"@type":"Person","@id":"https:\/\/www.iwheeltravel.com\/en\/#\/schema\/person\/2a75930dbbeec9bc1055b98d10b284d5","name":"Aur\u00e9lie","image":{"@type":"ImageObject","inLanguage":"en-GB","@id":"https:\/\/www.iwheeltravel.com\/en\/#\/schema\/person\/image\/","url":"https:\/\/secure.gravatar.com\/avatar\/3d602861e1b3a3848d8c0335f302c233?s=96&d=mm&r=g","contentUrl":"https:\/\/secure.gravatar.com\/avatar\/3d602861e1b3a3848d8c0335f302c233?s=96&d=mm&r=g","caption":"Aur\u00e9lie"}}]}},"jetpack_sharing_enabled":true,"jetpack_featured_media_url":"https:\/\/i0.wp.com\/www.iwheeltravel.com\/wp-content\/uploads\/2018\/09\/IMG_1004.jpg?fit=4032%2C3024&ssl=1","jetpack_shortlink":"https:\/\/wp.me\/p7C4jf-1oC","_links":{"self":[{"href":"https:\/\/www.iwheeltravel.com\/en\/wp-json\/wp\/v2\/posts\/5370"}],"collection":[{"href":"https:\/\/www.iwheeltravel.com\/en\/wp-json\/wp\/v2\/posts"}],"about":[{"href":"https:\/\/www.iwheeltravel.com\/en\/wp-json\/wp\/v2\/types\/post"}],"author":[{"embeddable":true,"href":"https:\/\/www.iwheeltravel.com\/en\/wp-json\/wp\/v2\/users\/3"}],"replies":[{"embeddable":true,"href":"https:\/\/www.iwheeltravel.com\/en\/wp-json\/wp\/v2\/comments?post=5370"}],"version-history":[{"count":18,"href":"https:\/\/www.iwheeltravel.com\/en\/wp-json\/wp\/v2\/posts\/5370\/revisions"}],"predecessor-version":[{"id":12138,"href":"https:\/\/www.iwheeltravel.com\/en\/wp-json\/wp\/v2\/posts\/5370\/revisions\/12138"}],"wp:featuredmedia":[{"embeddable":true,"href":"https:\/\/www.iwheeltravel.com\/en\/wp-json\/wp\/v2\/media\/5361"}],"wp:attachment":[{"href":"https:\/\/www.iwheeltravel.com\/en\/wp-json\/wp\/v2\/media?parent=5370"}],"wp:term":[{"taxonomy":"category","embeddable":true,"href":"https:\/\/www.iwheeltravel.com\/en\/wp-json\/wp\/v2\/categories?post=5370"},{"taxonomy":"post_tag","embeddable":true,"href":"https:\/\/www.iwheeltravel.com\/en\/wp-json\/wp\/v2\/tags?post=5370"}],"curies":[{"name":"wp","href":"https:\/\/api.w.org\/{rel}","templated":true}]}}