{"id":5440,"date":"2018-10-11T16:24:47","date_gmt":"2018-10-11T14:24:47","guid":{"rendered":"https:\/\/www.iwheeltravel.com\/?p=5440"},"modified":"2020-12-02T08:49:01","modified_gmt":"2020-12-02T07:49:01","slug":"travel-france-adaptive-sports-parasport-mountain-handicap-disability-pyrenees","status":"publish","type":"post","link":"https:\/\/www.iwheeltravel.com\/en\/travel-france-adaptive-sports-parasport-mountain-handicap-disability-pyrenees\/","title":{"rendered":"Pyr\u00e9n\u00e9es, France: what adaptive sports in the mountains for disabled people?"},"content":{"rendered":"<p style=\"text-align: justify;\">Surely a lot of people don&#8217;t even imagine that disabled people, including wheelchair users, can enjoy many mountain activities. Especially not thrilling activities. A&nbsp;few years ago I wasn&#8217;t aware of all the amazing things that I could do. I wouldn&#8217;t have imagine that one day I would have hurtle down the slopes of one of the highest French mountains nor that I would be paragliding above them. The fact is: <strong>it is possible to experience many activities even with a disability<\/strong>. To do so I didn&#8217;t need to go far away from home. I stayed in France and spend a few days in the Pyr\u00e9n\u00e9es mountains. Here is a quick sum up video of this awesome week!<\/p>\n<p><span class=\"embed-youtube\" style=\"text-align:center; display: block;\"><iframe class=\"youtube-player\" width=\"1000\" height=\"563\" src=\"https:\/\/www.youtube.com\/embed\/yZCVOVhdM1w?version=3&#038;rel=1&#038;showsearch=0&#038;showinfo=1&#038;iv_load_policy=1&#038;fs=1&#038;hl=en-GB&#038;autohide=2&#038;wmode=transparent\" allowfullscreen=\"true\" style=\"border:0;\" sandbox=\"allow-scripts allow-same-origin allow-popups allow-presentation allow-popups-to-escape-sandbox\"><\/iframe><\/span><\/p>\n<div id=\"ez-toc-container\" class=\"ez-toc-v2_0_68_1 counter-hierarchy ez-toc-counter ez-toc-transparent ez-toc-container-direction\">\n<p class=\"ez-toc-title\">Sommaire<\/p>\n<label for=\"ez-toc-cssicon-toggle-item-69f2ba5ca5f64\" class=\"ez-toc-cssicon-toggle-label\"><span class><span class=\"eztoc-hide\" style=\"display:none;\">Toggle<\/span><span class=\"ez-toc-icon-toggle-span\"><svg style=\"fill: #999;color:#999\" class=\"list-377408\" width=\"20px\" height=\"20px\" viewBox=\"0 0 24 24\" fill=\"none\"><path d=\"M6 6H4v2h2V6zm14 0H8v2h12V6zM4 11h2v2H4v-2zm16 0H8v2h12v-2zM4 16h2v2H4v-2zm16 0H8v2h12v-2z\" fill=\"currentColor\" \/><\/svg><svg style=\"fill: #999;color:#999\" class=\"arrow-unsorted-368013\" width=\"10px\" height=\"10px\" viewBox=\"0 0 24 24\" version=\"1.2\" baseProfile=\"tiny\"><path d=\"M18.2 9.3l-6.2-6.3-6.2 6.3c-.2.2-.3.4-.3.7s.1.5.3.7c.2.2.4.3.7.3h11c.3 0 .5-.1.7-.3.2-.2.3-.5.3-.7s-.1-.5-.3-.7zM5.8 14.7l6.2 6.3 6.2-6.3c.2-.2.3-.5.3-.7s-.1-.5-.3-.7c-.2-.2-.4-.3-.7-.3h-11c-.3 0-.5.1-.7.3-.2.2-.3.5-.3.7s.1.5.3.7z\" \/><\/svg><\/span><\/span><\/label><input type=\"checkbox\" id=\"ez-toc-cssicon-toggle-item-69f2ba5ca5f64\" aria-label=\"Toggle\"><nav><ul class=\"ez-toc-list ez-toc-list-level-1 \"><ul class=\"ez-toc-list-level-2\"><li class=\"ez-toc-heading-level-2\"><a class=\"ez-toc-link ez-toc-heading-1\" href=\"https:\/\/www.iwheeltravel.com\/en\/travel-france-adaptive-sports-parasport-mountain-handicap-disability-pyrenees\/#Hiking_in_a_joelette_an_all-terrain_chair\" title=\"Hiking in a jo\u00eblette, an all-terrain chair\">Hiking in a jo\u00eblette, an all-terrain chair<\/a><\/li><li class=\"ez-toc-page-1 ez-toc-heading-level-2\"><a class=\"ez-toc-link ez-toc-heading-2\" href=\"https:\/\/www.iwheeltravel.com\/en\/travel-france-adaptive-sports-parasport-mountain-handicap-disability-pyrenees\/#Going_down_the_Pic_du_Midi_mountain_in_a_%E2%80%9CCimgo%E2%80%9D_all-terrain_wheelchair\" title=\"Going down the Pic du Midi mountain in a &#8220;Cimgo&#8221; all-terrain wheelchair\">Going down the Pic du Midi mountain in a &#8220;Cimgo&#8221; all-terrain wheelchair<\/a><\/li><\/ul><li class=\"ez-toc-page-1 ez-toc-heading-level-1\"><a class=\"ez-toc-link ez-toc-heading-3\" href=\"https:\/\/www.iwheeltravel.com\/en\/travel-france-adaptive-sports-parasport-mountain-handicap-disability-pyrenees\/#Paragliding_above_the_mountains_with_a_disability\" title=\"Paragliding above the mountains with a disability\">Paragliding above the mountains with a disability<\/a><\/li><\/ul><\/nav><\/div>\n<h2><span class=\"ez-toc-section\" id=\"Hiking_in_a_joelette_an_all-terrain_chair\"><\/span>Hiking in a <em>jo\u00eblette<\/em>, an all-terrain chair<span class=\"ez-toc-section-end\"><\/span><\/h2>\n<p style=\"text-align: justify;\">Before these vacation in the French Pyr\u00e9n\u00e9es, I heard many times about the <strong><em>jo\u00eblette<\/em>, a trekking chair for people with reduced mobility<\/strong>, but I never tried it. So I was eager to test it and to be able to go on a hike with my close ones. For this first time Franck as well as Aur\u00e9lien and H\u00e9l\u00e8ne, who we&#8217;ve met in town, were coming with me. They also brought their dog, a 4 months husky, which was very excited to run on the fields. As for the jo\u00eblette we had one with electrical assistance which was really helpful considering that we had to go through some rough parts of the pathway.<\/p>\n<div id=\"attachment_5393\" style=\"width: 1148px\" class=\"wp-caption aligncenter\"><a href=\"https:\/\/www.iwheeltravel.com\/wp-content\/uploads\/2018\/09\/DSCF2290.jpg\"><noscript><img decoding=\"async\" aria-describedby=\"caption-attachment-5393\" class=\"wp-image-5393\" src=\"https:\/\/i0.wp.com\/www.iwheeltravel.com\/wp-content\/uploads\/2018\/09\/DSCF2290.jpg?resize=1000%2C666&#038;ssl=1\" alt=\"Col du Portet GR10 Pyr\u00e9n\u00e9es Jo\u00eblette randonn\u00e9e handicap\" width=\"1000\" height=\"666\" srcset=\"https:\/\/i0.wp.com\/www.iwheeltravel.com\/wp-content\/uploads\/2018\/09\/DSCF2290.jpg?resize=300%2C200&amp;ssl=1 300w, https:\/\/i0.wp.com\/www.iwheeltravel.com\/wp-content\/uploads\/2018\/09\/DSCF2290.jpg?resize=768%2C512&amp;ssl=1 768w, https:\/\/i0.wp.com\/www.iwheeltravel.com\/wp-content\/uploads\/2018\/09\/DSCF2290.jpg?resize=1024%2C683&amp;ssl=1 1024w, https:\/\/i0.wp.com\/www.iwheeltravel.com\/wp-content\/uploads\/2018\/09\/DSCF2290.jpg?w=1713&amp;ssl=1 1713w\" sizes=\"(max-width: 1000px) 100vw, 1000px\" data-recalc-dims=\"1\"><\/noscript><img decoding=\"async\" aria-describedby=\"caption-attachment-5393\" class=\"wp-image-5393 lazyload\" src=\"data:image\/svg+xml,%3Csvg%20xmlns%3D%22http%3A%2F%2Fwww.w3.org%2F2000%2Fsvg%22%20viewBox%3D%220%200%201138%20758%22%3E%3C%2Fsvg%3E\" alt=\"Col du Portet GR10 Pyr\u00e9n\u00e9es Jo\u00eblette randonn\u00e9e handicap\" width=\"1138\" height=\"758\" srcset=\"data:image\/svg+xml,%3Csvg%20xmlns%3D%22http%3A%2F%2Fwww.w3.org%2F2000%2Fsvg%22%20viewBox%3D%220%200%201138%20758%22%3E%3C%2Fsvg%3E 1138w\" sizes=\"(max-width: 1000px) 100vw, 1000px\" data-srcset=\"https:\/\/i0.wp.com\/www.iwheeltravel.com\/wp-content\/uploads\/2018\/09\/DSCF2290.jpg?resize=300%2C200&amp;ssl=1 300w, https:\/\/i0.wp.com\/www.iwheeltravel.com\/wp-content\/uploads\/2018\/09\/DSCF2290.jpg?resize=768%2C512&amp;ssl=1 768w, https:\/\/i0.wp.com\/www.iwheeltravel.com\/wp-content\/uploads\/2018\/09\/DSCF2290.jpg?resize=1024%2C683&amp;ssl=1 1024w, https:\/\/i0.wp.com\/www.iwheeltravel.com\/wp-content\/uploads\/2018\/09\/DSCF2290.jpg?w=1713&amp;ssl=1 1713w\" data-src=\"https:\/\/www.iwheeltravel.com\/wp-content\/uploads\/2018\/09\/DSCF2290-300x200.jpg\"><\/a><p id=\"caption-attachment-5393\" class=\"wp-caption-text\">Start from the Col du Portet.<\/p><\/div>\n<p style=\"text-align: justify;\">The entire hike is from the <em>Col du Portet<\/em> to Lake Bastan return. It took us 3 hours and a half to complete these 7 kilometres. That was such a wonderful experience! All along the hike we have seen magnificent summits and slopes, we encountered some cows and marmots and we admired the intense blue of the Oule and Bastan lakes. The Oule lake is an artificial one built as a dam but nonetheless beautiful so we stopped a few minutes to enjoy the view from the GR10 footpath.<\/p>\n<div>\n<div>\n<div id=\"attachment_5396\" style=\"width: 1179px\" class=\"wp-caption aligncenter\"><a href=\"https:\/\/www.iwheeltravel.com\/wp-content\/uploads\/2018\/09\/DSCF2345.jpg\"><noscript><img decoding=\"async\" aria-describedby=\"caption-attachment-5396\" class=\"wp-image-5396\" src=\"https:\/\/i0.wp.com\/www.iwheeltravel.com\/wp-content\/uploads\/2018\/09\/DSCF2345.jpg?resize=1000%2C666&#038;ssl=1\" alt=\"Lac de l'Oule GR10 jo\u00eblette\" width=\"1000\" height=\"666\" srcset=\"https:\/\/i0.wp.com\/www.iwheeltravel.com\/wp-content\/uploads\/2018\/09\/DSCF2345.jpg?resize=300%2C200&amp;ssl=1 300w, https:\/\/i0.wp.com\/www.iwheeltravel.com\/wp-content\/uploads\/2018\/09\/DSCF2345.jpg?resize=768%2C512&amp;ssl=1 768w, https:\/\/i0.wp.com\/www.iwheeltravel.com\/wp-content\/uploads\/2018\/09\/DSCF2345.jpg?resize=1024%2C683&amp;ssl=1 1024w, https:\/\/i0.wp.com\/www.iwheeltravel.com\/wp-content\/uploads\/2018\/09\/DSCF2345.jpg?w=1713&amp;ssl=1 1713w\" sizes=\"(max-width: 1000px) 100vw, 1000px\" data-recalc-dims=\"1\"><\/noscript><img decoding=\"async\" aria-describedby=\"caption-attachment-5396\" class=\"wp-image-5396 lazyload\" src=\"data:image\/svg+xml,%3Csvg%20xmlns%3D%22http%3A%2F%2Fwww.w3.org%2F2000%2Fsvg%22%20viewBox%3D%220%200%201169%20779%22%3E%3C%2Fsvg%3E\" alt=\"Lac de l'Oule GR10 jo\u00eblette\" width=\"1169\" height=\"779\" srcset=\"data:image\/svg+xml,%3Csvg%20xmlns%3D%22http%3A%2F%2Fwww.w3.org%2F2000%2Fsvg%22%20viewBox%3D%220%200%201169%20779%22%3E%3C%2Fsvg%3E 1169w\" sizes=\"(max-width: 1000px) 100vw, 1000px\" data-srcset=\"https:\/\/i0.wp.com\/www.iwheeltravel.com\/wp-content\/uploads\/2018\/09\/DSCF2345.jpg?resize=300%2C200&amp;ssl=1 300w, https:\/\/i0.wp.com\/www.iwheeltravel.com\/wp-content\/uploads\/2018\/09\/DSCF2345.jpg?resize=768%2C512&amp;ssl=1 768w, https:\/\/i0.wp.com\/www.iwheeltravel.com\/wp-content\/uploads\/2018\/09\/DSCF2345.jpg?resize=1024%2C683&amp;ssl=1 1024w, https:\/\/i0.wp.com\/www.iwheeltravel.com\/wp-content\/uploads\/2018\/09\/DSCF2345.jpg?w=1713&amp;ssl=1 1713w\" data-src=\"https:\/\/www.iwheeltravel.com\/wp-content\/uploads\/2018\/09\/DSCF2345-300x200.jpg\"><\/a><p id=\"caption-attachment-5396\" class=\"wp-caption-text\">On the GR10 hiking trail, going forward with the <em>jo\u00eblette<\/em>.<\/p><\/div>\n<p><span style=\"text-align: justify;\">Bastan lake is natural, smaller and less impressive than the Oule lake but is as striking. Just look at its calm, beauty and perfect reflexion of the landscape!<\/span><\/p>\n<\/div>\n<\/div>\n<div>\n<div id=\"attachment_5402\" style=\"width: 1156px\" class=\"wp-caption aligncenter\"><a href=\"https:\/\/www.iwheeltravel.com\/wp-content\/uploads\/2018\/09\/DSCF2391.jpg\"><noscript><img decoding=\"async\" aria-describedby=\"caption-attachment-5402\" class=\"wp-image-5402\" src=\"https:\/\/i0.wp.com\/www.iwheeltravel.com\/wp-content\/uploads\/2018\/09\/DSCF2391.jpg?resize=1000%2C668&#038;ssl=1\" alt=\"Lac de Bastan, r\u00e9serve naturelle du n\u00e9ouvielle.\" width=\"1000\" height=\"668\" srcset=\"https:\/\/i0.wp.com\/www.iwheeltravel.com\/wp-content\/uploads\/2018\/09\/DSCF2391.jpg?resize=300%2C200&amp;ssl=1 300w, https:\/\/i0.wp.com\/www.iwheeltravel.com\/wp-content\/uploads\/2018\/09\/DSCF2391.jpg?resize=768%2C512&amp;ssl=1 768w, https:\/\/i0.wp.com\/www.iwheeltravel.com\/wp-content\/uploads\/2018\/09\/DSCF2391.jpg?resize=1024%2C683&amp;ssl=1 1024w, https:\/\/i0.wp.com\/www.iwheeltravel.com\/wp-content\/uploads\/2018\/09\/DSCF2391.jpg?w=1713&amp;ssl=1 1713w\" sizes=\"(max-width: 1000px) 100vw, 1000px\" data-recalc-dims=\"1\"><\/noscript><img decoding=\"async\" aria-describedby=\"caption-attachment-5402\" class=\"wp-image-5402 lazyload\" src=\"data:image\/svg+xml,%3Csvg%20xmlns%3D%22http%3A%2F%2Fwww.w3.org%2F2000%2Fsvg%22%20viewBox%3D%220%200%201146%20765%22%3E%3C%2Fsvg%3E\" alt=\"Lac de Bastan, r\u00e9serve naturelle du n\u00e9ouvielle.\" width=\"1146\" height=\"765\" srcset=\"data:image\/svg+xml,%3Csvg%20xmlns%3D%22http%3A%2F%2Fwww.w3.org%2F2000%2Fsvg%22%20viewBox%3D%220%200%201146%20765%22%3E%3C%2Fsvg%3E 1146w\" sizes=\"(max-width: 1000px) 100vw, 1000px\" data-srcset=\"https:\/\/i0.wp.com\/www.iwheeltravel.com\/wp-content\/uploads\/2018\/09\/DSCF2391.jpg?resize=300%2C200&amp;ssl=1 300w, https:\/\/i0.wp.com\/www.iwheeltravel.com\/wp-content\/uploads\/2018\/09\/DSCF2391.jpg?resize=768%2C512&amp;ssl=1 768w, https:\/\/i0.wp.com\/www.iwheeltravel.com\/wp-content\/uploads\/2018\/09\/DSCF2391.jpg?resize=1024%2C683&amp;ssl=1 1024w, https:\/\/i0.wp.com\/www.iwheeltravel.com\/wp-content\/uploads\/2018\/09\/DSCF2391.jpg?w=1713&amp;ssl=1 1713w\" data-src=\"https:\/\/www.iwheeltravel.com\/wp-content\/uploads\/2018\/09\/DSCF2391-300x200.jpg\"><\/a><p id=\"caption-attachment-5402\" class=\"wp-caption-text\">Bastan lake, N\u00e9ouvielle natural reserve.<\/p><\/div>\n<\/div>\n<div><\/div>\n<p style=\"text-align: justify;\">As we went along the hike trail, I realised that I was really lucky to be here, surrounded by mountains, enjoying amazing landscapes. <strong>It&#8217;s not everyday that we can go for a hike in high mountains, especially when we are paraplegic<\/strong>. When you spend most of your time in a wheelchair that&#8217;s an incredible experience. One that you won&#8217;t forget. It is really enjoyable not have to stare at your wheels all the time to avoid any little rock that can stop you! Plus it is nice to be at the same height than the others.<\/p>\n<p style=\"text-align: justify;\">During the hike, I also became aware of all the possibilities that offers a <em>jo\u00eblette<\/em>. With this all-terrain chair I can go hiking with my family and friends in the mountains, Franck doesn&#8217;t have to worry about &#8220;leaving me behind&#8221;, I do not feel frustration not to share the hike with my friends and they don&#8217;t have to decide who will stay &#8220;behind&#8221; with me and go for a walk in the valley while the others go in the heights&#8230; So while I usually prefer to be active and to contribute to the effort (a few times, I was a bit frustrated not to be able to help Franck, Aur\u00e9lien and H\u00e9l\u00e8ne), I still greatly appreciated this hike and think this a really&nbsp; interesting possibility for disabled people.<\/p>\n<div><\/div>\n<div>\n<div id=\"attachment_5394\" style=\"width: 1151px\" class=\"wp-caption aligncenter\"><a href=\"https:\/\/www.iwheeltravel.com\/wp-content\/uploads\/2018\/09\/DSCF2308.jpg\"><noscript><img decoding=\"async\" aria-describedby=\"caption-attachment-5394\" class=\"wp-image-5394\" src=\"https:\/\/i0.wp.com\/www.iwheeltravel.com\/wp-content\/uploads\/2018\/09\/DSCF2308.jpg?resize=1000%2C666&#038;ssl=1\" alt=\"randonn\u00e9e handicap jo\u00eblette montagne\" width=\"1000\" height=\"666\" srcset=\"https:\/\/i0.wp.com\/www.iwheeltravel.com\/wp-content\/uploads\/2018\/09\/DSCF2308.jpg?resize=300%2C200&amp;ssl=1 300w, https:\/\/i0.wp.com\/www.iwheeltravel.com\/wp-content\/uploads\/2018\/09\/DSCF2308.jpg?resize=768%2C512&amp;ssl=1 768w, https:\/\/i0.wp.com\/www.iwheeltravel.com\/wp-content\/uploads\/2018\/09\/DSCF2308.jpg?resize=1024%2C683&amp;ssl=1 1024w, https:\/\/i0.wp.com\/www.iwheeltravel.com\/wp-content\/uploads\/2018\/09\/DSCF2308.jpg?w=1713&amp;ssl=1 1713w\" sizes=\"(max-width: 1000px) 100vw, 1000px\" data-recalc-dims=\"1\"><\/noscript><img decoding=\"async\" aria-describedby=\"caption-attachment-5394\" class=\"wp-image-5394 lazyload\" src=\"data:image\/svg+xml,%3Csvg%20xmlns%3D%22http%3A%2F%2Fwww.w3.org%2F2000%2Fsvg%22%20viewBox%3D%220%200%201141%20760%22%3E%3C%2Fsvg%3E\" alt=\"randonn\u00e9e handicap jo\u00eblette montagne\" width=\"1141\" height=\"760\" srcset=\"data:image\/svg+xml,%3Csvg%20xmlns%3D%22http%3A%2F%2Fwww.w3.org%2F2000%2Fsvg%22%20viewBox%3D%220%200%201141%20760%22%3E%3C%2Fsvg%3E 1141w\" sizes=\"(max-width: 1000px) 100vw, 1000px\" data-srcset=\"https:\/\/i0.wp.com\/www.iwheeltravel.com\/wp-content\/uploads\/2018\/09\/DSCF2308.jpg?resize=300%2C200&amp;ssl=1 300w, https:\/\/i0.wp.com\/www.iwheeltravel.com\/wp-content\/uploads\/2018\/09\/DSCF2308.jpg?resize=768%2C512&amp;ssl=1 768w, https:\/\/i0.wp.com\/www.iwheeltravel.com\/wp-content\/uploads\/2018\/09\/DSCF2308.jpg?resize=1024%2C683&amp;ssl=1 1024w, https:\/\/i0.wp.com\/www.iwheeltravel.com\/wp-content\/uploads\/2018\/09\/DSCF2308.jpg?w=1713&amp;ssl=1 1713w\" data-src=\"https:\/\/www.iwheeltravel.com\/wp-content\/uploads\/2018\/09\/DSCF2308-300x200.jpg\"><\/a><p id=\"caption-attachment-5394\" class=\"wp-caption-text\">Sitting comfortably in the <em>jo\u00eblette<\/em> while looking at the view.<\/p><\/div>\n<\/div>\n<div><\/div>\n<p style=\"text-align: justify;\">As for carriers, it has been physically demanding. Usually, you only need two people to carry the jo\u00eblette. For this hike in particular, despite the electrical assistance, I would say three carriers, as we were, is required to rotate and get some rest. Indeed the pathway become more steep, rocky and challenging after the Oule lake and it will be helpful to have carriers with (very) good physical condition. If you don&#8217;t feel going through the most difficult part of the trail you can still hike from the Col du Portet to the Oule lake and skip the part between the Oule lake and the Bastan lake. You will still see amazing landscapes and won&#8217;t be disappointed.<\/p>\n<div>\n<div><\/div>\n<div>\n<div id=\"attachment_5395\" style=\"width: 1184px\" class=\"wp-caption aligncenter\"><a href=\"https:\/\/www.iwheeltravel.com\/wp-content\/uploads\/2018\/09\/DSCF2318.jpg\"><noscript><img decoding=\"async\" aria-describedby=\"caption-attachment-5395\" class=\"wp-image-5395\" src=\"https:\/\/i0.wp.com\/www.iwheeltravel.com\/wp-content\/uploads\/2018\/09\/DSCF2318.jpg?resize=1000%2C666&#038;ssl=1\" alt=\"lac de l'oule col du portet randonn\u00e9e GR10\" width=\"1000\" height=\"666\" srcset=\"https:\/\/i0.wp.com\/www.iwheeltravel.com\/wp-content\/uploads\/2018\/09\/DSCF2318.jpg?resize=300%2C200&amp;ssl=1 300w, https:\/\/i0.wp.com\/www.iwheeltravel.com\/wp-content\/uploads\/2018\/09\/DSCF2318.jpg?resize=768%2C512&amp;ssl=1 768w, https:\/\/i0.wp.com\/www.iwheeltravel.com\/wp-content\/uploads\/2018\/09\/DSCF2318.jpg?resize=1024%2C683&amp;ssl=1 1024w, https:\/\/i0.wp.com\/www.iwheeltravel.com\/wp-content\/uploads\/2018\/09\/DSCF2318.jpg?w=1713&amp;ssl=1 1713w\" sizes=\"(max-width: 1000px) 100vw, 1000px\" data-recalc-dims=\"1\"><\/noscript><img decoding=\"async\" aria-describedby=\"caption-attachment-5395\" class=\"wp-image-5395 lazyload\" src=\"data:image\/svg+xml,%3Csvg%20xmlns%3D%22http%3A%2F%2Fwww.w3.org%2F2000%2Fsvg%22%20viewBox%3D%220%200%201174%20782%22%3E%3C%2Fsvg%3E\" alt=\"lac de l'oule col du portet randonn\u00e9e GR10\" width=\"1174\" height=\"782\" srcset=\"data:image\/svg+xml,%3Csvg%20xmlns%3D%22http%3A%2F%2Fwww.w3.org%2F2000%2Fsvg%22%20viewBox%3D%220%200%201174%20782%22%3E%3C%2Fsvg%3E 1174w\" sizes=\"(max-width: 1000px) 100vw, 1000px\" data-srcset=\"https:\/\/i0.wp.com\/www.iwheeltravel.com\/wp-content\/uploads\/2018\/09\/DSCF2318.jpg?resize=300%2C200&amp;ssl=1 300w, https:\/\/i0.wp.com\/www.iwheeltravel.com\/wp-content\/uploads\/2018\/09\/DSCF2318.jpg?resize=768%2C512&amp;ssl=1 768w, https:\/\/i0.wp.com\/www.iwheeltravel.com\/wp-content\/uploads\/2018\/09\/DSCF2318.jpg?resize=1024%2C683&amp;ssl=1 1024w, https:\/\/i0.wp.com\/www.iwheeltravel.com\/wp-content\/uploads\/2018\/09\/DSCF2318.jpg?w=1713&amp;ssl=1 1713w\" data-src=\"https:\/\/www.iwheeltravel.com\/wp-content\/uploads\/2018\/09\/DSCF2318-300x200.jpg\"><\/a><p id=\"caption-attachment-5395\" class=\"wp-caption-text\">At the start of the hike, between the Col du Portet and the Oule lake.<\/p><\/div>\n<\/div>\n<\/div>\n<div><\/div>\n<p style=\"text-align: justify;\">During the hike Franck tested the front carrier position as well as the back one. He thinks that being in the front is more physical but that being behind is more technical as you are the one guiding, handling the breaks and the electrical assistance. Indeed we didn&#8217;t use the electrical assistance all along the trail because we didn&#8217;t know its range. On flat ground and on small and gentle slopes it was easy to move forward without it, so we didn&#8217;t use it. We saved it to help us climb the steep and rocky slopes and we were right to do so. It would have been quite challenging without it&#8230; Unless being carried by&nbsp;Sylvester Stallone, Hugh Jackman or Dwayne Johnson!<\/p>\n<div><\/div>\n<div>\n<div id=\"attachment_5399\" style=\"width: 1206px\" class=\"wp-caption aligncenter\"><a href=\"https:\/\/www.iwheeltravel.com\/wp-content\/uploads\/2018\/09\/DSCF2363.jpg\"><noscript><img decoding=\"async\" aria-describedby=\"caption-attachment-5399\" class=\"wp-image-5399\" src=\"https:\/\/i0.wp.com\/www.iwheeltravel.com\/wp-content\/uploads\/2018\/09\/DSCF2363.jpg?resize=1000%2C666&#038;ssl=1\" alt=\"randonn\u00e9e lac de bastan\" width=\"1000\" height=\"666\" srcset=\"https:\/\/i0.wp.com\/www.iwheeltravel.com\/wp-content\/uploads\/2018\/09\/DSCF2363.jpg?resize=300%2C200&amp;ssl=1 300w, https:\/\/i0.wp.com\/www.iwheeltravel.com\/wp-content\/uploads\/2018\/09\/DSCF2363.jpg?resize=768%2C512&amp;ssl=1 768w, https:\/\/i0.wp.com\/www.iwheeltravel.com\/wp-content\/uploads\/2018\/09\/DSCF2363.jpg?resize=1024%2C683&amp;ssl=1 1024w, https:\/\/i0.wp.com\/www.iwheeltravel.com\/wp-content\/uploads\/2018\/09\/DSCF2363.jpg?w=1713&amp;ssl=1 1713w\" sizes=\"(max-width: 1000px) 100vw, 1000px\" data-recalc-dims=\"1\"><\/noscript><img decoding=\"async\" aria-describedby=\"caption-attachment-5399\" class=\"wp-image-5399 lazyload\" src=\"data:image\/svg+xml,%3Csvg%20xmlns%3D%22http%3A%2F%2Fwww.w3.org%2F2000%2Fsvg%22%20viewBox%3D%220%200%201196%20797%22%3E%3C%2Fsvg%3E\" alt=\"randonn\u00e9e lac de bastan\" width=\"1196\" height=\"797\" srcset=\"data:image\/svg+xml,%3Csvg%20xmlns%3D%22http%3A%2F%2Fwww.w3.org%2F2000%2Fsvg%22%20viewBox%3D%220%200%201196%20797%22%3E%3C%2Fsvg%3E 1196w\" sizes=\"(max-width: 1000px) 100vw, 1000px\" data-srcset=\"https:\/\/i0.wp.com\/www.iwheeltravel.com\/wp-content\/uploads\/2018\/09\/DSCF2363.jpg?resize=300%2C200&amp;ssl=1 300w, https:\/\/i0.wp.com\/www.iwheeltravel.com\/wp-content\/uploads\/2018\/09\/DSCF2363.jpg?resize=768%2C512&amp;ssl=1 768w, https:\/\/i0.wp.com\/www.iwheeltravel.com\/wp-content\/uploads\/2018\/09\/DSCF2363.jpg?resize=1024%2C683&amp;ssl=1 1024w, https:\/\/i0.wp.com\/www.iwheeltravel.com\/wp-content\/uploads\/2018\/09\/DSCF2363.jpg?w=1713&amp;ssl=1 1713w\" data-src=\"https:\/\/www.iwheeltravel.com\/wp-content\/uploads\/2018\/09\/DSCF2363-300x200.jpg\"><\/a><p id=\"caption-attachment-5399\" class=\"wp-caption-text\">Things start to get more difficult.<\/p><\/div>\n<\/div>\n<div><\/div>\n<div><strong>Where to rent a <em>jo\u00eblette<\/em>? <\/strong><\/div>\n<div style=\"text-align: justify;\">At the shop&nbsp;<a class=\"lien-post broken_link\" href=\"http:\/\/www.alex-sports.com\/\">Alex sports<\/a>. Address: Route du Pla d&#8217;Adet, Vignec. Phone: +335 62 39 47 20.<\/div>\n<div style=\"text-align: justify;\">Cost: 40 or 60 euros a day depending if you choose a classic jo\u00eblette or one with electrical assistance. If you can&#8217;t convey the jo\u00eblette in your own car to reach the start of your hike, Alex Sports can convey it for you but they will charge for additional cost.<\/div>\n<h2><span class=\"ez-toc-section\" id=\"Going_down_the_Pic_du_Midi_mountain_in_a_%E2%80%9CCimgo%E2%80%9D_all-terrain_wheelchair\"><\/span>Going down the Pic du Midi mountain in a &#8220;Cimgo&#8221; all-terrain wheelchair<span class=\"ez-toc-section-end\"><\/span><\/h2>\n<p style=\"text-align: justify;\">Different mountain, different settings. <a class=\"lien-post\" href=\"https:\/\/www.iwheeltravel.com\/en\/2018\/04\/06\/pic-du-midi-wheelchair-accessible-sight-mountain-handicap\/\">After I discovered it covered by snow in last March, here I am 5 months later, back in the Pic du Midi de Bigorre<\/a> to live an extraordinary experience. But this time the mountain wears its rocky and greenish coat. The view is still as compelling but also very different: a sea of clouds surrounding the summits makes the place feel almost mystical.<\/p>\n<div id=\"attachment_5409\" style=\"width: 1134px\" class=\"wp-caption aligncenter\"><a href=\"https:\/\/www.iwheeltravel.com\/wp-content\/uploads\/2018\/09\/DSCF2506.jpg\"><noscript><img decoding=\"async\" aria-describedby=\"caption-attachment-5409\" class=\"wp-image-5409\" src=\"https:\/\/i0.wp.com\/www.iwheeltravel.com\/wp-content\/uploads\/2018\/09\/DSCF2506.jpg?resize=1000%2C666&#038;ssl=1\" alt=\"Pic du midi ponton dans le ciel\" width=\"1000\" height=\"666\" srcset=\"https:\/\/i0.wp.com\/www.iwheeltravel.com\/wp-content\/uploads\/2018\/09\/DSCF2506.jpg?resize=300%2C200&amp;ssl=1 300w, https:\/\/i0.wp.com\/www.iwheeltravel.com\/wp-content\/uploads\/2018\/09\/DSCF2506.jpg?resize=768%2C512&amp;ssl=1 768w, https:\/\/i0.wp.com\/www.iwheeltravel.com\/wp-content\/uploads\/2018\/09\/DSCF2506.jpg?resize=1024%2C683&amp;ssl=1 1024w, https:\/\/i0.wp.com\/www.iwheeltravel.com\/wp-content\/uploads\/2018\/09\/DSCF2506.jpg?w=1713&amp;ssl=1 1713w\" sizes=\"(max-width: 1000px) 100vw, 1000px\" data-recalc-dims=\"1\"><\/noscript><img decoding=\"async\" aria-describedby=\"caption-attachment-5409\" class=\"wp-image-5409 lazyload\" src=\"data:image\/svg+xml,%3Csvg%20xmlns%3D%22http%3A%2F%2Fwww.w3.org%2F2000%2Fsvg%22%20viewBox%3D%220%200%201124%20749%22%3E%3C%2Fsvg%3E\" alt=\"Pic du midi ponton dans le ciel\" width=\"1124\" height=\"749\" srcset=\"data:image\/svg+xml,%3Csvg%20xmlns%3D%22http%3A%2F%2Fwww.w3.org%2F2000%2Fsvg%22%20viewBox%3D%220%200%201124%20749%22%3E%3C%2Fsvg%3E 1124w\" sizes=\"(max-width: 1000px) 100vw, 1000px\" data-srcset=\"https:\/\/i0.wp.com\/www.iwheeltravel.com\/wp-content\/uploads\/2018\/09\/DSCF2506.jpg?resize=300%2C200&amp;ssl=1 300w, https:\/\/i0.wp.com\/www.iwheeltravel.com\/wp-content\/uploads\/2018\/09\/DSCF2506.jpg?resize=768%2C512&amp;ssl=1 768w, https:\/\/i0.wp.com\/www.iwheeltravel.com\/wp-content\/uploads\/2018\/09\/DSCF2506.jpg?resize=1024%2C683&amp;ssl=1 1024w, https:\/\/i0.wp.com\/www.iwheeltravel.com\/wp-content\/uploads\/2018\/09\/DSCF2506.jpg?w=1713&amp;ssl=1 1713w\" data-src=\"https:\/\/www.iwheeltravel.com\/wp-content\/uploads\/2018\/09\/DSCF2506-300x200.jpg\"><\/a><p id=\"caption-attachment-5409\" class=\"wp-caption-text\">The platform in the sky above the sea of clouds.<\/p><\/div>\n<p style=\"text-align: justify;\">Inside the observatory, we visited the museum where we learnt a lot about the history of the Pic du Midi, its observatory and the scientific projects which were initiated here. We also learnt about space phenomena which are explained by simple or detailed interactive texts.<\/p>\n<div id=\"attachment_5410\" style=\"width: 1187px\" class=\"wp-caption aligncenter\"><a href=\"https:\/\/www.iwheeltravel.com\/wp-content\/uploads\/2018\/09\/DSCF2524.jpg\"><noscript><img decoding=\"async\" aria-describedby=\"caption-attachment-5410\" class=\"wp-image-5410\" src=\"https:\/\/i0.wp.com\/www.iwheeltravel.com\/wp-content\/uploads\/2018\/09\/DSCF2524.jpg?resize=1000%2C666&#038;ssl=1\" alt=\"Espace exp\u00e9riences, Pic du Midi de Bigorres. \" width=\"1000\" height=\"666\" srcset=\"https:\/\/i0.wp.com\/www.iwheeltravel.com\/wp-content\/uploads\/2018\/09\/DSCF2524.jpg?resize=300%2C200&amp;ssl=1 300w, https:\/\/i0.wp.com\/www.iwheeltravel.com\/wp-content\/uploads\/2018\/09\/DSCF2524.jpg?resize=768%2C512&amp;ssl=1 768w, https:\/\/i0.wp.com\/www.iwheeltravel.com\/wp-content\/uploads\/2018\/09\/DSCF2524.jpg?resize=1024%2C683&amp;ssl=1 1024w, https:\/\/i0.wp.com\/www.iwheeltravel.com\/wp-content\/uploads\/2018\/09\/DSCF2524.jpg?w=1713&amp;ssl=1 1713w\" sizes=\"(max-width: 1000px) 100vw, 1000px\" data-recalc-dims=\"1\"><\/noscript><img decoding=\"async\" aria-describedby=\"caption-attachment-5410\" class=\"wp-image-5410 lazyload\" src=\"data:image\/svg+xml,%3Csvg%20xmlns%3D%22http%3A%2F%2Fwww.w3.org%2F2000%2Fsvg%22%20viewBox%3D%220%200%201177%20784%22%3E%3C%2Fsvg%3E\" alt=\"Espace exp\u00e9riences, Pic du Midi de Bigorres. \" width=\"1177\" height=\"784\" srcset=\"data:image\/svg+xml,%3Csvg%20xmlns%3D%22http%3A%2F%2Fwww.w3.org%2F2000%2Fsvg%22%20viewBox%3D%220%200%201177%20784%22%3E%3C%2Fsvg%3E 1177w\" sizes=\"(max-width: 1000px) 100vw, 1000px\" data-srcset=\"https:\/\/i0.wp.com\/www.iwheeltravel.com\/wp-content\/uploads\/2018\/09\/DSCF2524.jpg?resize=300%2C200&amp;ssl=1 300w, https:\/\/i0.wp.com\/www.iwheeltravel.com\/wp-content\/uploads\/2018\/09\/DSCF2524.jpg?resize=768%2C512&amp;ssl=1 768w, https:\/\/i0.wp.com\/www.iwheeltravel.com\/wp-content\/uploads\/2018\/09\/DSCF2524.jpg?resize=1024%2C683&amp;ssl=1 1024w, https:\/\/i0.wp.com\/www.iwheeltravel.com\/wp-content\/uploads\/2018\/09\/DSCF2524.jpg?w=1713&amp;ssl=1 1713w\" data-src=\"https:\/\/www.iwheeltravel.com\/wp-content\/uploads\/2018\/09\/DSCF2524-300x200.jpg\"><\/a><p id=\"caption-attachment-5410\" class=\"wp-caption-text\">The museum.<\/p><\/div>\n<p style=\"text-align: justify;\">But like I said before I was about to live an amazing experience. This time Franck and I are not going down taking the cable-car. This time I will go down the Pic du Midi, from the summit to the ski resort, in a Cimgo and Franck will ride a bike. So what is a Cimgo? It is an all-terrain wheelchair guided by a person specifically trained to be able to handle it.<\/p>\n<p style=\"text-align: justify;\">At the observatory we met Fran\u00e7ois Laboissette who will guide me through the mountain. I am a bit afraid of the descent but I know I am in good hands: Fran\u00e7ois is used to assist disabled people with adaptive sports and activities in mountains. He has been doing this since 1993! Aware of my fears, he took some time to make me feel more at ease, explaining the security and breaks systems of the Cimgo. <strong>5 minutes later I was comfortably sitting in the all-terrain wheelchair, ready to hurtle down the impressive slopes of the mountain!<\/strong><\/p>\n<div id=\"attachment_5413\" style=\"width: 1199px\" class=\"wp-caption aligncenter\"><a href=\"https:\/\/www.iwheeltravel.com\/wp-content\/uploads\/2018\/09\/IMG_1101.jpg\"><noscript><img decoding=\"async\" aria-describedby=\"caption-attachment-5413\" class=\"wp-image-5413\" src=\"https:\/\/i0.wp.com\/www.iwheeltravel.com\/wp-content\/uploads\/2018\/09\/IMG_1101.jpg?resize=1000%2C750&#038;ssl=1\" alt=\"cimgo fauteuil tout terrain pic du midi pyr\u00e9n\u00e9es handicap\" width=\"1000\" height=\"750\" srcset=\"https:\/\/i0.wp.com\/www.iwheeltravel.com\/wp-content\/uploads\/2018\/09\/IMG_1101.jpg?resize=300%2C225&amp;ssl=1 300w, https:\/\/i0.wp.com\/www.iwheeltravel.com\/wp-content\/uploads\/2018\/09\/IMG_1101.jpg?resize=768%2C576&amp;ssl=1 768w, https:\/\/i0.wp.com\/www.iwheeltravel.com\/wp-content\/uploads\/2018\/09\/IMG_1101.jpg?resize=1024%2C768&amp;ssl=1 1024w, https:\/\/i0.wp.com\/www.iwheeltravel.com\/wp-content\/uploads\/2018\/09\/IMG_1101.jpg?resize=370%2C278&amp;ssl=1 370w, https:\/\/i0.wp.com\/www.iwheeltravel.com\/wp-content\/uploads\/2018\/09\/IMG_1101.jpg?w=1411&amp;ssl=1 1411w\" sizes=\"(max-width: 1000px) 100vw, 1000px\" data-recalc-dims=\"1\"><\/noscript><img decoding=\"async\" aria-describedby=\"caption-attachment-5413\" class=\"wp-image-5413 lazyload\" src=\"data:image\/svg+xml,%3Csvg%20xmlns%3D%22http%3A%2F%2Fwww.w3.org%2F2000%2Fsvg%22%20viewBox%3D%220%200%201189%20892%22%3E%3C%2Fsvg%3E\" alt=\"cimgo fauteuil tout terrain pic du midi pyr\u00e9n\u00e9es handicap\" width=\"1189\" height=\"892\" srcset=\"data:image\/svg+xml,%3Csvg%20xmlns%3D%22http%3A%2F%2Fwww.w3.org%2F2000%2Fsvg%22%20viewBox%3D%220%200%201189%20892%22%3E%3C%2Fsvg%3E 1189w\" sizes=\"(max-width: 1000px) 100vw, 1000px\" data-srcset=\"https:\/\/i0.wp.com\/www.iwheeltravel.com\/wp-content\/uploads\/2018\/09\/IMG_1101.jpg?resize=300%2C225&amp;ssl=1 300w, https:\/\/i0.wp.com\/www.iwheeltravel.com\/wp-content\/uploads\/2018\/09\/IMG_1101.jpg?resize=768%2C576&amp;ssl=1 768w, https:\/\/i0.wp.com\/www.iwheeltravel.com\/wp-content\/uploads\/2018\/09\/IMG_1101.jpg?resize=1024%2C768&amp;ssl=1 1024w, https:\/\/i0.wp.com\/www.iwheeltravel.com\/wp-content\/uploads\/2018\/09\/IMG_1101.jpg?resize=370%2C278&amp;ssl=1 370w, https:\/\/i0.wp.com\/www.iwheeltravel.com\/wp-content\/uploads\/2018\/09\/IMG_1101.jpg?w=1411&amp;ssl=1 1411w\" data-src=\"https:\/\/www.iwheeltravel.com\/wp-content\/uploads\/2018\/09\/IMG_1101-300x225.jpg\"><\/a><p id=\"caption-attachment-5413\" class=\"wp-caption-text\">Comfortably sit in the Cimgo, listening at Fran\u00e7ois&#8217; explanations.<\/p><\/div>\n<div><\/div>\n<div style=\"text-align: justify;\">The beginning of the descent is very impressive because the slope is really steep. We overlook the other mountains around us and stare at the void. In spite of everything I feel confident and safe. Fran\u00e7ois is genuinely careful and I can tell he knows what he is doing. In 3 minutes only, my fears were gone. Now I am fully enjoying the experience and admiring the spectacular landscapes surrounding us. During the first meters we move very slowly and carefully, rolling on big rocks. Franck is following us, walking by the side of his bike. The motion was sometime surprising, and while this was a somewhat shaky start, mainly because of the rocks, I had so much fun. At that moment, I feel many emotions.<strong> I am happy, proud and very excited. I am fully aware of how unique this is<\/strong>.<\/div>\n<div><\/div>\n<div>\n<div id=\"attachment_5414\" style=\"width: 1189px\" class=\"wp-caption aligncenter\"><a href=\"https:\/\/www.iwheeltravel.com\/wp-content\/uploads\/2018\/09\/IMG_E1107.jpg\"><noscript><img decoding=\"async\" aria-describedby=\"caption-attachment-5414\" class=\"wp-image-5414\" src=\"https:\/\/i0.wp.com\/www.iwheeltravel.com\/wp-content\/uploads\/2018\/09\/IMG_E1107.jpg?resize=1000%2C750&#038;ssl=1\" alt=\"Pic du midi Bigorre cimgo handicap \" width=\"1000\" height=\"750\" srcset=\"https:\/\/i0.wp.com\/www.iwheeltravel.com\/wp-content\/uploads\/2018\/09\/IMG_E1107.jpg?resize=300%2C225&amp;ssl=1 300w, https:\/\/i0.wp.com\/www.iwheeltravel.com\/wp-content\/uploads\/2018\/09\/IMG_E1107.jpg?resize=768%2C576&amp;ssl=1 768w, https:\/\/i0.wp.com\/www.iwheeltravel.com\/wp-content\/uploads\/2018\/09\/IMG_E1107.jpg?resize=1024%2C768&amp;ssl=1 1024w, https:\/\/i0.wp.com\/www.iwheeltravel.com\/wp-content\/uploads\/2018\/09\/IMG_E1107.jpg?resize=370%2C278&amp;ssl=1 370w, https:\/\/i0.wp.com\/www.iwheeltravel.com\/wp-content\/uploads\/2018\/09\/IMG_E1107.jpg?w=1299&amp;ssl=1 1299w\" sizes=\"(max-width: 1000px) 100vw, 1000px\" data-recalc-dims=\"1\"><\/noscript><img decoding=\"async\" aria-describedby=\"caption-attachment-5414\" class=\"wp-image-5414 lazyload\" src=\"data:image\/svg+xml,%3Csvg%20xmlns%3D%22http%3A%2F%2Fwww.w3.org%2F2000%2Fsvg%22%20viewBox%3D%220%200%201179%20884%22%3E%3C%2Fsvg%3E\" alt=\"Pic du midi Bigorre cimgo handicap \" width=\"1179\" height=\"884\" srcset=\"data:image\/svg+xml,%3Csvg%20xmlns%3D%22http%3A%2F%2Fwww.w3.org%2F2000%2Fsvg%22%20viewBox%3D%220%200%201179%20884%22%3E%3C%2Fsvg%3E 1179w\" sizes=\"(max-width: 1000px) 100vw, 1000px\" data-srcset=\"https:\/\/i0.wp.com\/www.iwheeltravel.com\/wp-content\/uploads\/2018\/09\/IMG_E1107.jpg?resize=300%2C225&amp;ssl=1 300w, https:\/\/i0.wp.com\/www.iwheeltravel.com\/wp-content\/uploads\/2018\/09\/IMG_E1107.jpg?resize=768%2C576&amp;ssl=1 768w, https:\/\/i0.wp.com\/www.iwheeltravel.com\/wp-content\/uploads\/2018\/09\/IMG_E1107.jpg?resize=1024%2C768&amp;ssl=1 1024w, https:\/\/i0.wp.com\/www.iwheeltravel.com\/wp-content\/uploads\/2018\/09\/IMG_E1107.jpg?resize=370%2C278&amp;ssl=1 370w, https:\/\/i0.wp.com\/www.iwheeltravel.com\/wp-content\/uploads\/2018\/09\/IMG_E1107.jpg?w=1299&amp;ssl=1 1299w\" data-src=\"https:\/\/www.iwheeltravel.com\/wp-content\/uploads\/2018\/09\/IMG_E1107-300x225.jpg\"><\/a><p id=\"caption-attachment-5414\" class=\"wp-caption-text\">The beginning of the descent.<\/p><\/div>\n<\/div>\n<div><\/div>\n<p style=\"text-align: justify;\">After the first 4\/5 zigzags the ground becomes less uneven and easier to roll on. The sensations are smoother. As we go forward a small track appears and then a real pathway. We increase our speed and Franck starts to ride his bike. Now the feelings are almost the same that those I experienced when <a class=\"lien-post\" href=\"https:\/\/www.iwheeltravel.com\/en\/2018\/05\/03\/travelling-aveyron-france-handicap-bozouls-wheelchair\/\">I rode an all-terrain wheelchair in a canyon in Aveyron<\/a> but the landscapes are very different. We take our time and stop a few times to admire the wild nature surrounding us. We even have the chance to spot three vultures flying just above us during a few minutes. What a show! A few metres downward we also encounter some sheeps and cows.<\/p>\n<div><\/div>\n<p><a href=\"https:\/\/www.iwheeltravel.com\/wp-content\/uploads\/2018\/09\/IMG_E1131.jpg\"><noscript><img decoding=\"async\" class=\"aligncenter wp-image-5417\" src=\"https:\/\/i0.wp.com\/www.iwheeltravel.com\/wp-content\/uploads\/2018\/09\/IMG_E1131.jpg?resize=1000%2C750&#038;ssl=1\" alt=\"Pyr\u00e9n\u00e9es montagne handicap cimgo pic du midi\" width=\"1000\" height=\"750\" srcset=\"https:\/\/i0.wp.com\/www.iwheeltravel.com\/wp-content\/uploads\/2018\/09\/IMG_E1131.jpg?resize=300%2C225&amp;ssl=1 300w, https:\/\/i0.wp.com\/www.iwheeltravel.com\/wp-content\/uploads\/2018\/09\/IMG_E1131.jpg?resize=768%2C576&amp;ssl=1 768w, https:\/\/i0.wp.com\/www.iwheeltravel.com\/wp-content\/uploads\/2018\/09\/IMG_E1131.jpg?resize=1024%2C767&amp;ssl=1 1024w, https:\/\/i0.wp.com\/www.iwheeltravel.com\/wp-content\/uploads\/2018\/09\/IMG_E1131.jpg?resize=370%2C278&amp;ssl=1 370w, https:\/\/i0.wp.com\/www.iwheeltravel.com\/wp-content\/uploads\/2018\/09\/IMG_E1131.jpg?w=1281&amp;ssl=1 1281w\" sizes=\"(max-width: 1000px) 100vw, 1000px\" data-recalc-dims=\"1\"><\/noscript><img decoding=\"async\" class=\"aligncenter wp-image-5417 lazyload\" src=\"data:image\/svg+xml,%3Csvg%20xmlns%3D%22http%3A%2F%2Fwww.w3.org%2F2000%2Fsvg%22%20viewBox%3D%220%200%201132%20849%22%3E%3C%2Fsvg%3E\" alt=\"Pyr\u00e9n\u00e9es montagne handicap cimgo pic du midi\" width=\"1132\" height=\"849\" srcset=\"data:image\/svg+xml,%3Csvg%20xmlns%3D%22http%3A%2F%2Fwww.w3.org%2F2000%2Fsvg%22%20viewBox%3D%220%200%201132%20849%22%3E%3C%2Fsvg%3E 1132w\" sizes=\"(max-width: 1000px) 100vw, 1000px\" data-srcset=\"https:\/\/i0.wp.com\/www.iwheeltravel.com\/wp-content\/uploads\/2018\/09\/IMG_E1131.jpg?resize=300%2C225&amp;ssl=1 300w, https:\/\/i0.wp.com\/www.iwheeltravel.com\/wp-content\/uploads\/2018\/09\/IMG_E1131.jpg?resize=768%2C576&amp;ssl=1 768w, https:\/\/i0.wp.com\/www.iwheeltravel.com\/wp-content\/uploads\/2018\/09\/IMG_E1131.jpg?resize=1024%2C767&amp;ssl=1 1024w, https:\/\/i0.wp.com\/www.iwheeltravel.com\/wp-content\/uploads\/2018\/09\/IMG_E1131.jpg?resize=370%2C278&amp;ssl=1 370w, https:\/\/i0.wp.com\/www.iwheeltravel.com\/wp-content\/uploads\/2018\/09\/IMG_E1131.jpg?w=1281&amp;ssl=1 1281w\" data-src=\"https:\/\/www.iwheeltravel.com\/wp-content\/uploads\/2018\/09\/IMG_E1131-300x225.jpg\"><\/a><\/p>\n<div><\/div>\n<p style=\"text-align: justify;\">After we reached the famous Col du Tourmalet, we joined up with the road and started the last part of our journey which ends at the Mongie ski resort. <strong>We are going down very fast. In a few seconds we&#8217;re reaching 50km\/h<\/strong> and we&#8217;re rapidly seing the ski resort. It has been already 3 hours since we left the summit but I feel like it was less than an hour ago! I make the most of this last moments, I enjoy the speed and I realise how great was this day!<\/p>\n<div><\/div>\n<div>\n<div id=\"attachment_5421\" style=\"width: 472px\" class=\"wp-caption aligncenter\"><a href=\"https:\/\/www.iwheeltravel.com\/wp-content\/uploads\/2018\/09\/IMG_E1157.jpg\"><noscript><img decoding=\"async\" aria-describedby=\"caption-attachment-5421\" class=\"wp-image-5421\" src=\"https:\/\/i0.wp.com\/www.iwheeltravel.com\/wp-content\/uploads\/2018\/09\/IMG_E1157.jpg?resize=462%2C616&#038;ssl=1\" alt=\"Col du tourmalet pyr\u00e9n\u00e9es handicap cimgo\" width=\"462\" height=\"616\" srcset=\"https:\/\/i0.wp.com\/www.iwheeltravel.com\/wp-content\/uploads\/2018\/09\/IMG_E1157.jpg?resize=225%2C300&amp;ssl=1 225w, https:\/\/i0.wp.com\/www.iwheeltravel.com\/wp-content\/uploads\/2018\/09\/IMG_E1157.jpg?resize=768%2C1024&amp;ssl=1 768w, https:\/\/i0.wp.com\/www.iwheeltravel.com\/wp-content\/uploads\/2018\/09\/IMG_E1157.jpg?w=1058&amp;ssl=1 1058w\" sizes=\"(max-width: 462px) 100vw, 462px\" data-recalc-dims=\"1\"><\/noscript><img decoding=\"async\" aria-describedby=\"caption-attachment-5421\" class=\"wp-image-5421 lazyload\" src=\"data:image\/svg+xml,%3Csvg%20xmlns%3D%22http%3A%2F%2Fwww.w3.org%2F2000%2Fsvg%22%20viewBox%3D%220%200%20462%20616%22%3E%3C%2Fsvg%3E\" alt=\"Col du tourmalet pyr\u00e9n\u00e9es handicap cimgo\" width=\"462\" height=\"616\" srcset=\"data:image\/svg+xml,%3Csvg%20xmlns%3D%22http%3A%2F%2Fwww.w3.org%2F2000%2Fsvg%22%20viewBox%3D%220%200%20462%20616%22%3E%3C%2Fsvg%3E 462w\" sizes=\"(max-width: 462px) 100vw, 462px\" data-srcset=\"https:\/\/i0.wp.com\/www.iwheeltravel.com\/wp-content\/uploads\/2018\/09\/IMG_E1157.jpg?resize=225%2C300&amp;ssl=1 225w, https:\/\/i0.wp.com\/www.iwheeltravel.com\/wp-content\/uploads\/2018\/09\/IMG_E1157.jpg?resize=768%2C1024&amp;ssl=1 768w, https:\/\/i0.wp.com\/www.iwheeltravel.com\/wp-content\/uploads\/2018\/09\/IMG_E1157.jpg?w=1058&amp;ssl=1 1058w\" data-src=\"https:\/\/www.iwheeltravel.com\/wp-content\/uploads\/2018\/09\/IMG_E1157-225x300.jpg\"><\/a><p id=\"caption-attachment-5421\" class=\"wp-caption-text\">Col du Tourmalet souvenir-photo.<\/p><\/div>\n<\/div>\n<div><\/div>\n<div><strong>Where to ride a Cimgo in the Pyr\u00e9n\u00e9es?<\/strong><\/div>\n<p style=\"text-align: justify;\">Fran\u00e7ois Laboissette offers many Cimgo ride options in different places but always in the mountains. The Pic du Midi ride is the most spectacular but there are others which are easier and less intense. You can find all the information on Fran\u00e7ois website <a class=\"lien-post\" href=\"https:\/\/www.tourisme-occitanie.com\/handicap-outdoor-pyrenees\/tarbes\">Handicap Outdoor Pyr\u00e9n\u00e9es<\/a> (in French). Cost ranges from 25 to 520 euros for a weekend. The Pic du Midi experience costs 250 euros for a passenger and another person coming with them. That includes cable car passes, the guide, the rent of a bike and access to the planetarium.<\/p>\n<p><a href=\"https:\/\/www.iwheeltravel.com\/wp-content\/uploads\/2018\/09\/IMG_E1117.jpg\"><noscript><img decoding=\"async\" class=\"aligncenter wp-image-5415\" src=\"https:\/\/i0.wp.com\/www.iwheeltravel.com\/wp-content\/uploads\/2018\/09\/IMG_E1117.jpg?resize=1000%2C750&#038;ssl=1\" alt=\"pic du midi pyr\u00e9n\u00e9es cimgo handicap\" width=\"1000\" height=\"750\" srcset=\"https:\/\/i0.wp.com\/www.iwheeltravel.com\/wp-content\/uploads\/2018\/09\/IMG_E1117.jpg?resize=300%2C225&amp;ssl=1 300w, https:\/\/i0.wp.com\/www.iwheeltravel.com\/wp-content\/uploads\/2018\/09\/IMG_E1117.jpg?resize=768%2C576&amp;ssl=1 768w, https:\/\/i0.wp.com\/www.iwheeltravel.com\/wp-content\/uploads\/2018\/09\/IMG_E1117.jpg?resize=1024%2C768&amp;ssl=1 1024w, https:\/\/i0.wp.com\/www.iwheeltravel.com\/wp-content\/uploads\/2018\/09\/IMG_E1117.jpg?resize=370%2C278&amp;ssl=1 370w, https:\/\/i0.wp.com\/www.iwheeltravel.com\/wp-content\/uploads\/2018\/09\/IMG_E1117.jpg?w=1288&amp;ssl=1 1288w\" sizes=\"(max-width: 1000px) 100vw, 1000px\" data-recalc-dims=\"1\"><\/noscript><img decoding=\"async\" class=\"aligncenter wp-image-5415 lazyload\" src=\"data:image\/svg+xml,%3Csvg%20xmlns%3D%22http%3A%2F%2Fwww.w3.org%2F2000%2Fsvg%22%20viewBox%3D%220%200%201156%20867%22%3E%3C%2Fsvg%3E\" alt=\"pic du midi pyr\u00e9n\u00e9es cimgo handicap\" width=\"1156\" height=\"867\" srcset=\"data:image\/svg+xml,%3Csvg%20xmlns%3D%22http%3A%2F%2Fwww.w3.org%2F2000%2Fsvg%22%20viewBox%3D%220%200%201156%20867%22%3E%3C%2Fsvg%3E 1156w\" sizes=\"(max-width: 1000px) 100vw, 1000px\" data-srcset=\"https:\/\/i0.wp.com\/www.iwheeltravel.com\/wp-content\/uploads\/2018\/09\/IMG_E1117.jpg?resize=300%2C225&amp;ssl=1 300w, https:\/\/i0.wp.com\/www.iwheeltravel.com\/wp-content\/uploads\/2018\/09\/IMG_E1117.jpg?resize=768%2C576&amp;ssl=1 768w, https:\/\/i0.wp.com\/www.iwheeltravel.com\/wp-content\/uploads\/2018\/09\/IMG_E1117.jpg?resize=1024%2C768&amp;ssl=1 1024w, https:\/\/i0.wp.com\/www.iwheeltravel.com\/wp-content\/uploads\/2018\/09\/IMG_E1117.jpg?resize=370%2C278&amp;ssl=1 370w, https:\/\/i0.wp.com\/www.iwheeltravel.com\/wp-content\/uploads\/2018\/09\/IMG_E1117.jpg?w=1288&amp;ssl=1 1288w\" data-src=\"https:\/\/www.iwheeltravel.com\/wp-content\/uploads\/2018\/09\/IMG_E1117-300x225.jpg\"><\/a><\/p>\n<h1><span class=\"ez-toc-section\" id=\"Paragliding_above_the_mountains_with_a_disability\"><\/span>Paragliding above the mountains with a disability<span class=\"ez-toc-section-end\"><\/span><\/h1>\n<p style=\"text-align: justify;\">Do you want to try something different? <strong>Why don&#8217;t go try paragliding? It is possible for a reduced mobility person<\/strong> to experience it. All it takes is to book a tandem paragliding flight with an instructor specifically trained for this. It has been a while since I wanted to try this activity so that crazy week in the French Pyr\u00e9n\u00e9es was the perfect opportunity to do it! So let&#8217;s go the the <a class=\"lien-post\" href=\"https:\/\/www.iwheeltravel.com\/en\/2018\/09\/27\/travel-france-handicap-hautes-pyrenees-aure-louron-valley-wheelchair\/\">Col d&#8217;Azet<\/a> to take off!<\/p>\n<p style=\"text-align: justify;\">But before that Franck and I have to meet the instructors at Genos-Loudenvielle lake because we will go to the summit with them, in their vehicle. It is not adapted but you can follow them with your own car if necessary. As for us, we climb in this van and left my wheelchair at the lake. This way it will be waiting for me on the landing area.<\/p>\n<p style=\"text-align: justify;\">20 minutes later we arrive at the Col d&#8217;Azet. I get out the van and directly sit in the paragliding chair and Thierry, my instructor, straps me. With another instructor they tow me up the hill to the take-off area. Franck is also getting ready. In 5 minutes we are ready to flight but unfortunately we are surrounded by clouds and it is impossible to take-off now. So we wait.<\/p>\n<div id=\"attachment_5403\" style=\"width: 1161px\" class=\"wp-caption aligncenter\"><a href=\"https:\/\/www.iwheeltravel.com\/wp-content\/uploads\/2018\/09\/IMG_1056.jpg\"><noscript><img decoding=\"async\" aria-describedby=\"caption-attachment-5403\" class=\"wp-image-5403\" src=\"https:\/\/i0.wp.com\/www.iwheeltravel.com\/wp-content\/uploads\/2018\/09\/IMG_1056.jpg?resize=1000%2C751&#038;ssl=1\" alt=\"parapente handicap \" width=\"1000\" height=\"751\" srcset=\"https:\/\/i0.wp.com\/www.iwheeltravel.com\/wp-content\/uploads\/2018\/09\/IMG_1056.jpg?resize=300%2C225&amp;ssl=1 300w, https:\/\/i0.wp.com\/www.iwheeltravel.com\/wp-content\/uploads\/2018\/09\/IMG_1056.jpg?resize=768%2C576&amp;ssl=1 768w, https:\/\/i0.wp.com\/www.iwheeltravel.com\/wp-content\/uploads\/2018\/09\/IMG_1056.jpg?resize=1024%2C768&amp;ssl=1 1024w, https:\/\/i0.wp.com\/www.iwheeltravel.com\/wp-content\/uploads\/2018\/09\/IMG_1056.jpg?resize=370%2C278&amp;ssl=1 370w, https:\/\/i0.wp.com\/www.iwheeltravel.com\/wp-content\/uploads\/2018\/09\/IMG_1056.jpg?w=1411&amp;ssl=1 1411w\" sizes=\"(max-width: 1000px) 100vw, 1000px\" data-recalc-dims=\"1\"><\/noscript><img decoding=\"async\" aria-describedby=\"caption-attachment-5403\" class=\"wp-image-5403 lazyload\" src=\"data:image\/svg+xml,%3Csvg%20xmlns%3D%22http%3A%2F%2Fwww.w3.org%2F2000%2Fsvg%22%20viewBox%3D%220%200%201151%20864%22%3E%3C%2Fsvg%3E\" alt=\"parapente handicap \" width=\"1151\" height=\"864\" srcset=\"data:image\/svg+xml,%3Csvg%20xmlns%3D%22http%3A%2F%2Fwww.w3.org%2F2000%2Fsvg%22%20viewBox%3D%220%200%201151%20864%22%3E%3C%2Fsvg%3E 1151w\" sizes=\"(max-width: 1000px) 100vw, 1000px\" data-srcset=\"https:\/\/i0.wp.com\/www.iwheeltravel.com\/wp-content\/uploads\/2018\/09\/IMG_1056.jpg?resize=300%2C225&amp;ssl=1 300w, https:\/\/i0.wp.com\/www.iwheeltravel.com\/wp-content\/uploads\/2018\/09\/IMG_1056.jpg?resize=768%2C576&amp;ssl=1 768w, https:\/\/i0.wp.com\/www.iwheeltravel.com\/wp-content\/uploads\/2018\/09\/IMG_1056.jpg?resize=1024%2C768&amp;ssl=1 1024w, https:\/\/i0.wp.com\/www.iwheeltravel.com\/wp-content\/uploads\/2018\/09\/IMG_1056.jpg?resize=370%2C278&amp;ssl=1 370w, https:\/\/i0.wp.com\/www.iwheeltravel.com\/wp-content\/uploads\/2018\/09\/IMG_1056.jpg?w=1411&amp;ssl=1 1411w\" data-src=\"https:\/\/www.iwheeltravel.com\/wp-content\/uploads\/2018\/09\/IMG_1056-300x225.jpg\"><\/a><p id=\"caption-attachment-5403\" class=\"wp-caption-text\">Instructors helping me to get to the top in the paragliding chair.<\/p><\/div>\n<p style=\"text-align: justify;\">Forty minutes later we finally have an opportunity to take-off. Thierry get the paraglider ready, I put on the helmet and we take-off immediately. Franck also takes-off 10 seconds after us. He is just behind us so we can see each other during the flight which is quite cool!<\/p>\n<p style=\"text-align: justify;\">If I was a bit afraid before the flight, it was gone as soon as we took-off and I immediately enjoyed the smooth sensation. I was so surprised that it is so smooth. It is really enjoyable. We glided in the air while looking at the valley and its beautiful lake. Discovering them in a different way. As I feel confident and safe, Thierry shows me some paragliding moves at the end of the flight. Some motions surprise me and I have a great time. A few minutes later we land. That was so quick&#8230; In a few minutes sensations already start to disappear and make me want to do more paragliding. As addictive as chocolate! We stay to speak with&nbsp;Thierry. He explains us how to fold a paragliding wing and tell us about which paragliding school I have to contact if I want to learn to paraglide by myself.<\/p>\n<div id=\"attachment_5454\" style=\"width: 1149px\" class=\"wp-caption aligncenter\"><a href=\"https:\/\/www.iwheeltravel.com\/wp-content\/uploads\/2018\/10\/Capture-d\u2019\u00e9cran-2018-08-24-\u00e0-22.16.01.png\"><noscript><img decoding=\"async\" aria-describedby=\"caption-attachment-5454\" class=\" wp-image-5454\" src=\"https:\/\/i0.wp.com\/www.iwheeltravel.com\/wp-content\/uploads\/2018\/10\/Capture-d\u2019\u00e9cran-2018-08-24-\u00e0-22.16.01.png?resize=1000%2C627&#038;ssl=1\" alt=\"Paragliding handicap France\" width=\"1000\" height=\"627\" srcset=\"https:\/\/i0.wp.com\/www.iwheeltravel.com\/wp-content\/uploads\/2018\/10\/Capture-d\u2019\u00e9cran-2018-08-24-\u00e0-22.16.01.png?resize=300%2C188&amp;ssl=1 300w, https:\/\/i0.wp.com\/www.iwheeltravel.com\/wp-content\/uploads\/2018\/10\/Capture-d\u2019\u00e9cran-2018-08-24-\u00e0-22.16.01.png?resize=768%2C480&amp;ssl=1 768w, https:\/\/i0.wp.com\/www.iwheeltravel.com\/wp-content\/uploads\/2018\/10\/Capture-d\u2019\u00e9cran-2018-08-24-\u00e0-22.16.01.png?resize=105%2C65&amp;ssl=1 105w, https:\/\/i0.wp.com\/www.iwheeltravel.com\/wp-content\/uploads\/2018\/10\/Capture-d\u2019\u00e9cran-2018-08-24-\u00e0-22.16.01.png?zoom=2&amp;resize=1139%2C714&amp;ssl=1 2278w\" sizes=\"(max-width: 1000px) 100vw, 1000px\" data-recalc-dims=\"1\"><\/noscript><img decoding=\"async\" aria-describedby=\"caption-attachment-5454\" class=\" wp-image-5454 lazyload\" src=\"data:image\/svg+xml,%3Csvg%20xmlns%3D%22http%3A%2F%2Fwww.w3.org%2F2000%2Fsvg%22%20viewBox%3D%220%200%201139%20714%22%3E%3C%2Fsvg%3E\" alt=\"Paragliding handicap France\" width=\"1139\" height=\"714\" srcset=\"data:image\/svg+xml,%3Csvg%20xmlns%3D%22http%3A%2F%2Fwww.w3.org%2F2000%2Fsvg%22%20viewBox%3D%220%200%201139%20714%22%3E%3C%2Fsvg%3E 1139w\" sizes=\"(max-width: 1000px) 100vw, 1000px\" data-srcset=\"https:\/\/i0.wp.com\/www.iwheeltravel.com\/wp-content\/uploads\/2018\/10\/Capture-d\u2019\u00e9cran-2018-08-24-\u00e0-22.16.01.png?resize=300%2C188&amp;ssl=1 300w, https:\/\/i0.wp.com\/www.iwheeltravel.com\/wp-content\/uploads\/2018\/10\/Capture-d\u2019\u00e9cran-2018-08-24-\u00e0-22.16.01.png?resize=768%2C480&amp;ssl=1 768w, https:\/\/i0.wp.com\/www.iwheeltravel.com\/wp-content\/uploads\/2018\/10\/Capture-d\u2019\u00e9cran-2018-08-24-\u00e0-22.16.01.png?resize=105%2C65&amp;ssl=1 105w, https:\/\/i0.wp.com\/www.iwheeltravel.com\/wp-content\/uploads\/2018\/10\/Capture-d\u2019\u00e9cran-2018-08-24-\u00e0-22.16.01.png?zoom=2&amp;resize=1139%2C714&amp;ssl=1 2278w\" data-src=\"https:\/\/www.iwheeltravel.com\/wp-content\/uploads\/2018\/10\/Capture-d\u2019\u00e9cran-2018-08-24-\u00e0-22.16.01-300x188.png\"><\/a><p id=\"caption-attachment-5454\" class=\"wp-caption-text\">Flying above the Louron Valley<\/p><\/div>\n<div><b>Where to do some adaptive paragliding in the Louron Valley?<\/b><\/div>\n<p style=\"text-align: justify;\">You can book a tandem flight with two of the paragliding schools in Loudenvielle:&nbsp;<a class=\"lien-post\" href=\"https:\/\/virevolte.net\/\">Virevolte<\/a>&nbsp;and&nbsp;<a class=\"lien-post broken_link\" href=\"https:\/\/www.epvl.fr\/web\/\">EPVL<\/a>. I flew with Virevolte and everything went great but EPVL has also an instructor trained to paraglide with disabled people. I met her and she is really nice. A 10 to 15 minutes tandem flight&nbsp;costs 80 euros.<\/p>\n<p style=\"text-align: justify;\">If you&#8217;re planning to travel to France, want to discover more wonderful regions and awesome accessible activities you can have a look at all my posts about <a class=\"lien-post\" href=\"https:\/\/www.iwheeltravel.com\/en\/category\/destinations-en\/europe-en\/france-en\/\">travel destinations in France<\/a>.<\/p>\n<div>\n        <p>\n        <em>Did you like this post? Feel free to check out my Patreon page to see how you can support the creation of new ones and be a part of iwheeltravel!<\/em>\n        <\/p>\n    <\/div>\n    <div style=\"text-align: center; margin-bottom: 20px;\">\n        <a href=\"https:\/\/www.patreon.com\/bePatron?u=10292823\" data-patreon-widget-type=\"become-patron-button\">\n            Become a Patron!\n        <\/a>\n        <script async src=\"https:\/\/c6.patreon.com\/becomePatronButton.bundle.js\"><\/script>\n    <\/div>\n    <div>\n        <p><em>\n           And of course, you can share, like and subscribe, to be aware of the lastest posts.<\/em>\n        <\/p>\n    <\/div><div class=\"textaligncenter\"><div class=\"share_post\">\t<a href=\"https:\/\/www.facebook.com\/sharer\/sharer.php?u=https:\/\/www.iwheeltravel.com\/en\/travel-france-adaptive-sports-parasport-mountain-handicap-disability-pyrenees\/\" target=\"_blank\"><i class=\"fa fa-facebook\"><\/i><\/a>\t<a title=\"Pyr\u00e9n\u00e9es, France: what adaptive sports in the mountains for disabled people?\" target=\"_blank\" href=\"https:\/\/twitter.com\/share?url=https:\/\/www.iwheeltravel.com\/en\/travel-france-adaptive-sports-parasport-mountain-handicap-disability-pyrenees\/&amp;text=Pyr\u00e9n\u00e9es, France: what adaptive sports in the mountains for disabled people?\"><i class=\"fa fa-twitter\"><\/i><\/a>\t<a target=\"_blank\" href=\"https:\/\/plus.google.com\/share?url= https:\/\/www.iwheeltravel.com\/en\/travel-france-adaptive-sports-parasport-mountain-handicap-disability-pyrenees\/\">\t<\/a><a data-pin-do=\"skipLink\" data-pin-custom=\"true\" target=\"_blank\" href=\"https:\/\/pinterest.com\/pin\/create\/button\/?url=https:\/\/www.iwheeltravel.com\/en\/travel-france-adaptive-sports-parasport-mountain-handicap-disability-pyrenees\/&amp;media=https:\/\/www.iwheeltravel.com\/wp-content\/uploads\/2018\/10\/DSCF2368.jpg&amp;description=Pyr\u00e9n\u00e9es, France: what adaptive sports in the mountains for disabled people?\">\t<i class=\"fa fa-pinterest\"><\/i><\/a>\t<a href=\"mailto:?subject=I wanted to share this post with you from I wheel travel &amp;body=Pyr\u00e9n\u00e9es, France: what adaptive sports in the mountains for disabled people? &#32;&#32; https:\/\/www.iwheeltravel.com\/en\/travel-france-adaptive-sports-parasport-mountain-handicap-disability-pyrenees\/\" title=\"Email to a friend\/colleague\"><i class=\"fa fa-envelope\"><\/i><\/a>\t<a target=\"_blank\" href=\"https:\/\/www.linkedin.com\/shareArticle?mini=true&amp;url=https:\/\/www.iwheeltravel.com\/en\/travel-france-adaptive-sports-parasport-mountain-handicap-disability-pyrenees\/&amp;title=Pyr\u00e9n\u00e9es, France: what adaptive sports in the mountains for disabled people?&amp;summary=&amp;source=I wheel travel\"><i class=\"fa fa-linkedin\"><\/i><\/a><\/div><\/div>\n<p style=\"text-align: justify;\"><em>This post has been sponsored by <a class=\"lien-post\" href=\"https:\/\/www.unat-occitanie.fr\/\">UNAT Occitanie<\/a> and <a class=\"lien-post\" href=\"http:\/\/www.pyrenees-holiday.com\/\">Hautes-Pyr\u00e9n\u00e9es Tourism French Department<\/a>, as they invited me over. However, opinions expressed here are my own.<\/em><\/p>\n\n<div><\/div>\n<p>&nbsp;<\/p>\n","protected":false},"excerpt":{"rendered":"<p>Surely a lot of people don&#8217;t even imagine that disabled people, including wheelchair users, can enjoy many mountain activities. Especially not thrilling activities. A&nbsp;few years ago I wasn&#8217;t aware of all the amazing things that I could do. I wouldn&#8217;t have imagine that one day I would have hurtle down the slopes of one of [&hellip;]<\/p>\n","protected":false},"author":3,"featured_media":5427,"comment_status":"open","ping_status":"open","sticky":false,"template":"","format":"standard","meta":{"_acf_changed":false,"jetpack_post_was_ever_published":false,"_jetpack_newsletter_access":"","_jetpack_dont_email_post_to_subs":false,"_jetpack_newsletter_tier_id":0,"_jetpack_memberships_contains_paywalled_content":false,"_jetpack_memberships_contains_paid_content":false,"footnotes":""},"categories":[362,101],"tags":[357,125,177,126,283,180],"acf":[],"geo":null,"yoast_head":"<!-- This site is optimized with the Yoast SEO plugin v23.1 - https:\/\/yoast.com\/wordpress\/plugins\/seo\/ -->\n<title>Pyr\u00e9n\u00e9es, France: what adaptive sports in the mountains for disabled people? - I wheel travel<\/title>\n<meta name=\"robots\" content=\"index, follow, max-snippet:-1, max-image-preview:large, max-video-preview:-1\" \/>\n<link rel=\"canonical\" href=\"https:\/\/www.iwheeltravel.com\/en\/travel-france-adaptive-sports-parasport-mountain-handicap-disability-pyrenees\/\" \/>\n<meta property=\"og:locale\" content=\"en_GB\" \/>\n<meta property=\"og:type\" content=\"article\" \/>\n<meta property=\"og:title\" content=\"Pyr\u00e9n\u00e9es, France: what adaptive sports in the mountains for disabled people? - I wheel travel\" \/>\n<meta property=\"og:description\" content=\"Surely a lot of people don&#8217;t even imagine that disabled people, including wheelchair users, can enjoy many mountain activities. Especially not thrilling activities. A&nbsp;few years ago I wasn&#8217;t aware of all the amazing things that I could do. I wouldn&#8217;t have imagine that one day I would have hurtle down the slopes of one of [&hellip;]\" \/>\n<meta property=\"og:url\" content=\"https:\/\/www.iwheeltravel.com\/en\/travel-france-adaptive-sports-parasport-mountain-handicap-disability-pyrenees\/\" \/>\n<meta property=\"og:site_name\" content=\"I wheel travel\" \/>\n<meta property=\"article:publisher\" content=\"https:\/\/www.facebook.com\/iwheeltravel\/\" \/>\n<meta property=\"article:published_time\" content=\"2018-10-11T14:24:47+00:00\" \/>\n<meta property=\"article:modified_time\" content=\"2020-12-02T07:49:01+00:00\" \/>\n<meta property=\"og:image\" content=\"https:\/\/i0.wp.com\/www.iwheeltravel.com\/wp-content\/uploads\/2018\/10\/DSCF2368.jpg?fit=1713%2C1142&ssl=1\" \/>\n\t<meta property=\"og:image:width\" content=\"1713\" \/>\n\t<meta property=\"og:image:height\" content=\"1142\" \/>\n\t<meta property=\"og:image:type\" content=\"image\/jpeg\" \/>\n<meta name=\"author\" content=\"Aur\u00e9lie\" \/>\n<meta name=\"twitter:card\" content=\"summary_large_image\" \/>\n<meta name=\"twitter:creator\" content=\"@I_wheel_travel\" \/>\n<meta name=\"twitter:site\" content=\"@I_wheel_travel\" \/>\n<meta name=\"twitter:label1\" content=\"Written by\" \/>\n\t<meta name=\"twitter:data1\" content=\"Aur\u00e9lie\" \/>\n\t<meta name=\"twitter:label2\" content=\"Est. reading time\" \/>\n\t<meta name=\"twitter:data2\" content=\"12 minutes\" \/>\n<script type=\"application\/ld+json\" class=\"yoast-schema-graph\">{\"@context\":\"https:\/\/schema.org\",\"@graph\":[{\"@type\":\"Article\",\"@id\":\"https:\/\/www.iwheeltravel.com\/en\/travel-france-adaptive-sports-parasport-mountain-handicap-disability-pyrenees\/#article\",\"isPartOf\":{\"@id\":\"https:\/\/www.iwheeltravel.com\/en\/travel-france-adaptive-sports-parasport-mountain-handicap-disability-pyrenees\/\"},\"author\":{\"name\":\"Aur\u00e9lie\",\"@id\":\"https:\/\/www.iwheeltravel.com\/en\/#\/schema\/person\/2a75930dbbeec9bc1055b98d10b284d5\"},\"headline\":\"Pyr\u00e9n\u00e9es, France: what adaptive sports in the mountains for disabled people?\",\"datePublished\":\"2018-10-11T14:24:47+00:00\",\"dateModified\":\"2020-12-02T07:49:01+00:00\",\"mainEntityOfPage\":{\"@id\":\"https:\/\/www.iwheeltravel.com\/en\/travel-france-adaptive-sports-parasport-mountain-handicap-disability-pyrenees\/\"},\"wordCount\":2407,\"commentCount\":0,\"publisher\":{\"@id\":\"https:\/\/www.iwheeltravel.com\/en\/#organization\"},\"image\":{\"@id\":\"https:\/\/www.iwheeltravel.com\/en\/travel-france-adaptive-sports-parasport-mountain-handicap-disability-pyrenees\/#primaryimage\"},\"thumbnailUrl\":\"https:\/\/i0.wp.com\/www.iwheeltravel.com\/wp-content\/uploads\/2018\/10\/DSCF2368.jpg?fit=1713%2C1142&ssl=1\",\"keywords\":[\"france\",\"Handicap\",\"Mountain\",\"Parasports\",\"Sport\",\"Tramping\"],\"articleSection\":[\"France\",\"Sport\"],\"inLanguage\":\"en-GB\",\"potentialAction\":[{\"@type\":\"CommentAction\",\"name\":\"Comment\",\"target\":[\"https:\/\/www.iwheeltravel.com\/en\/travel-france-adaptive-sports-parasport-mountain-handicap-disability-pyrenees\/#respond\"]}]},{\"@type\":\"WebPage\",\"@id\":\"https:\/\/www.iwheeltravel.com\/en\/travel-france-adaptive-sports-parasport-mountain-handicap-disability-pyrenees\/\",\"url\":\"https:\/\/www.iwheeltravel.com\/en\/travel-france-adaptive-sports-parasport-mountain-handicap-disability-pyrenees\/\",\"name\":\"Pyr\u00e9n\u00e9es, France: what adaptive sports in the mountains for disabled people? - I wheel travel\",\"isPartOf\":{\"@id\":\"https:\/\/www.iwheeltravel.com\/en\/#website\"},\"primaryImageOfPage\":{\"@id\":\"https:\/\/www.iwheeltravel.com\/en\/travel-france-adaptive-sports-parasport-mountain-handicap-disability-pyrenees\/#primaryimage\"},\"image\":{\"@id\":\"https:\/\/www.iwheeltravel.com\/en\/travel-france-adaptive-sports-parasport-mountain-handicap-disability-pyrenees\/#primaryimage\"},\"thumbnailUrl\":\"https:\/\/i0.wp.com\/www.iwheeltravel.com\/wp-content\/uploads\/2018\/10\/DSCF2368.jpg?fit=1713%2C1142&ssl=1\",\"datePublished\":\"2018-10-11T14:24:47+00:00\",\"dateModified\":\"2020-12-02T07:49:01+00:00\",\"breadcrumb\":{\"@id\":\"https:\/\/www.iwheeltravel.com\/en\/travel-france-adaptive-sports-parasport-mountain-handicap-disability-pyrenees\/#breadcrumb\"},\"inLanguage\":\"en-GB\",\"potentialAction\":[{\"@type\":\"ReadAction\",\"target\":[\"https:\/\/www.iwheeltravel.com\/en\/travel-france-adaptive-sports-parasport-mountain-handicap-disability-pyrenees\/\"]}]},{\"@type\":\"ImageObject\",\"inLanguage\":\"en-GB\",\"@id\":\"https:\/\/www.iwheeltravel.com\/en\/travel-france-adaptive-sports-parasport-mountain-handicap-disability-pyrenees\/#primaryimage\",\"url\":\"https:\/\/i0.wp.com\/www.iwheeltravel.com\/wp-content\/uploads\/2018\/10\/DSCF2368.jpg?fit=1713%2C1142&ssl=1\",\"contentUrl\":\"https:\/\/i0.wp.com\/www.iwheeltravel.com\/wp-content\/uploads\/2018\/10\/DSCF2368.jpg?fit=1713%2C1142&ssl=1\",\"width\":1713,\"height\":1142,\"caption\":\"montagne pyr\u00e9n\u00e9es handicap handisport randonn\u00e9e\"},{\"@type\":\"BreadcrumbList\",\"@id\":\"https:\/\/www.iwheeltravel.com\/en\/travel-france-adaptive-sports-parasport-mountain-handicap-disability-pyrenees\/#breadcrumb\",\"itemListElement\":[{\"@type\":\"ListItem\",\"position\":1,\"name\":\"Accueil\",\"item\":\"https:\/\/www.iwheeltravel.com\/en\/\"},{\"@type\":\"ListItem\",\"position\":2,\"name\":\"Sport\",\"item\":\"https:\/\/www.iwheeltravel.com\/en\/category\/sport-en\/\"},{\"@type\":\"ListItem\",\"position\":3,\"name\":\"Pyr\u00e9n\u00e9es, France: what adaptive sports in the mountains for disabled people?\"}]},{\"@type\":\"WebSite\",\"@id\":\"https:\/\/www.iwheeltravel.com\/en\/#website\",\"url\":\"https:\/\/www.iwheeltravel.com\/en\/\",\"name\":\"I wheel travel\",\"description\":\"Le blog voyage, tourisme et handicap\",\"publisher\":{\"@id\":\"https:\/\/www.iwheeltravel.com\/en\/#organization\"},\"potentialAction\":[{\"@type\":\"SearchAction\",\"target\":{\"@type\":\"EntryPoint\",\"urlTemplate\":\"https:\/\/www.iwheeltravel.com\/en\/?s={search_term_string}\"},\"query-input\":\"required name=search_term_string\"}],\"inLanguage\":\"en-GB\"},{\"@type\":\"Organization\",\"@id\":\"https:\/\/www.iwheeltravel.com\/en\/#organization\",\"name\":\"I wheel travel\",\"url\":\"https:\/\/www.iwheeltravel.com\/en\/\",\"logo\":{\"@type\":\"ImageObject\",\"inLanguage\":\"en-GB\",\"@id\":\"https:\/\/www.iwheeltravel.com\/en\/#\/schema\/logo\/image\/\",\"url\":\"https:\/\/i0.wp.com\/www.iwheeltravel.com\/wp-content\/uploads\/2019\/06\/logo_iwheeltravel.png?fit=1110%2C685&ssl=1\",\"contentUrl\":\"https:\/\/i0.wp.com\/www.iwheeltravel.com\/wp-content\/uploads\/2019\/06\/logo_iwheeltravel.png?fit=1110%2C685&ssl=1\",\"width\":1110,\"height\":685,\"caption\":\"I wheel travel\"},\"image\":{\"@id\":\"https:\/\/www.iwheeltravel.com\/en\/#\/schema\/logo\/image\/\"},\"sameAs\":[\"https:\/\/www.facebook.com\/iwheeltravel\/\",\"https:\/\/x.com\/I_wheel_travel\",\"https:\/\/www.instagram.com\/iwheeltravel\/\",\"https:\/\/www.youtube.com\/channel\/UCxccp0ZR1k69rOp9bPZfJLw\"]},{\"@type\":\"Person\",\"@id\":\"https:\/\/www.iwheeltravel.com\/en\/#\/schema\/person\/2a75930dbbeec9bc1055b98d10b284d5\",\"name\":\"Aur\u00e9lie\",\"image\":{\"@type\":\"ImageObject\",\"inLanguage\":\"en-GB\",\"@id\":\"https:\/\/www.iwheeltravel.com\/en\/#\/schema\/person\/image\/\",\"url\":\"https:\/\/secure.gravatar.com\/avatar\/3d602861e1b3a3848d8c0335f302c233?s=96&d=mm&r=g\",\"contentUrl\":\"https:\/\/secure.gravatar.com\/avatar\/3d602861e1b3a3848d8c0335f302c233?s=96&d=mm&r=g\",\"caption\":\"Aur\u00e9lie\"}}]}<\/script>\n<!-- \/ Yoast SEO plugin. -->","yoast_head_json":{"title":"Pyr\u00e9n\u00e9es, France: what adaptive sports in the mountains for disabled people? - I wheel travel","robots":{"index":"index","follow":"follow","max-snippet":"max-snippet:-1","max-image-preview":"max-image-preview:large","max-video-preview":"max-video-preview:-1"},"canonical":"https:\/\/www.iwheeltravel.com\/en\/travel-france-adaptive-sports-parasport-mountain-handicap-disability-pyrenees\/","og_locale":"en_GB","og_type":"article","og_title":"Pyr\u00e9n\u00e9es, France: what adaptive sports in the mountains for disabled people? - I wheel travel","og_description":"Surely a lot of people don&#8217;t even imagine that disabled people, including wheelchair users, can enjoy many mountain activities. Especially not thrilling activities. A&nbsp;few years ago I wasn&#8217;t aware of all the amazing things that I could do. I wouldn&#8217;t have imagine that one day I would have hurtle down the slopes of one of [&hellip;]","og_url":"https:\/\/www.iwheeltravel.com\/en\/travel-france-adaptive-sports-parasport-mountain-handicap-disability-pyrenees\/","og_site_name":"I wheel travel","article_publisher":"https:\/\/www.facebook.com\/iwheeltravel\/","article_published_time":"2018-10-11T14:24:47+00:00","article_modified_time":"2020-12-02T07:49:01+00:00","og_image":[{"width":1713,"height":1142,"url":"https:\/\/i0.wp.com\/www.iwheeltravel.com\/wp-content\/uploads\/2018\/10\/DSCF2368.jpg?fit=1713%2C1142&ssl=1","type":"image\/jpeg"}],"author":"Aur\u00e9lie","twitter_card":"summary_large_image","twitter_creator":"@I_wheel_travel","twitter_site":"@I_wheel_travel","twitter_misc":{"Written by":"Aur\u00e9lie","Est. reading time":"12 minutes"},"schema":{"@context":"https:\/\/schema.org","@graph":[{"@type":"Article","@id":"https:\/\/www.iwheeltravel.com\/en\/travel-france-adaptive-sports-parasport-mountain-handicap-disability-pyrenees\/#article","isPartOf":{"@id":"https:\/\/www.iwheeltravel.com\/en\/travel-france-adaptive-sports-parasport-mountain-handicap-disability-pyrenees\/"},"author":{"name":"Aur\u00e9lie","@id":"https:\/\/www.iwheeltravel.com\/en\/#\/schema\/person\/2a75930dbbeec9bc1055b98d10b284d5"},"headline":"Pyr\u00e9n\u00e9es, France: what adaptive sports in the mountains for disabled people?","datePublished":"2018-10-11T14:24:47+00:00","dateModified":"2020-12-02T07:49:01+00:00","mainEntityOfPage":{"@id":"https:\/\/www.iwheeltravel.com\/en\/travel-france-adaptive-sports-parasport-mountain-handicap-disability-pyrenees\/"},"wordCount":2407,"commentCount":0,"publisher":{"@id":"https:\/\/www.iwheeltravel.com\/en\/#organization"},"image":{"@id":"https:\/\/www.iwheeltravel.com\/en\/travel-france-adaptive-sports-parasport-mountain-handicap-disability-pyrenees\/#primaryimage"},"thumbnailUrl":"https:\/\/i0.wp.com\/www.iwheeltravel.com\/wp-content\/uploads\/2018\/10\/DSCF2368.jpg?fit=1713%2C1142&ssl=1","keywords":["france","Handicap","Mountain","Parasports","Sport","Tramping"],"articleSection":["France","Sport"],"inLanguage":"en-GB","potentialAction":[{"@type":"CommentAction","name":"Comment","target":["https:\/\/www.iwheeltravel.com\/en\/travel-france-adaptive-sports-parasport-mountain-handicap-disability-pyrenees\/#respond"]}]},{"@type":"WebPage","@id":"https:\/\/www.iwheeltravel.com\/en\/travel-france-adaptive-sports-parasport-mountain-handicap-disability-pyrenees\/","url":"https:\/\/www.iwheeltravel.com\/en\/travel-france-adaptive-sports-parasport-mountain-handicap-disability-pyrenees\/","name":"Pyr\u00e9n\u00e9es, France: what adaptive sports in the mountains for disabled people? - I wheel travel","isPartOf":{"@id":"https:\/\/www.iwheeltravel.com\/en\/#website"},"primaryImageOfPage":{"@id":"https:\/\/www.iwheeltravel.com\/en\/travel-france-adaptive-sports-parasport-mountain-handicap-disability-pyrenees\/#primaryimage"},"image":{"@id":"https:\/\/www.iwheeltravel.com\/en\/travel-france-adaptive-sports-parasport-mountain-handicap-disability-pyrenees\/#primaryimage"},"thumbnailUrl":"https:\/\/i0.wp.com\/www.iwheeltravel.com\/wp-content\/uploads\/2018\/10\/DSCF2368.jpg?fit=1713%2C1142&ssl=1","datePublished":"2018-10-11T14:24:47+00:00","dateModified":"2020-12-02T07:49:01+00:00","breadcrumb":{"@id":"https:\/\/www.iwheeltravel.com\/en\/travel-france-adaptive-sports-parasport-mountain-handicap-disability-pyrenees\/#breadcrumb"},"inLanguage":"en-GB","potentialAction":[{"@type":"ReadAction","target":["https:\/\/www.iwheeltravel.com\/en\/travel-france-adaptive-sports-parasport-mountain-handicap-disability-pyrenees\/"]}]},{"@type":"ImageObject","inLanguage":"en-GB","@id":"https:\/\/www.iwheeltravel.com\/en\/travel-france-adaptive-sports-parasport-mountain-handicap-disability-pyrenees\/#primaryimage","url":"https:\/\/i0.wp.com\/www.iwheeltravel.com\/wp-content\/uploads\/2018\/10\/DSCF2368.jpg?fit=1713%2C1142&ssl=1","contentUrl":"https:\/\/i0.wp.com\/www.iwheeltravel.com\/wp-content\/uploads\/2018\/10\/DSCF2368.jpg?fit=1713%2C1142&ssl=1","width":1713,"height":1142,"caption":"montagne pyr\u00e9n\u00e9es handicap handisport randonn\u00e9e"},{"@type":"BreadcrumbList","@id":"https:\/\/www.iwheeltravel.com\/en\/travel-france-adaptive-sports-parasport-mountain-handicap-disability-pyrenees\/#breadcrumb","itemListElement":[{"@type":"ListItem","position":1,"name":"Accueil","item":"https:\/\/www.iwheeltravel.com\/en\/"},{"@type":"ListItem","position":2,"name":"Sport","item":"https:\/\/www.iwheeltravel.com\/en\/category\/sport-en\/"},{"@type":"ListItem","position":3,"name":"Pyr\u00e9n\u00e9es, France: what adaptive sports in the mountains for disabled people?"}]},{"@type":"WebSite","@id":"https:\/\/www.iwheeltravel.com\/en\/#website","url":"https:\/\/www.iwheeltravel.com\/en\/","name":"I wheel travel","description":"Le blog voyage, tourisme et handicap","publisher":{"@id":"https:\/\/www.iwheeltravel.com\/en\/#organization"},"potentialAction":[{"@type":"SearchAction","target":{"@type":"EntryPoint","urlTemplate":"https:\/\/www.iwheeltravel.com\/en\/?s={search_term_string}"},"query-input":"required name=search_term_string"}],"inLanguage":"en-GB"},{"@type":"Organization","@id":"https:\/\/www.iwheeltravel.com\/en\/#organization","name":"I wheel travel","url":"https:\/\/www.iwheeltravel.com\/en\/","logo":{"@type":"ImageObject","inLanguage":"en-GB","@id":"https:\/\/www.iwheeltravel.com\/en\/#\/schema\/logo\/image\/","url":"https:\/\/i0.wp.com\/www.iwheeltravel.com\/wp-content\/uploads\/2019\/06\/logo_iwheeltravel.png?fit=1110%2C685&ssl=1","contentUrl":"https:\/\/i0.wp.com\/www.iwheeltravel.com\/wp-content\/uploads\/2019\/06\/logo_iwheeltravel.png?fit=1110%2C685&ssl=1","width":1110,"height":685,"caption":"I wheel travel"},"image":{"@id":"https:\/\/www.iwheeltravel.com\/en\/#\/schema\/logo\/image\/"},"sameAs":["https:\/\/www.facebook.com\/iwheeltravel\/","https:\/\/x.com\/I_wheel_travel","https:\/\/www.instagram.com\/iwheeltravel\/","https:\/\/www.youtube.com\/channel\/UCxccp0ZR1k69rOp9bPZfJLw"]},{"@type":"Person","@id":"https:\/\/www.iwheeltravel.com\/en\/#\/schema\/person\/2a75930dbbeec9bc1055b98d10b284d5","name":"Aur\u00e9lie","image":{"@type":"ImageObject","inLanguage":"en-GB","@id":"https:\/\/www.iwheeltravel.com\/en\/#\/schema\/person\/image\/","url":"https:\/\/secure.gravatar.com\/avatar\/3d602861e1b3a3848d8c0335f302c233?s=96&d=mm&r=g","contentUrl":"https:\/\/secure.gravatar.com\/avatar\/3d602861e1b3a3848d8c0335f302c233?s=96&d=mm&r=g","caption":"Aur\u00e9lie"}}]}},"jetpack_sharing_enabled":true,"jetpack_featured_media_url":"https:\/\/i0.wp.com\/www.iwheeltravel.com\/wp-content\/uploads\/2018\/10\/DSCF2368.jpg?fit=1713%2C1142&ssl=1","jetpack_shortlink":"https:\/\/wp.me\/p7C4jf-1pK","_links":{"self":[{"href":"https:\/\/www.iwheeltravel.com\/en\/wp-json\/wp\/v2\/posts\/5440"}],"collection":[{"href":"https:\/\/www.iwheeltravel.com\/en\/wp-json\/wp\/v2\/posts"}],"about":[{"href":"https:\/\/www.iwheeltravel.com\/en\/wp-json\/wp\/v2\/types\/post"}],"author":[{"embeddable":true,"href":"https:\/\/www.iwheeltravel.com\/en\/wp-json\/wp\/v2\/users\/3"}],"replies":[{"embeddable":true,"href":"https:\/\/www.iwheeltravel.com\/en\/wp-json\/wp\/v2\/comments?post=5440"}],"version-history":[{"count":19,"href":"https:\/\/www.iwheeltravel.com\/en\/wp-json\/wp\/v2\/posts\/5440\/revisions"}],"predecessor-version":[{"id":18701,"href":"https:\/\/www.iwheeltravel.com\/en\/wp-json\/wp\/v2\/posts\/5440\/revisions\/18701"}],"wp:featuredmedia":[{"embeddable":true,"href":"https:\/\/www.iwheeltravel.com\/en\/wp-json\/wp\/v2\/media\/5427"}],"wp:attachment":[{"href":"https:\/\/www.iwheeltravel.com\/en\/wp-json\/wp\/v2\/media?parent=5440"}],"wp:term":[{"taxonomy":"category","embeddable":true,"href":"https:\/\/www.iwheeltravel.com\/en\/wp-json\/wp\/v2\/categories?post=5440"},{"taxonomy":"post_tag","embeddable":true,"href":"https:\/\/www.iwheeltravel.com\/en\/wp-json\/wp\/v2\/tags?post=5440"}],"curies":[{"name":"wp","href":"https:\/\/api.w.org\/{rel}","templated":true}]}}