{"id":7167,"date":"2019-05-22T19:20:23","date_gmt":"2019-05-22T17:20:23","guid":{"rendered":"https:\/\/www.iwheeltravel.com\/?p=7167"},"modified":"2020-06-10T09:55:08","modified_gmt":"2020-06-10T07:55:08","slug":"wheelchair-vacation-france-herault-tarn","status":"publish","type":"post","link":"https:\/\/www.iwheeltravel.com\/en\/wheelchair-vacation-france-herault-tarn\/","title":{"rendered":"Wheelchair vacation in France : The H\u00e9rault and Tarn territories"},"content":{"rendered":"<p style=\"text-align: justify;\"><span style=\"font-weight: 400;\">For many travellers, the south of France it\u2019s just sun and sea. But it is much more than this. While visiting the <strong>H\u00e9rault and Tarn<\/strong> region, I discovered a rich cultural history and <strong>many outdoor activities for disabled and wheelchair bound visitors<\/strong>. And let\u2019s not forget the delicious local cuisine going from simple flavours to more elaborate dishes.<\/span><\/p>\n<p><a href=\"https:\/\/www.iwheeltravel.com\/wp-content\/uploads\/2019\/05\/20190415_193050.jpg\"><noscript><img decoding=\"async\" class=\"aligncenter wp-image-7063\" src=\"https:\/\/i0.wp.com\/www.iwheeltravel.com\/wp-content\/uploads\/2019\/05\/20190415_193050.jpg?resize=869%2C489&#038;ssl=1\" alt=\"Lac du salagou vacances herault\" width=\"869\" height=\"489\" srcset=\"https:\/\/i0.wp.com\/www.iwheeltravel.com\/wp-content\/uploads\/2019\/05\/20190415_193050.jpg?resize=300%2C169&amp;ssl=1 300w, https:\/\/i0.wp.com\/www.iwheeltravel.com\/wp-content\/uploads\/2019\/05\/20190415_193050.jpg?resize=768%2C432&amp;ssl=1 768w, https:\/\/i0.wp.com\/www.iwheeltravel.com\/wp-content\/uploads\/2019\/05\/20190415_193050.jpg?resize=1024%2C576&amp;ssl=1 1024w, https:\/\/i0.wp.com\/www.iwheeltravel.com\/wp-content\/uploads\/2019\/05\/20190415_193050.jpg?w=1456&amp;ssl=1 1456w\" sizes=\"(max-width: 869px) 100vw, 869px\" data-recalc-dims=\"1\"><\/noscript><img decoding=\"async\" class=\"aligncenter wp-image-7063 lazyload\" src=\"data:image\/svg+xml,%3Csvg%20xmlns%3D%22http%3A%2F%2Fwww.w3.org%2F2000%2Fsvg%22%20viewBox%3D%220%200%20869%20489%22%3E%3C%2Fsvg%3E\" alt=\"Lac du salagou vacances herault\" width=\"869\" height=\"489\" srcset=\"data:image\/svg+xml,%3Csvg%20xmlns%3D%22http%3A%2F%2Fwww.w3.org%2F2000%2Fsvg%22%20viewBox%3D%220%200%20869%20489%22%3E%3C%2Fsvg%3E 869w\" sizes=\"(max-width: 869px) 100vw, 869px\" data-srcset=\"https:\/\/i0.wp.com\/www.iwheeltravel.com\/wp-content\/uploads\/2019\/05\/20190415_193050.jpg?resize=300%2C169&amp;ssl=1 300w, https:\/\/i0.wp.com\/www.iwheeltravel.com\/wp-content\/uploads\/2019\/05\/20190415_193050.jpg?resize=768%2C432&amp;ssl=1 768w, https:\/\/i0.wp.com\/www.iwheeltravel.com\/wp-content\/uploads\/2019\/05\/20190415_193050.jpg?resize=1024%2C576&amp;ssl=1 1024w, https:\/\/i0.wp.com\/www.iwheeltravel.com\/wp-content\/uploads\/2019\/05\/20190415_193050.jpg?w=1456&amp;ssl=1 1456w\" data-src=\"https:\/\/www.iwheeltravel.com\/wp-content\/uploads\/2019\/05\/20190415_193050-300x169.jpg\"><\/a><\/p>\n<div id=\"ez-toc-container\" class=\"ez-toc-v2_0_68_1 counter-hierarchy ez-toc-counter ez-toc-transparent ez-toc-container-direction\">\n<p class=\"ez-toc-title\">Sommaire<\/p>\n<label for=\"ez-toc-cssicon-toggle-item-69f2689b3b8aa\" class=\"ez-toc-cssicon-toggle-label\"><span class><span class=\"eztoc-hide\" style=\"display:none;\">Toggle<\/span><span class=\"ez-toc-icon-toggle-span\"><svg style=\"fill: #999;color:#999\" class=\"list-377408\" width=\"20px\" height=\"20px\" viewBox=\"0 0 24 24\" fill=\"none\"><path d=\"M6 6H4v2h2V6zm14 0H8v2h12V6zM4 11h2v2H4v-2zm16 0H8v2h12v-2zM4 16h2v2H4v-2zm16 0H8v2h12v-2z\" fill=\"currentColor\" \/><\/svg><svg style=\"fill: #999;color:#999\" class=\"arrow-unsorted-368013\" width=\"10px\" height=\"10px\" viewBox=\"0 0 24 24\" version=\"1.2\" baseProfile=\"tiny\"><path d=\"M18.2 9.3l-6.2-6.3-6.2 6.3c-.2.2-.3.4-.3.7s.1.5.3.7c.2.2.4.3.7.3h11c.3 0 .5-.1.7-.3.2-.2.3-.5.3-.7s-.1-.5-.3-.7zM5.8 14.7l6.2 6.3 6.2-6.3c.2-.2.3-.5.3-.7s-.1-.5-.3-.7c-.2-.2-.4-.3-.7-.3h-11c-.3 0-.5.1-.7.3-.2.2-.3.5-.3.7s.1.5.3.7z\" \/><\/svg><\/span><\/span><\/label><input type=\"checkbox\" id=\"ez-toc-cssicon-toggle-item-69f2689b3b8aa\" aria-label=\"Toggle\"><nav><ul class=\"ez-toc-list ez-toc-list-level-1 \"><li class=\"ez-toc-page-1 ez-toc-heading-level-2\"><a class=\"ez-toc-link ez-toc-heading-1\" href=\"https:\/\/www.iwheeltravel.com\/en\/wheelchair-vacation-france-herault-tarn\/#Herault_and_Tarn_museums_in_a_wheelchair\" title=\"H\u00e9rault and Tarn museums in a wheelchair\">H\u00e9rault and Tarn museums in a wheelchair<\/a><ul class=\"ez-toc-list-level-3\"><li class=\"ez-toc-heading-level-3\"><a class=\"ez-toc-link ez-toc-heading-2\" href=\"https:\/\/www.iwheeltravel.com\/en\/wheelchair-vacation-france-herault-tarn\/#Argileum_Saint-Jean-de-Fos\" title=\"Argileum, Saint-Jean-de-Fos\">Argileum, Saint-Jean-de-Fos<\/a><\/li><li class=\"ez-toc-page-1 ez-toc-heading-level-3\"><a class=\"ez-toc-link ez-toc-heading-3\" href=\"https:\/\/www.iwheeltravel.com\/en\/wheelchair-vacation-france-herault-tarn\/#The_bell_and_cowbell_museum_Herepian\" title=\"The bell and cowbell museum, H\u00e9r\u00e9pian\">The bell and cowbell museum, H\u00e9r\u00e9pian<\/a><\/li><li class=\"ez-toc-page-1 ez-toc-heading-level-3\"><a class=\"ez-toc-link ez-toc-heading-4\" href=\"https:\/\/www.iwheeltravel.com\/en\/wheelchair-vacation-france-herault-tarn\/#Textile_Museum_Labastide-Rouairoux\" title=\"Textile Museum, Labastide-Rouairoux\">Textile Museum, Labastide-Rouairoux<\/a><\/li><li class=\"ez-toc-page-1 ez-toc-heading-level-3\"><a class=\"ez-toc-link ez-toc-heading-5\" href=\"https:\/\/www.iwheeltravel.com\/en\/wheelchair-vacation-france-herault-tarn\/#The_ham_and_salt-cured_meat_city_Lacaune\" title=\"The ham and salt-cured meat city, Lacaune\">The ham and salt-cured meat city, Lacaune<\/a><\/li><\/ul><\/li><li class=\"ez-toc-page-1 ez-toc-heading-level-2\"><a class=\"ez-toc-link ez-toc-heading-6\" href=\"https:\/\/www.iwheeltravel.com\/en\/wheelchair-vacation-france-herault-tarn\/#Wheelchair_friendly_strolls_and_accessible_outdoor_activities\" title=\"Wheelchair friendly strolls and accessible outdoor activities\">Wheelchair friendly strolls and accessible outdoor activities<\/a><ul class=\"ez-toc-list-level-3\"><li class=\"ez-toc-heading-level-3\"><a class=\"ez-toc-link ez-toc-heading-7\" href=\"https:\/\/www.iwheeltravel.com\/en\/wheelchair-vacation-france-herault-tarn\/#Wheelchair_friendly_strolls_in_Herault\" title=\"Wheelchair friendly strolls in H\u00e9rault\">Wheelchair friendly strolls in H\u00e9rault<\/a><ul class=\"ez-toc-list-level-4\"><li class=\"ez-toc-heading-level-4\"><a class=\"ez-toc-link ez-toc-heading-8\" href=\"https:\/\/www.iwheeltravel.com\/en\/wheelchair-vacation-france-herault-tarn\/#Le_lac_du_Salagou_Salagou_Lake\" title=\"Le lac du Salagou (Salagou Lake)\">Le lac du Salagou (Salagou Lake)<\/a><\/li><li class=\"ez-toc-page-1 ez-toc-heading-level-4\"><a class=\"ez-toc-link ez-toc-heading-9\" href=\"https:\/\/www.iwheeltravel.com\/en\/wheelchair-vacation-france-herault-tarn\/#Le_pont_du_diable_The_Devil_Bridge_Aniane\" title=\"Le pont du diable (The Devil Bridge), Aniane\">Le pont du diable (The Devil Bridge), Aniane<\/a><\/li><li class=\"ez-toc-page-1 ez-toc-heading-level-4\"><a class=\"ez-toc-link ez-toc-heading-10\" href=\"https:\/\/www.iwheeltravel.com\/en\/wheelchair-vacation-france-herault-tarn\/#The_9_locks_of_Fonseranes_Beziers\" title=\"The 9 locks of Fonseranes, B\u00e9ziers\">The 9 locks of Fonseranes, B\u00e9ziers<\/a><\/li><li class=\"ez-toc-page-1 ez-toc-heading-level-4\"><a class=\"ez-toc-link ez-toc-heading-11\" href=\"https:\/\/www.iwheeltravel.com\/en\/wheelchair-vacation-france-herault-tarn\/#The_antique_Mediterranean_garden_Balaruc-les-Bains\" title=\"The antique Mediterranean garden, Balaruc-les-Bains\">The antique Mediterranean garden, Balaruc-les-Bains<\/a><\/li><\/ul><\/li><li class=\"ez-toc-page-1 ez-toc-heading-level-3\"><a class=\"ez-toc-link ez-toc-heading-12\" href=\"https:\/\/www.iwheeltravel.com\/en\/wheelchair-vacation-france-herault-tarn\/#Accessible_outdoor_activities_in_the_Haut-Languedoc_Regional_Natural_Park\" title=\"Accessible outdoor activities in the Haut-Languedoc Regional Natural Park\">Accessible outdoor activities in the Haut-Languedoc Regional Natural Park<\/a><ul class=\"ez-toc-list-level-4\"><li class=\"ez-toc-heading-level-4\"><a class=\"ez-toc-link ez-toc-heading-13\" href=\"https:\/\/www.iwheeltravel.com\/en\/wheelchair-vacation-france-herault-tarn\/#Joelette_stroll_in_Premian\" title=\"Jo\u00eblette stroll in Pr\u00e9mian\">Jo\u00eblette stroll in Pr\u00e9mian<\/a><\/li><li class=\"ez-toc-page-1 ez-toc-heading-level-4\"><a class=\"ez-toc-link ez-toc-heading-14\" href=\"https:\/\/www.iwheeltravel.com\/en\/wheelchair-vacation-france-herault-tarn\/#Off_road_weelchair_in_Heric_canyon\" title=\"Off road weelchair in H\u00e9ric canyon\">Off road weelchair in H\u00e9ric canyon<\/a><\/li><\/ul><\/li><\/ul><\/li><li class=\"ez-toc-page-1 ez-toc-heading-level-2\"><a class=\"ez-toc-link ez-toc-heading-15\" href=\"https:\/\/www.iwheeltravel.com\/en\/wheelchair-vacation-france-herault-tarn\/#My_accessible_go_to_places\" title=\"My accessible go to places\">My accessible go to places<\/a><ul class=\"ez-toc-list-level-3\"><li class=\"ez-toc-heading-level-3\"><a class=\"ez-toc-link ez-toc-heading-16\" href=\"https:\/\/www.iwheeltravel.com\/en\/wheelchair-vacation-france-herault-tarn\/#Restaurants\" title=\"Restaurants\">Restaurants<\/a><\/li><li class=\"ez-toc-page-1 ez-toc-heading-level-3\"><a class=\"ez-toc-link ez-toc-heading-17\" href=\"https:\/\/www.iwheeltravel.com\/en\/wheelchair-vacation-france-herault-tarn\/#Accommodations\" title=\"Accommodations\">Accommodations<\/a><\/li><\/ul><\/li><\/ul><\/nav><\/div>\n<h2><span class=\"ez-toc-section\" id=\"Herault_and_Tarn_museums_in_a_wheelchair\"><\/span><strong>H\u00e9rault and Tarn museums in a wheelchair<\/strong><span class=\"ez-toc-section-end\"><\/span><\/h2>\n<p style=\"text-align: justify;\"><span style=\"font-weight: 400;\">I have to admit, this is the first time we were visiting the H\u00e9rault and the Tarn departments. Since it was a bit too early in the year to put on our swimsuits and enjoy the coast, we chose to go inland to discover the history of these territories.<\/span><\/p>\n<ul>\n<li style=\"text-align: justify;\">\n<h3><span class=\"ez-toc-section\" id=\"Argileum_Saint-Jean-de-Fos\"><\/span>Argileum, Saint-Jean-de-Fos<span class=\"ez-toc-section-end\"><\/span><\/h3>\n<p><a class=\"lien-post\" href=\"https:\/\/www.argileum.fr\/en\/\">Argileum<\/a> <span style=\"font-weight: 400;\">is a museum that takes us through the past of this former potters village, similar to many that used to exist in the region. It is a very practical and hands-on museum. No matter how old you are, there is always something new to learn about the ceramics craft. Every room is well-done and spacious, where you will be able to look at nice potteries, more specifically the particular ones used for the roof and the gutter in the village. &nbsp;But the highlight of the visit is the pottery making demonstration by Cyril, the museum potter. And if you have kids which want to practice this art, a workshop hosted by Cyril is available during school breaks (reservation required).<\/span><br>\n<a href=\"https:\/\/www.iwheeltravel.com\/wp-content\/uploads\/2019\/05\/DSCF3929.jpg\"><noscript><img decoding=\"async\" class=\"aligncenter wp-image-7070\" src=\"https:\/\/i0.wp.com\/www.iwheeltravel.com\/wp-content\/uploads\/2019\/05\/DSCF3929.jpg?resize=920%2C614&#038;ssl=1\" alt=\"argileum poterie\" width=\"920\" height=\"614\" srcset=\"https:\/\/i0.wp.com\/www.iwheeltravel.com\/wp-content\/uploads\/2019\/05\/DSCF3929.jpg?resize=300%2C200&amp;ssl=1 300w, https:\/\/i0.wp.com\/www.iwheeltravel.com\/wp-content\/uploads\/2019\/05\/DSCF3929.jpg?resize=768%2C512&amp;ssl=1 768w, https:\/\/i0.wp.com\/www.iwheeltravel.com\/wp-content\/uploads\/2019\/05\/DSCF3929.jpg?resize=1024%2C683&amp;ssl=1 1024w, https:\/\/i0.wp.com\/www.iwheeltravel.com\/wp-content\/uploads\/2019\/05\/DSCF3929.jpg?w=1713&amp;ssl=1 1713w\" sizes=\"(max-width: 920px) 100vw, 920px\" data-recalc-dims=\"1\"><\/noscript><img decoding=\"async\" class=\"aligncenter wp-image-7070 lazyload\" src=\"data:image\/svg+xml,%3Csvg%20xmlns%3D%22http%3A%2F%2Fwww.w3.org%2F2000%2Fsvg%22%20viewBox%3D%220%200%20920%20614%22%3E%3C%2Fsvg%3E\" alt=\"argileum poterie\" width=\"920\" height=\"614\" srcset=\"data:image\/svg+xml,%3Csvg%20xmlns%3D%22http%3A%2F%2Fwww.w3.org%2F2000%2Fsvg%22%20viewBox%3D%220%200%20920%20614%22%3E%3C%2Fsvg%3E 920w\" sizes=\"(max-width: 920px) 100vw, 920px\" data-srcset=\"https:\/\/i0.wp.com\/www.iwheeltravel.com\/wp-content\/uploads\/2019\/05\/DSCF3929.jpg?resize=300%2C200&amp;ssl=1 300w, https:\/\/i0.wp.com\/www.iwheeltravel.com\/wp-content\/uploads\/2019\/05\/DSCF3929.jpg?resize=768%2C512&amp;ssl=1 768w, https:\/\/i0.wp.com\/www.iwheeltravel.com\/wp-content\/uploads\/2019\/05\/DSCF3929.jpg?resize=1024%2C683&amp;ssl=1 1024w, https:\/\/i0.wp.com\/www.iwheeltravel.com\/wp-content\/uploads\/2019\/05\/DSCF3929.jpg?w=1713&amp;ssl=1 1713w\" data-src=\"https:\/\/www.iwheeltravel.com\/wp-content\/uploads\/2019\/05\/DSCF3929-300x200.jpg\"><\/a><br>\nAccessibility: <span style=\"font-weight: 400;\">The museum is labelled &nbsp;<em>Tourism &amp; Handicap<\/em> for motor and mental disabilities. Therefor there are disabled parkings spot on the left when you enter the main parking. You will also find accessible bathroom. During the visit, everything is at wheelchair height and it is easy to roll around.<\/span><\/p><\/li>\n<li style=\"text-align: justify;\">\n<h3><span class=\"ez-toc-section\" id=\"The_bell_and_cowbell_museum_Herepian\"><\/span><strong>The bell and cowbell museum, H\u00e9r\u00e9pian<\/strong><span class=\"ez-toc-section-end\"><\/span><\/h3>\n<p><span style=\"font-weight: 400;\">Another craft of the region: bell and cowbell making. Bells are a part of our French cultural life, whether it\u2019s in our everyday routine or during major life events. Still, Franck and I never question ourselves about their making. Well, after this visit, we now know much more about bells, cowbells and other sleigh bells! Through an educational tour, we learnt about their various use, from ceremonies to transhumances and how to they are made. I was surprise to see the precise work required to make a particular sound. One millimetre off, and the bell will not sound has expected! As for Franck, he had more fun ringing the museum massive bell at the end of the visit!<\/span><\/p>\n<p><span style=\"font-weight: 400;\">Small tip: To get the most out of the museum, do the guided tour. The guide is very passionate and have deep knowledge about this craft.<\/span><\/p>\n<p><a href=\"https:\/\/www.iwheeltravel.com\/wp-content\/uploads\/2019\/05\/IMG_2390.jpg\"><noscript><img decoding=\"async\" class=\"aligncenter wp-image-7103\" src=\"https:\/\/i0.wp.com\/www.iwheeltravel.com\/wp-content\/uploads\/2019\/05\/IMG_2390.jpg?resize=904%2C678&#038;ssl=1\" alt=\"mus\u00e9e de la cloche et de la sonnaille fauteuil roulant\" width=\"904\" height=\"678\" srcset=\"https:\/\/i0.wp.com\/www.iwheeltravel.com\/wp-content\/uploads\/2019\/05\/IMG_2390.jpg?resize=300%2C225&amp;ssl=1 300w, https:\/\/i0.wp.com\/www.iwheeltravel.com\/wp-content\/uploads\/2019\/05\/IMG_2390.jpg?resize=768%2C576&amp;ssl=1 768w, https:\/\/i0.wp.com\/www.iwheeltravel.com\/wp-content\/uploads\/2019\/05\/IMG_2390.jpg?resize=1024%2C768&amp;ssl=1 1024w, https:\/\/i0.wp.com\/www.iwheeltravel.com\/wp-content\/uploads\/2019\/05\/IMG_2390.jpg?resize=370%2C278&amp;ssl=1 370w, https:\/\/i0.wp.com\/www.iwheeltravel.com\/wp-content\/uploads\/2019\/05\/IMG_2390.jpg?w=1411&amp;ssl=1 1411w\" sizes=\"(max-width: 904px) 100vw, 904px\" data-recalc-dims=\"1\"><\/noscript><img decoding=\"async\" class=\"aligncenter wp-image-7103 lazyload\" src=\"data:image\/svg+xml,%3Csvg%20xmlns%3D%22http%3A%2F%2Fwww.w3.org%2F2000%2Fsvg%22%20viewBox%3D%220%200%20904%20678%22%3E%3C%2Fsvg%3E\" alt=\"mus\u00e9e de la cloche et de la sonnaille fauteuil roulant\" width=\"904\" height=\"678\" srcset=\"data:image\/svg+xml,%3Csvg%20xmlns%3D%22http%3A%2F%2Fwww.w3.org%2F2000%2Fsvg%22%20viewBox%3D%220%200%20904%20678%22%3E%3C%2Fsvg%3E 904w\" sizes=\"(max-width: 904px) 100vw, 904px\" data-srcset=\"https:\/\/i0.wp.com\/www.iwheeltravel.com\/wp-content\/uploads\/2019\/05\/IMG_2390.jpg?resize=300%2C225&amp;ssl=1 300w, https:\/\/i0.wp.com\/www.iwheeltravel.com\/wp-content\/uploads\/2019\/05\/IMG_2390.jpg?resize=768%2C576&amp;ssl=1 768w, https:\/\/i0.wp.com\/www.iwheeltravel.com\/wp-content\/uploads\/2019\/05\/IMG_2390.jpg?resize=1024%2C768&amp;ssl=1 1024w, https:\/\/i0.wp.com\/www.iwheeltravel.com\/wp-content\/uploads\/2019\/05\/IMG_2390.jpg?resize=370%2C278&amp;ssl=1 370w, https:\/\/i0.wp.com\/www.iwheeltravel.com\/wp-content\/uploads\/2019\/05\/IMG_2390.jpg?w=1411&amp;ssl=1 1411w\" data-src=\"https:\/\/www.iwheeltravel.com\/wp-content\/uploads\/2019\/05\/IMG_2390-300x225.jpg\"><\/a><br>\nAccessibility:&nbsp;<span style=\"font-weight: 400;\">Perfect for wheelchair user. The museum is labelled <em>Tourism &amp; Handicap<\/em> for motor, mental and visual disability.<\/span><\/p><\/li>\n<li style=\"text-align: justify;\">\n<h3><span class=\"ez-toc-section\" id=\"Textile_Museum_Labastide-Rouairoux\"><\/span>Textile Museum, Labastide-Rouairoux<span class=\"ez-toc-section-end\"><\/span><\/h3>\n<p><span style=\"font-weight: 400;\">From the outside, this museum does not look very impressive. But inside\u2026 it has been a fantastic discovery. Put it simply, it was my favorite museum during this trip. Located inside an former 19th century fabric factory, this place tells the story of the textile industry golden days, that used to flourish in this region. But in the 70\u2019s, with the rise of the ready-to-wear, many factories shut down, one after another. Local still have a hard time talking about these troubled times.<\/span><span style=\"font-weight: 400;\"><br>\n<\/span><\/p>\n<div id=\"attachment_7101\" style=\"width: 933px\" class=\"wp-caption aligncenter\"><a href=\"https:\/\/www.iwheeltravel.com\/wp-content\/uploads\/2019\/05\/IMG_2338.jpg\"><noscript><img decoding=\"async\" aria-describedby=\"caption-attachment-7101\" class=\" wp-image-7101\" src=\"https:\/\/i0.wp.com\/www.iwheeltravel.com\/wp-content\/uploads\/2019\/05\/IMG_2338.jpg?resize=923%2C692&#038;ssl=1\" alt=\"Mus\u00e9e du textile h\u00e9r\u00e9pian\" width=\"923\" height=\"692\" srcset=\"https:\/\/i0.wp.com\/www.iwheeltravel.com\/wp-content\/uploads\/2019\/05\/IMG_2338.jpg?resize=300%2C225&amp;ssl=1 300w, https:\/\/i0.wp.com\/www.iwheeltravel.com\/wp-content\/uploads\/2019\/05\/IMG_2338.jpg?resize=768%2C576&amp;ssl=1 768w, https:\/\/i0.wp.com\/www.iwheeltravel.com\/wp-content\/uploads\/2019\/05\/IMG_2338.jpg?resize=1024%2C768&amp;ssl=1 1024w, https:\/\/i0.wp.com\/www.iwheeltravel.com\/wp-content\/uploads\/2019\/05\/IMG_2338.jpg?resize=370%2C278&amp;ssl=1 370w, https:\/\/i0.wp.com\/www.iwheeltravel.com\/wp-content\/uploads\/2019\/05\/IMG_2338.jpg?w=1411&amp;ssl=1 1411w\" sizes=\"(max-width: 923px) 100vw, 923px\" data-recalc-dims=\"1\"><\/noscript><img decoding=\"async\" aria-describedby=\"caption-attachment-7101\" class=\" wp-image-7101 lazyload\" src=\"data:image\/svg+xml,%3Csvg%20xmlns%3D%22http%3A%2F%2Fwww.w3.org%2F2000%2Fsvg%22%20viewBox%3D%220%200%20923%20692%22%3E%3C%2Fsvg%3E\" alt=\"Mus\u00e9e du textile h\u00e9r\u00e9pian\" width=\"923\" height=\"692\" srcset=\"data:image\/svg+xml,%3Csvg%20xmlns%3D%22http%3A%2F%2Fwww.w3.org%2F2000%2Fsvg%22%20viewBox%3D%220%200%20923%20692%22%3E%3C%2Fsvg%3E 923w\" sizes=\"(max-width: 923px) 100vw, 923px\" data-srcset=\"https:\/\/i0.wp.com\/www.iwheeltravel.com\/wp-content\/uploads\/2019\/05\/IMG_2338.jpg?resize=300%2C225&amp;ssl=1 300w, https:\/\/i0.wp.com\/www.iwheeltravel.com\/wp-content\/uploads\/2019\/05\/IMG_2338.jpg?resize=768%2C576&amp;ssl=1 768w, https:\/\/i0.wp.com\/www.iwheeltravel.com\/wp-content\/uploads\/2019\/05\/IMG_2338.jpg?resize=1024%2C768&amp;ssl=1 1024w, https:\/\/i0.wp.com\/www.iwheeltravel.com\/wp-content\/uploads\/2019\/05\/IMG_2338.jpg?resize=370%2C278&amp;ssl=1 370w, https:\/\/i0.wp.com\/www.iwheeltravel.com\/wp-content\/uploads\/2019\/05\/IMG_2338.jpg?w=1411&amp;ssl=1 1411w\" data-src=\"https:\/\/www.iwheeltravel.com\/wp-content\/uploads\/2019\/05\/IMG_2338-300x225.jpg\"><\/a><p id=\"caption-attachment-7101\" class=\"wp-caption-text\">La derni\u00e8re salle du mus\u00e9e ou nous d\u00e9couvrons d&#8217;imposantes machines.<\/p><\/div>\n<p><span style=\"font-weight: 400;\">We discovered the full process from the different fabric raw material all the way up to the coating step. The tour is really well made and authentic, each step has an actual \u201cfrom that time\u201d working machine, so you can see how it is done. Seeing all these old movings part in action is just hypnotizing. From the color researching lab, to the spinning and weaving process to the final quality control, we were amazed like children!<\/span><\/p>\n<p><span style=\"font-weight: 400;\">Tips: Once again, I recommend you take the guided tour. It adds great value and you will not see the machine running if you don\u2019t.<\/span><\/p>\n<p><a href=\"https:\/\/www.iwheeltravel.com\/wp-content\/uploads\/2019\/05\/Sans-titre.jpg\"><noscript><img decoding=\"async\" class=\"aligncenter wp-image-7152\" src=\"https:\/\/i0.wp.com\/www.iwheeltravel.com\/wp-content\/uploads\/2019\/05\/Sans-titre.jpg?resize=616%2C493&#038;ssl=1\" alt=\"mus\u00e9e du textile h\u00e9r\u00e9pian\" width=\"616\" height=\"493\" srcset=\"https:\/\/i0.wp.com\/www.iwheeltravel.com\/wp-content\/uploads\/2019\/05\/Sans-titre.jpg?resize=300%2C240&amp;ssl=1 300w, https:\/\/i0.wp.com\/www.iwheeltravel.com\/wp-content\/uploads\/2019\/05\/Sans-titre.jpg?resize=768%2C614&amp;ssl=1 768w, https:\/\/i0.wp.com\/www.iwheeltravel.com\/wp-content\/uploads\/2019\/05\/Sans-titre.jpg?w=945&amp;ssl=1 945w\" sizes=\"(max-width: 616px) 100vw, 616px\" data-recalc-dims=\"1\"><\/noscript><img decoding=\"async\" class=\"aligncenter wp-image-7152 lazyload\" src=\"data:image\/svg+xml,%3Csvg%20xmlns%3D%22http%3A%2F%2Fwww.w3.org%2F2000%2Fsvg%22%20viewBox%3D%220%200%20616%20493%22%3E%3C%2Fsvg%3E\" alt=\"mus\u00e9e du textile h\u00e9r\u00e9pian\" width=\"616\" height=\"493\" srcset=\"data:image\/svg+xml,%3Csvg%20xmlns%3D%22http%3A%2F%2Fwww.w3.org%2F2000%2Fsvg%22%20viewBox%3D%220%200%20616%20493%22%3E%3C%2Fsvg%3E 616w\" sizes=\"(max-width: 616px) 100vw, 616px\" data-srcset=\"https:\/\/i0.wp.com\/www.iwheeltravel.com\/wp-content\/uploads\/2019\/05\/Sans-titre.jpg?resize=300%2C240&amp;ssl=1 300w, https:\/\/i0.wp.com\/www.iwheeltravel.com\/wp-content\/uploads\/2019\/05\/Sans-titre.jpg?resize=768%2C614&amp;ssl=1 768w, https:\/\/i0.wp.com\/www.iwheeltravel.com\/wp-content\/uploads\/2019\/05\/Sans-titre.jpg?w=945&amp;ssl=1 945w\" data-src=\"https:\/\/www.iwheeltravel.com\/wp-content\/uploads\/2019\/05\/Sans-titre-300x240.jpg\"><\/a><br>\nAccessibility:&nbsp;<span style=\"font-weight: 400;\">First thing to know: Don\u2019t park in the main parking facing the museum. There is an accessible spot at the back of the building going through the &#8220;rue de la Rive&#8221;. The museum is labelled <em>Tourism &amp; Handicap<\/em>&nbsp;for motor, mental and visual disability. Therefore, it is very easy to roll around and you will find accessible toilets.<\/span><\/p>\n<div id=\"attachment_7099\" style=\"width: 744px\" class=\"wp-caption aligncenter\"><a href=\"https:\/\/www.iwheeltravel.com\/wp-content\/uploads\/2019\/05\/IMG_2323.jpg\"><noscript><img decoding=\"async\" aria-describedby=\"caption-attachment-7099\" class=\"wp-image-7099\" src=\"https:\/\/i0.wp.com\/www.iwheeltravel.com\/wp-content\/uploads\/2019\/05\/IMG_2323.jpg?resize=734%2C551&#038;ssl=1\" alt=\"mus\u00e9e du textile handicap h\u00e9r\u00e9pian\" width=\"734\" height=\"551\" srcset=\"https:\/\/i0.wp.com\/www.iwheeltravel.com\/wp-content\/uploads\/2019\/05\/IMG_2323.jpg?resize=300%2C225&amp;ssl=1 300w, https:\/\/i0.wp.com\/www.iwheeltravel.com\/wp-content\/uploads\/2019\/05\/IMG_2323.jpg?resize=768%2C576&amp;ssl=1 768w, https:\/\/i0.wp.com\/www.iwheeltravel.com\/wp-content\/uploads\/2019\/05\/IMG_2323.jpg?resize=1024%2C768&amp;ssl=1 1024w, https:\/\/i0.wp.com\/www.iwheeltravel.com\/wp-content\/uploads\/2019\/05\/IMG_2323.jpg?resize=370%2C278&amp;ssl=1 370w, https:\/\/i0.wp.com\/www.iwheeltravel.com\/wp-content\/uploads\/2019\/05\/IMG_2323.jpg?w=1411&amp;ssl=1 1411w\" sizes=\"(max-width: 734px) 100vw, 734px\" data-recalc-dims=\"1\"><\/noscript><img decoding=\"async\" aria-describedby=\"caption-attachment-7099\" class=\"wp-image-7099 lazyload\" src=\"data:image\/svg+xml,%3Csvg%20xmlns%3D%22http%3A%2F%2Fwww.w3.org%2F2000%2Fsvg%22%20viewBox%3D%220%200%20734%20551%22%3E%3C%2Fsvg%3E\" alt=\"mus\u00e9e du textile handicap h\u00e9r\u00e9pian\" width=\"734\" height=\"551\" srcset=\"data:image\/svg+xml,%3Csvg%20xmlns%3D%22http%3A%2F%2Fwww.w3.org%2F2000%2Fsvg%22%20viewBox%3D%220%200%20734%20551%22%3E%3C%2Fsvg%3E 734w\" sizes=\"(max-width: 734px) 100vw, 734px\" data-srcset=\"https:\/\/i0.wp.com\/www.iwheeltravel.com\/wp-content\/uploads\/2019\/05\/IMG_2323.jpg?resize=300%2C225&amp;ssl=1 300w, https:\/\/i0.wp.com\/www.iwheeltravel.com\/wp-content\/uploads\/2019\/05\/IMG_2323.jpg?resize=768%2C576&amp;ssl=1 768w, https:\/\/i0.wp.com\/www.iwheeltravel.com\/wp-content\/uploads\/2019\/05\/IMG_2323.jpg?resize=1024%2C768&amp;ssl=1 1024w, https:\/\/i0.wp.com\/www.iwheeltravel.com\/wp-content\/uploads\/2019\/05\/IMG_2323.jpg?resize=370%2C278&amp;ssl=1 370w, https:\/\/i0.wp.com\/www.iwheeltravel.com\/wp-content\/uploads\/2019\/05\/IMG_2323.jpg?w=1411&amp;ssl=1 1411w\" data-src=\"https:\/\/www.iwheeltravel.com\/wp-content\/uploads\/2019\/05\/IMG_2323-300x225.jpg\"><\/a><p id=\"caption-attachment-7099\" class=\"wp-caption-text\">Parfaite panoplie de chimiste pour mettre au point les teintes des textiles.<\/p><\/div><\/li>\n<li style=\"text-align: justify;\">\n<h3><span class=\"ez-toc-section\" id=\"The_ham_and_salt-cured_meat_city_Lacaune\"><\/span>The ham and salt-cured meat city, Lacaune<span class=\"ez-toc-section-end\"><\/span><\/h3>\n<p><span style=\"font-weight: 400;\">Finally, if you still have some times and are fond of salted deli meats, know as &#8220;charcuterie&#8221; in French, you can hop by Lacaune, well known of its salting crafts. It is possible to visit the Oberti house (unfortunately closed when we were there). If you want to read some texts and see some pictures to learn more about the impact of the deli and salting industry on the city, you can go to the &#8220;maison de la charcuterie&#8221;, which is accessible. They also have accessible toilets.<\/span><\/p><\/li>\n<\/ul>\n<h2><span class=\"ez-toc-section\" id=\"Wheelchair_friendly_strolls_and_accessible_outdoor_activities\"><\/span>Wheelchair friendly strolls and accessible outdoor activities<span class=\"ez-toc-section-end\"><\/span><\/h2>\n<p style=\"text-align: justify;\"><span style=\"font-weight: 400;\">You know me, I love to discover new landscapes and outdoor activities. So I did not hesitate one second when I heard about the accessible activities in the Tarn and H\u00e9rault. Let\u2019s go for some really nice strolls !<\/span><br>\n<a href=\"https:\/\/www.iwheeltravel.com\/wp-content\/uploads\/2019\/05\/IMG_2416.jpg\"><noscript><img decoding=\"async\" class=\"aligncenter wp-image-7105\" src=\"https:\/\/i0.wp.com\/www.iwheeltravel.com\/wp-content\/uploads\/2019\/05\/IMG_2416.jpg?resize=947%2C710&#038;ssl=1\" alt=\"gorges d'h\u00e9ric haut languedoc handicap\" width=\"947\" height=\"710\" srcset=\"https:\/\/i0.wp.com\/www.iwheeltravel.com\/wp-content\/uploads\/2019\/05\/IMG_2416.jpg?resize=300%2C225&amp;ssl=1 300w, https:\/\/i0.wp.com\/www.iwheeltravel.com\/wp-content\/uploads\/2019\/05\/IMG_2416.jpg?resize=768%2C576&amp;ssl=1 768w, https:\/\/i0.wp.com\/www.iwheeltravel.com\/wp-content\/uploads\/2019\/05\/IMG_2416.jpg?resize=1024%2C768&amp;ssl=1 1024w, https:\/\/i0.wp.com\/www.iwheeltravel.com\/wp-content\/uploads\/2019\/05\/IMG_2416.jpg?resize=370%2C278&amp;ssl=1 370w, https:\/\/i0.wp.com\/www.iwheeltravel.com\/wp-content\/uploads\/2019\/05\/IMG_2416.jpg?w=1411&amp;ssl=1 1411w\" sizes=\"(max-width: 947px) 100vw, 947px\" data-recalc-dims=\"1\"><\/noscript><img decoding=\"async\" class=\"aligncenter wp-image-7105 lazyload\" src=\"data:image\/svg+xml,%3Csvg%20xmlns%3D%22http%3A%2F%2Fwww.w3.org%2F2000%2Fsvg%22%20viewBox%3D%220%200%20947%20710%22%3E%3C%2Fsvg%3E\" alt=\"gorges d'h\u00e9ric haut languedoc handicap\" width=\"947\" height=\"710\" srcset=\"data:image\/svg+xml,%3Csvg%20xmlns%3D%22http%3A%2F%2Fwww.w3.org%2F2000%2Fsvg%22%20viewBox%3D%220%200%20947%20710%22%3E%3C%2Fsvg%3E 947w\" sizes=\"(max-width: 947px) 100vw, 947px\" data-srcset=\"https:\/\/i0.wp.com\/www.iwheeltravel.com\/wp-content\/uploads\/2019\/05\/IMG_2416.jpg?resize=300%2C225&amp;ssl=1 300w, https:\/\/i0.wp.com\/www.iwheeltravel.com\/wp-content\/uploads\/2019\/05\/IMG_2416.jpg?resize=768%2C576&amp;ssl=1 768w, https:\/\/i0.wp.com\/www.iwheeltravel.com\/wp-content\/uploads\/2019\/05\/IMG_2416.jpg?resize=1024%2C768&amp;ssl=1 1024w, https:\/\/i0.wp.com\/www.iwheeltravel.com\/wp-content\/uploads\/2019\/05\/IMG_2416.jpg?resize=370%2C278&amp;ssl=1 370w, https:\/\/i0.wp.com\/www.iwheeltravel.com\/wp-content\/uploads\/2019\/05\/IMG_2416.jpg?w=1411&amp;ssl=1 1411w\" data-src=\"https:\/\/www.iwheeltravel.com\/wp-content\/uploads\/2019\/05\/IMG_2416-300x225.jpg\"><\/a><\/p>\n<ul>\n<li style=\"text-align: justify;\">\n<h3><span class=\"ez-toc-section\" id=\"Wheelchair_friendly_strolls_in_Herault\"><\/span>Wheelchair friendly strolls in H\u00e9rault<span class=\"ez-toc-section-end\"><\/span><\/h3>\n<ul>\n<li>\n<h4><span class=\"ez-toc-section\" id=\"Le_lac_du_Salagou_Salagou_Lake\"><\/span>Le lac du Salagou (Salagou Lake)<span class=\"ez-toc-section-end\"><\/span><\/h4>\n<div>\n<p><span style=\"font-weight: 400;\">A leisure area has been been built on the shore of this artificial lake. From the wooden deck you can have a nice view on the stunning red-tinted landscape. This panorama with mountains rich in iron oxide surfacing out of the water remind me of some places in New Zealand. For our host Claude, it looks more like some area in the US. In any case, it is a peaceful spot, an ideal place to relax. To see a more breathtaking view dominating the lake, you should go for a ride through vineyards and pretty villages on the east plateau.<\/span><\/p>\n<p><span style=\"font-weight: 400;\">Accessibility: There are two accessible parking spots right at the site entrance, and two more a bit further towards the lake. There is an accessible path down to the lake shore, and in the summer, there are beach wheelchairs.<\/span><\/p>\n<\/div>\n<div><a href=\"https:\/\/www.iwheeltravel.com\/wp-content\/uploads\/2019\/05\/DSCF3898.jpg\"><noscript><img decoding=\"async\" class=\"aligncenter wp-image-7068\" src=\"https:\/\/i0.wp.com\/www.iwheeltravel.com\/wp-content\/uploads\/2019\/05\/DSCF3898.jpg?resize=925%2C617&#038;ssl=1\" alt=\"Lac du salagou fauteuil roulant\" width=\"925\" height=\"617\" srcset=\"https:\/\/i0.wp.com\/www.iwheeltravel.com\/wp-content\/uploads\/2019\/05\/DSCF3898.jpg?resize=300%2C200&amp;ssl=1 300w, https:\/\/i0.wp.com\/www.iwheeltravel.com\/wp-content\/uploads\/2019\/05\/DSCF3898.jpg?resize=768%2C512&amp;ssl=1 768w, https:\/\/i0.wp.com\/www.iwheeltravel.com\/wp-content\/uploads\/2019\/05\/DSCF3898.jpg?resize=1024%2C683&amp;ssl=1 1024w, https:\/\/i0.wp.com\/www.iwheeltravel.com\/wp-content\/uploads\/2019\/05\/DSCF3898.jpg?w=1690&amp;ssl=1 1690w\" sizes=\"(max-width: 925px) 100vw, 925px\" data-recalc-dims=\"1\"><\/noscript><img decoding=\"async\" class=\"aligncenter wp-image-7068 lazyload\" src=\"data:image\/svg+xml,%3Csvg%20xmlns%3D%22http%3A%2F%2Fwww.w3.org%2F2000%2Fsvg%22%20viewBox%3D%220%200%20925%20617%22%3E%3C%2Fsvg%3E\" alt=\"Lac du salagou fauteuil roulant\" width=\"925\" height=\"617\" srcset=\"data:image\/svg+xml,%3Csvg%20xmlns%3D%22http%3A%2F%2Fwww.w3.org%2F2000%2Fsvg%22%20viewBox%3D%220%200%20925%20617%22%3E%3C%2Fsvg%3E 925w\" sizes=\"(max-width: 925px) 100vw, 925px\" data-srcset=\"https:\/\/i0.wp.com\/www.iwheeltravel.com\/wp-content\/uploads\/2019\/05\/DSCF3898.jpg?resize=300%2C200&amp;ssl=1 300w, https:\/\/i0.wp.com\/www.iwheeltravel.com\/wp-content\/uploads\/2019\/05\/DSCF3898.jpg?resize=768%2C512&amp;ssl=1 768w, https:\/\/i0.wp.com\/www.iwheeltravel.com\/wp-content\/uploads\/2019\/05\/DSCF3898.jpg?resize=1024%2C683&amp;ssl=1 1024w, https:\/\/i0.wp.com\/www.iwheeltravel.com\/wp-content\/uploads\/2019\/05\/DSCF3898.jpg?w=1690&amp;ssl=1 1690w\" data-src=\"https:\/\/www.iwheeltravel.com\/wp-content\/uploads\/2019\/05\/DSCF3898-300x200.jpg\"><\/a><\/div>\n<\/li>\n<li>\n<h4><span class=\"ez-toc-section\" id=\"Le_pont_du_diable_The_Devil_Bridge_Aniane\"><\/span>Le pont du diable (The Devil Bridge), Aniane<span class=\"ez-toc-section-end\"><\/span><\/h4>\n<p><span style=\"font-weight: 400;\">A quick stroll which is definitely worth it. Right at &nbsp;the end of the accessible path, we discover a stunning view on the devil bridge and on the beautiful H\u00e9rault canyon. Everytime I see a canyon and their clear fresh waters, I just want to go and ride a canoe! Too bad the weather was not in our favor\u2026 that\u2019s ok, next time for sure!<\/span><br>\n<a href=\"https:\/\/www.iwheeltravel.com\/wp-content\/uploads\/2019\/05\/pont-du-diable-aniane.jpg\"><noscript><img decoding=\"async\" class=\"aligncenter wp-image-7154\" src=\"https:\/\/i0.wp.com\/www.iwheeltravel.com\/wp-content\/uploads\/2019\/05\/pont-du-diable-aniane.jpg?resize=680%2C544&#038;ssl=1\" alt=\"pont du diable aniane\" width=\"680\" height=\"544\" srcset=\"https:\/\/i0.wp.com\/www.iwheeltravel.com\/wp-content\/uploads\/2019\/05\/pont-du-diable-aniane.jpg?resize=300%2C240&amp;ssl=1 300w, https:\/\/i0.wp.com\/www.iwheeltravel.com\/wp-content\/uploads\/2019\/05\/pont-du-diable-aniane.jpg?resize=768%2C614&amp;ssl=1 768w, https:\/\/i0.wp.com\/www.iwheeltravel.com\/wp-content\/uploads\/2019\/05\/pont-du-diable-aniane.jpg?w=945&amp;ssl=1 945w\" sizes=\"(max-width: 680px) 100vw, 680px\" data-recalc-dims=\"1\"><\/noscript><img decoding=\"async\" class=\"aligncenter wp-image-7154 lazyload\" src=\"data:image\/svg+xml,%3Csvg%20xmlns%3D%22http%3A%2F%2Fwww.w3.org%2F2000%2Fsvg%22%20viewBox%3D%220%200%20680%20544%22%3E%3C%2Fsvg%3E\" alt=\"pont du diable aniane\" width=\"680\" height=\"544\" srcset=\"data:image\/svg+xml,%3Csvg%20xmlns%3D%22http%3A%2F%2Fwww.w3.org%2F2000%2Fsvg%22%20viewBox%3D%220%200%20680%20544%22%3E%3C%2Fsvg%3E 680w\" sizes=\"(max-width: 680px) 100vw, 680px\" data-srcset=\"https:\/\/i0.wp.com\/www.iwheeltravel.com\/wp-content\/uploads\/2019\/05\/pont-du-diable-aniane.jpg?resize=300%2C240&amp;ssl=1 300w, https:\/\/i0.wp.com\/www.iwheeltravel.com\/wp-content\/uploads\/2019\/05\/pont-du-diable-aniane.jpg?resize=768%2C614&amp;ssl=1 768w, https:\/\/i0.wp.com\/www.iwheeltravel.com\/wp-content\/uploads\/2019\/05\/pont-du-diable-aniane.jpg?w=945&amp;ssl=1 945w\" data-src=\"https:\/\/www.iwheeltravel.com\/wp-content\/uploads\/2019\/05\/pont-du-diable-aniane-300x240.jpg\"><\/a><\/p>\n<div>\n<p><span style=\"font-weight: 400;\">Accessibility: The area is designed to facilitate people with motor and visual disabilities. The parking lot has many designated spots for disabled. The path to the bridge is completely accessible, but it ends at the bridge with deep cobblestones. It is not an issue as the view is perfect from there.<\/span><\/p>\n<p><span style=\"font-weight: 400;\">Along the path is located the \u201cMaison du Grand Site Vall\u00e9e de l\u2019H\u00e9rault\u201d, an important tourist information site containing a mini-museum and a coffee shop. You will have accessible toilet there plus a wheelchair to rent if needed.<\/span><a href=\"https:\/\/www.iwheeltravel.com\/wp-content\/uploads\/2019\/05\/IMG_2252.jpg\"><noscript><img decoding=\"async\" class=\"aligncenter wp-image-7095\" src=\"https:\/\/i0.wp.com\/www.iwheeltravel.com\/wp-content\/uploads\/2019\/05\/IMG_2252.jpg?resize=944%2C708&#038;ssl=1\" alt=\"Pont du diable aniane handicap\" width=\"944\" height=\"708\" srcset=\"https:\/\/i0.wp.com\/www.iwheeltravel.com\/wp-content\/uploads\/2019\/05\/IMG_2252.jpg?resize=300%2C225&amp;ssl=1 300w, https:\/\/i0.wp.com\/www.iwheeltravel.com\/wp-content\/uploads\/2019\/05\/IMG_2252.jpg?resize=768%2C576&amp;ssl=1 768w, https:\/\/i0.wp.com\/www.iwheeltravel.com\/wp-content\/uploads\/2019\/05\/IMG_2252.jpg?resize=1024%2C768&amp;ssl=1 1024w, https:\/\/i0.wp.com\/www.iwheeltravel.com\/wp-content\/uploads\/2019\/05\/IMG_2252.jpg?resize=370%2C278&amp;ssl=1 370w, https:\/\/i0.wp.com\/www.iwheeltravel.com\/wp-content\/uploads\/2019\/05\/IMG_2252.jpg?w=1411&amp;ssl=1 1411w\" sizes=\"(max-width: 944px) 100vw, 944px\" data-recalc-dims=\"1\"><\/noscript><img decoding=\"async\" class=\"aligncenter wp-image-7095 lazyload\" src=\"data:image\/svg+xml,%3Csvg%20xmlns%3D%22http%3A%2F%2Fwww.w3.org%2F2000%2Fsvg%22%20viewBox%3D%220%200%20944%20708%22%3E%3C%2Fsvg%3E\" alt=\"Pont du diable aniane handicap\" width=\"944\" height=\"708\" srcset=\"data:image\/svg+xml,%3Csvg%20xmlns%3D%22http%3A%2F%2Fwww.w3.org%2F2000%2Fsvg%22%20viewBox%3D%220%200%20944%20708%22%3E%3C%2Fsvg%3E 944w\" sizes=\"(max-width: 944px) 100vw, 944px\" data-srcset=\"https:\/\/i0.wp.com\/www.iwheeltravel.com\/wp-content\/uploads\/2019\/05\/IMG_2252.jpg?resize=300%2C225&amp;ssl=1 300w, https:\/\/i0.wp.com\/www.iwheeltravel.com\/wp-content\/uploads\/2019\/05\/IMG_2252.jpg?resize=768%2C576&amp;ssl=1 768w, https:\/\/i0.wp.com\/www.iwheeltravel.com\/wp-content\/uploads\/2019\/05\/IMG_2252.jpg?resize=1024%2C768&amp;ssl=1 1024w, https:\/\/i0.wp.com\/www.iwheeltravel.com\/wp-content\/uploads\/2019\/05\/IMG_2252.jpg?resize=370%2C278&amp;ssl=1 370w, https:\/\/i0.wp.com\/www.iwheeltravel.com\/wp-content\/uploads\/2019\/05\/IMG_2252.jpg?w=1411&amp;ssl=1 1411w\" data-src=\"https:\/\/www.iwheeltravel.com\/wp-content\/uploads\/2019\/05\/IMG_2252-300x225.jpg\"><\/a><\/p>\n<\/div>\n<\/li>\n<li>\n<h4><span class=\"ez-toc-section\" id=\"The_9_locks_of_Fonseranes_Beziers\"><\/span>The 9 locks of Fonseranes, B\u00e9ziers<span class=\"ez-toc-section-end\"><\/span><\/h4>\n<p><span style=\"font-weight: 400;\">This promenade brought me back to my sunday family strolls along the Nantes to Brest waterway. Twopaths, boats and locks: it\u2019s all here! But this site is way more impressive thanks to its 9 successive cascading locks: a genius solution designed by Pierre-Paul Riquet to achieve a 21 meters drop in the waterway across 312 meters.<\/span><\/p>\n<p><span style=\"font-weight: 400;\">If you want to enjoy the site at its fullest, the tourist information site offer an immersive film projected on 3 differents walls, a treasure hunt for children and there is even a good restaurant with a panoramic view on Beziers and the castle. You will find all the information <a class=\"lien-post\" href=\"https:\/\/www.beziers-in-mediterranee.com\/en\">on their website<\/a>.<\/span><br>\n<a href=\"https:\/\/www.iwheeltravel.com\/wp-content\/uploads\/2019\/05\/DSCF4063.jpg\"><noscript><img decoding=\"async\" class=\"aligncenter wp-image-7089\" src=\"https:\/\/i0.wp.com\/www.iwheeltravel.com\/wp-content\/uploads\/2019\/05\/DSCF4063.jpg?resize=823%2C548&#038;ssl=1\" alt=\"9 \u00e9cluses fonseranes\" width=\"823\" height=\"548\" srcset=\"https:\/\/i0.wp.com\/www.iwheeltravel.com\/wp-content\/uploads\/2019\/05\/DSCF4063.jpg?resize=300%2C200&amp;ssl=1 300w, https:\/\/i0.wp.com\/www.iwheeltravel.com\/wp-content\/uploads\/2019\/05\/DSCF4063.jpg?resize=768%2C512&amp;ssl=1 768w, https:\/\/i0.wp.com\/www.iwheeltravel.com\/wp-content\/uploads\/2019\/05\/DSCF4063.jpg?resize=1024%2C683&amp;ssl=1 1024w, https:\/\/i0.wp.com\/www.iwheeltravel.com\/wp-content\/uploads\/2019\/05\/DSCF4063.jpg?w=1692&amp;ssl=1 1692w\" sizes=\"(max-width: 823px) 100vw, 823px\" data-recalc-dims=\"1\"><\/noscript><img decoding=\"async\" class=\"aligncenter wp-image-7089 lazyload\" src=\"data:image\/svg+xml,%3Csvg%20xmlns%3D%22http%3A%2F%2Fwww.w3.org%2F2000%2Fsvg%22%20viewBox%3D%220%200%20823%20548%22%3E%3C%2Fsvg%3E\" alt=\"9 \u00e9cluses fonseranes\" width=\"823\" height=\"548\" srcset=\"data:image\/svg+xml,%3Csvg%20xmlns%3D%22http%3A%2F%2Fwww.w3.org%2F2000%2Fsvg%22%20viewBox%3D%220%200%20823%20548%22%3E%3C%2Fsvg%3E 823w\" sizes=\"(max-width: 823px) 100vw, 823px\" data-srcset=\"https:\/\/i0.wp.com\/www.iwheeltravel.com\/wp-content\/uploads\/2019\/05\/DSCF4063.jpg?resize=300%2C200&amp;ssl=1 300w, https:\/\/i0.wp.com\/www.iwheeltravel.com\/wp-content\/uploads\/2019\/05\/DSCF4063.jpg?resize=768%2C512&amp;ssl=1 768w, https:\/\/i0.wp.com\/www.iwheeltravel.com\/wp-content\/uploads\/2019\/05\/DSCF4063.jpg?resize=1024%2C683&amp;ssl=1 1024w, https:\/\/i0.wp.com\/www.iwheeltravel.com\/wp-content\/uploads\/2019\/05\/DSCF4063.jpg?w=1692&amp;ssl=1 1692w\" data-src=\"https:\/\/www.iwheeltravel.com\/wp-content\/uploads\/2019\/05\/DSCF4063-300x200.jpg\"><\/a><\/p>\n<p>Accessibility:<\/p>\n<ul>\n<li><span style=\"font-weight: 400;\">There are several disable parking places on the toll parking, and three others on the lower side of the locks, on the other side of the waterway (access via &#8220;l\u2019all\u00e9e des \u00e9clusiers&#8221;). &nbsp;From the toll parking, you need to follow the accessible boardwalk to reach the locks. It is upward, I did it on my own but you might need someone to help you depending you health condition.<\/span><\/li>\n<li><span style=\"font-weight: 400;\">When you are on the bottom side of the locks, and you want to go up, the path is steep and quite long. But no worries, you can ask for help. To do so, you just need to press the button at the bottom of the path and someone will come with a small accessible electric car, kind of like a big golf cart.<\/span><br>\n<a href=\"https:\/\/www.iwheeltravel.com\/wp-content\/uploads\/2019\/05\/DSCF4078.jpg\"><noscript><img decoding=\"async\" class=\"aligncenter wp-image-7090\" src=\"https:\/\/i0.wp.com\/www.iwheeltravel.com\/wp-content\/uploads\/2019\/05\/DSCF4078.jpg?resize=881%2C587&#038;ssl=1\" alt=\"9 \u00e9cluses fonseranes fauteuil roulant\" width=\"881\" height=\"587\" srcset=\"https:\/\/i0.wp.com\/www.iwheeltravel.com\/wp-content\/uploads\/2019\/05\/DSCF4078.jpg?resize=300%2C200&amp;ssl=1 300w, https:\/\/i0.wp.com\/www.iwheeltravel.com\/wp-content\/uploads\/2019\/05\/DSCF4078.jpg?resize=768%2C512&amp;ssl=1 768w, https:\/\/i0.wp.com\/www.iwheeltravel.com\/wp-content\/uploads\/2019\/05\/DSCF4078.jpg?resize=1024%2C683&amp;ssl=1 1024w, https:\/\/i0.wp.com\/www.iwheeltravel.com\/wp-content\/uploads\/2019\/05\/DSCF4078.jpg?w=1681&amp;ssl=1 1681w\" sizes=\"(max-width: 881px) 100vw, 881px\" data-recalc-dims=\"1\"><\/noscript><img decoding=\"async\" class=\"aligncenter wp-image-7090 lazyload\" src=\"data:image\/svg+xml,%3Csvg%20xmlns%3D%22http%3A%2F%2Fwww.w3.org%2F2000%2Fsvg%22%20viewBox%3D%220%200%20881%20587%22%3E%3C%2Fsvg%3E\" alt=\"9 \u00e9cluses fonseranes fauteuil roulant\" width=\"881\" height=\"587\" srcset=\"data:image\/svg+xml,%3Csvg%20xmlns%3D%22http%3A%2F%2Fwww.w3.org%2F2000%2Fsvg%22%20viewBox%3D%220%200%20881%20587%22%3E%3C%2Fsvg%3E 881w\" sizes=\"(max-width: 881px) 100vw, 881px\" data-srcset=\"https:\/\/i0.wp.com\/www.iwheeltravel.com\/wp-content\/uploads\/2019\/05\/DSCF4078.jpg?resize=300%2C200&amp;ssl=1 300w, https:\/\/i0.wp.com\/www.iwheeltravel.com\/wp-content\/uploads\/2019\/05\/DSCF4078.jpg?resize=768%2C512&amp;ssl=1 768w, https:\/\/i0.wp.com\/www.iwheeltravel.com\/wp-content\/uploads\/2019\/05\/DSCF4078.jpg?resize=1024%2C683&amp;ssl=1 1024w, https:\/\/i0.wp.com\/www.iwheeltravel.com\/wp-content\/uploads\/2019\/05\/DSCF4078.jpg?w=1681&amp;ssl=1 1681w\" data-src=\"https:\/\/www.iwheeltravel.com\/wp-content\/uploads\/2019\/05\/DSCF4078-300x200.jpg\"><\/a><\/li>\n<\/ul>\n<\/li>\n<li>\n<h4><span class=\"ez-toc-section\" id=\"The_antique_Mediterranean_garden_Balaruc-les-Bains\"><\/span>The antique Mediterranean garden, Balaruc-les-Bains<span class=\"ez-toc-section-end\"><\/span><\/h4>\n<p><span style=\"font-weight: 400;\">If you are staying at Balaruc-les-Bains for a thermal cure or just to enjoy the sunny beaches, you\u2019ll notice immediately the <strong>nice accessible stroll along the sea on the Spinoza Promenade<\/strong>. But what you might miss, only few meters away, is a hidden green setting: The Antique Mediterranean garden.<\/span><br>\n<a href=\"https:\/\/www.iwheeltravel.com\/wp-content\/uploads\/2019\/05\/IMG_2530.jpg\"><noscript><img decoding=\"async\" class=\"aligncenter wp-image-7111\" title=\"Promenade Spinoza, Balaruc-les-Bains.\" src=\"https:\/\/i0.wp.com\/www.iwheeltravel.com\/wp-content\/uploads\/2019\/05\/IMG_2530.jpg?resize=823%2C617&#038;ssl=1\" alt=\"Promenade Spinoza, Balaruc-les-Bains.\" width=\"823\" height=\"617\" srcset=\"https:\/\/i0.wp.com\/www.iwheeltravel.com\/wp-content\/uploads\/2019\/05\/IMG_2530.jpg?resize=300%2C225&amp;ssl=1 300w, https:\/\/i0.wp.com\/www.iwheeltravel.com\/wp-content\/uploads\/2019\/05\/IMG_2530.jpg?resize=768%2C576&amp;ssl=1 768w, https:\/\/i0.wp.com\/www.iwheeltravel.com\/wp-content\/uploads\/2019\/05\/IMG_2530.jpg?resize=1024%2C768&amp;ssl=1 1024w, https:\/\/i0.wp.com\/www.iwheeltravel.com\/wp-content\/uploads\/2019\/05\/IMG_2530.jpg?resize=370%2C278&amp;ssl=1 370w, https:\/\/i0.wp.com\/www.iwheeltravel.com\/wp-content\/uploads\/2019\/05\/IMG_2530.jpg?w=1411&amp;ssl=1 1411w\" sizes=\"(max-width: 823px) 100vw, 823px\" data-recalc-dims=\"1\"><\/noscript><img decoding=\"async\" class=\"aligncenter wp-image-7111 lazyload\" title=\"Promenade Spinoza, Balaruc-les-Bains.\" src=\"data:image\/svg+xml,%3Csvg%20xmlns%3D%22http%3A%2F%2Fwww.w3.org%2F2000%2Fsvg%22%20viewBox%3D%220%200%20823%20617%22%3E%3C%2Fsvg%3E\" alt=\"Promenade Spinoza, Balaruc-les-Bains.\" width=\"823\" height=\"617\" srcset=\"data:image\/svg+xml,%3Csvg%20xmlns%3D%22http%3A%2F%2Fwww.w3.org%2F2000%2Fsvg%22%20viewBox%3D%220%200%20823%20617%22%3E%3C%2Fsvg%3E 823w\" sizes=\"(max-width: 823px) 100vw, 823px\" data-srcset=\"https:\/\/i0.wp.com\/www.iwheeltravel.com\/wp-content\/uploads\/2019\/05\/IMG_2530.jpg?resize=300%2C225&amp;ssl=1 300w, https:\/\/i0.wp.com\/www.iwheeltravel.com\/wp-content\/uploads\/2019\/05\/IMG_2530.jpg?resize=768%2C576&amp;ssl=1 768w, https:\/\/i0.wp.com\/www.iwheeltravel.com\/wp-content\/uploads\/2019\/05\/IMG_2530.jpg?resize=1024%2C768&amp;ssl=1 1024w, https:\/\/i0.wp.com\/www.iwheeltravel.com\/wp-content\/uploads\/2019\/05\/IMG_2530.jpg?resize=370%2C278&amp;ssl=1 370w, https:\/\/i0.wp.com\/www.iwheeltravel.com\/wp-content\/uploads\/2019\/05\/IMG_2530.jpg?w=1411&amp;ssl=1 1411w\" data-src=\"https:\/\/www.iwheeltravel.com\/wp-content\/uploads\/2019\/05\/IMG_2530-300x225.jpg\"><\/a><\/p>\n<p><span style=\"font-weight: 400;\">It has be designed from the start as the green lung of the seaside resort. It was part of a plan to stop, or at least slow down, real estate development in the area and keep a green space in the city. However, don\u2019t expect a typical French garden like Le N\u00f4tre ones. Here, it is all about &nbsp;Mediterranean flora preservation, and presented as it would have been during ancient times. <\/span><\/p>\n<p><span style=\"font-weight: 400;\">They are several sections, each representing one specific type of Mediterranean gardens from that period. But they all have something in common : plants are not redistricted by the human hand, as it was back then. Therefore, you will glimpse no geometric trim, and see that weeding is kept to a minimum. Indeed, all herbs and plants had a part to play in the roman era.<\/span><br>\n<a href=\"https:\/\/www.iwheeltravel.com\/wp-content\/uploads\/2019\/05\/jardin-antique-m\u00e9diterann\u00e9en-fauteuil-roulant.jpg\"><noscript><img decoding=\"async\" class=\"aligncenter wp-image-7155\" src=\"https:\/\/i0.wp.com\/www.iwheeltravel.com\/wp-content\/uploads\/2019\/05\/jardin-antique-m\u00e9diterann\u00e9en-fauteuil-roulant.jpg?resize=706%2C565&#038;ssl=1\" alt=\"jardin antique m\u00e9diterann\u00e9en fauteuil roulant\" width=\"706\" height=\"565\" srcset=\"https:\/\/i0.wp.com\/www.iwheeltravel.com\/wp-content\/uploads\/2019\/05\/jardin-antique-m\u00e9diterann\u00e9en-fauteuil-roulant.jpg?resize=300%2C240&amp;ssl=1 300w, https:\/\/i0.wp.com\/www.iwheeltravel.com\/wp-content\/uploads\/2019\/05\/jardin-antique-m\u00e9diterann\u00e9en-fauteuil-roulant.jpg?resize=768%2C614&amp;ssl=1 768w, https:\/\/i0.wp.com\/www.iwheeltravel.com\/wp-content\/uploads\/2019\/05\/jardin-antique-m\u00e9diterann\u00e9en-fauteuil-roulant.jpg?w=945&amp;ssl=1 945w\" sizes=\"(max-width: 706px) 100vw, 706px\" data-recalc-dims=\"1\"><\/noscript><img decoding=\"async\" class=\"aligncenter wp-image-7155 lazyload\" src=\"data:image\/svg+xml,%3Csvg%20xmlns%3D%22http%3A%2F%2Fwww.w3.org%2F2000%2Fsvg%22%20viewBox%3D%220%200%20706%20565%22%3E%3C%2Fsvg%3E\" alt=\"jardin antique m\u00e9diterann\u00e9en fauteuil roulant\" width=\"706\" height=\"565\" srcset=\"data:image\/svg+xml,%3Csvg%20xmlns%3D%22http%3A%2F%2Fwww.w3.org%2F2000%2Fsvg%22%20viewBox%3D%220%200%20706%20565%22%3E%3C%2Fsvg%3E 706w\" sizes=\"(max-width: 706px) 100vw, 706px\" data-srcset=\"https:\/\/i0.wp.com\/www.iwheeltravel.com\/wp-content\/uploads\/2019\/05\/jardin-antique-m\u00e9diterann\u00e9en-fauteuil-roulant.jpg?resize=300%2C240&amp;ssl=1 300w, https:\/\/i0.wp.com\/www.iwheeltravel.com\/wp-content\/uploads\/2019\/05\/jardin-antique-m\u00e9diterann\u00e9en-fauteuil-roulant.jpg?resize=768%2C614&amp;ssl=1 768w, https:\/\/i0.wp.com\/www.iwheeltravel.com\/wp-content\/uploads\/2019\/05\/jardin-antique-m\u00e9diterann\u00e9en-fauteuil-roulant.jpg?w=945&amp;ssl=1 945w\" data-src=\"https:\/\/www.iwheeltravel.com\/wp-content\/uploads\/2019\/05\/jardin-antique-m\u00e9diterann\u00e9en-fauteuil-roulant-300x240.jpg\"><\/a><\/p>\n<p><span style=\"font-weight: 400;\">All along the visit you can find information signs, and an audio guide is available. But I would still go for the guided tour (every Wednesday at 10 am, reservation required). I have learn many things during this visit and I am convinced the walk would have not as interesting without it. Our guide was passionate, sharing with real enthousiasme his deep knowledge about Antique garden. From the daily routine of the wealthy (only rich people could afford a garden), to the meanings of plants, their medical benefit and culinary uses.<\/span><br>\n<a href=\"https:\/\/www.iwheeltravel.com\/wp-content\/uploads\/2019\/05\/IMG_2506.jpg\"><noscript><img decoding=\"async\" class=\"aligncenter wp-image-7108\" title=\"jardin antique m\u00e9diterran\u00e9en balaruc fauteuil roulant\" src=\"https:\/\/i0.wp.com\/www.iwheeltravel.com\/wp-content\/uploads\/2019\/05\/IMG_2506.jpg?resize=839%2C629&#038;ssl=1\" alt=\"jardin antique m\u00e9diterran\u00e9en balaruc fauteuil roulant\" width=\"839\" height=\"629\" srcset=\"https:\/\/i0.wp.com\/www.iwheeltravel.com\/wp-content\/uploads\/2019\/05\/IMG_2506.jpg?resize=300%2C225&amp;ssl=1 300w, https:\/\/i0.wp.com\/www.iwheeltravel.com\/wp-content\/uploads\/2019\/05\/IMG_2506.jpg?resize=768%2C576&amp;ssl=1 768w, https:\/\/i0.wp.com\/www.iwheeltravel.com\/wp-content\/uploads\/2019\/05\/IMG_2506.jpg?resize=1024%2C768&amp;ssl=1 1024w, https:\/\/i0.wp.com\/www.iwheeltravel.com\/wp-content\/uploads\/2019\/05\/IMG_2506.jpg?resize=370%2C278&amp;ssl=1 370w, https:\/\/i0.wp.com\/www.iwheeltravel.com\/wp-content\/uploads\/2019\/05\/IMG_2506.jpg?w=1411&amp;ssl=1 1411w\" sizes=\"(max-width: 839px) 100vw, 839px\" data-recalc-dims=\"1\"><\/noscript><img decoding=\"async\" class=\"aligncenter wp-image-7108 lazyload\" title=\"jardin antique m\u00e9diterran\u00e9en balaruc fauteuil roulant\" src=\"data:image\/svg+xml,%3Csvg%20xmlns%3D%22http%3A%2F%2Fwww.w3.org%2F2000%2Fsvg%22%20viewBox%3D%220%200%20839%20629%22%3E%3C%2Fsvg%3E\" alt=\"jardin antique m\u00e9diterran\u00e9en balaruc fauteuil roulant\" width=\"839\" height=\"629\" srcset=\"data:image\/svg+xml,%3Csvg%20xmlns%3D%22http%3A%2F%2Fwww.w3.org%2F2000%2Fsvg%22%20viewBox%3D%220%200%20839%20629%22%3E%3C%2Fsvg%3E 839w\" sizes=\"(max-width: 839px) 100vw, 839px\" data-srcset=\"https:\/\/i0.wp.com\/www.iwheeltravel.com\/wp-content\/uploads\/2019\/05\/IMG_2506.jpg?resize=300%2C225&amp;ssl=1 300w, https:\/\/i0.wp.com\/www.iwheeltravel.com\/wp-content\/uploads\/2019\/05\/IMG_2506.jpg?resize=768%2C576&amp;ssl=1 768w, https:\/\/i0.wp.com\/www.iwheeltravel.com\/wp-content\/uploads\/2019\/05\/IMG_2506.jpg?resize=1024%2C768&amp;ssl=1 1024w, https:\/\/i0.wp.com\/www.iwheeltravel.com\/wp-content\/uploads\/2019\/05\/IMG_2506.jpg?resize=370%2C278&amp;ssl=1 370w, https:\/\/i0.wp.com\/www.iwheeltravel.com\/wp-content\/uploads\/2019\/05\/IMG_2506.jpg?w=1411&amp;ssl=1 1411w\" data-src=\"https:\/\/www.iwheeltravel.com\/wp-content\/uploads\/2019\/05\/IMG_2506-300x225.jpg\"><\/a><\/p><\/li>\n<\/ul>\n<\/li>\n<\/ul>\n<div>\n<div style=\"text-align: justify;\">Accessibility: <span style=\"font-weight: 400;\">There are two disabled parking places at the museum entrance. The site is wheelchair-friendly and is equipped with audio induction loops and audio guide.<\/span><\/div>\n<\/div>\n<ul>\n<li style=\"text-align: justify;\">\n<h3><span class=\"ez-toc-section\" id=\"Accessible_outdoor_activities_in_the_Haut-Languedoc_Regional_Natural_Park\"><\/span>Accessible outdoor activities in the Haut-Languedoc Regional Natural Park<span class=\"ez-toc-section-end\"><\/span><\/h3>\n<\/li>\n<\/ul>\n<p style=\"text-align: justify;\"><span style=\"font-weight: 400;\">As I said earlier, south of France is not just beaches, Mediterranean sea and sun. The H\u00e9rault and Tarn departments are home to a great middle-mountain area: the Haut-Languedoc regional natural park. If you have been following my adventures for a while, you must know that since I came back to France, I have been doing more and more <a class=\"lien-post\" href=\"https:\/\/www.iwheeltravel.com\/en\/travel-france-adaptive-sports-parasport-mountain-handicap-disability-pyrenees\/\">high-altitude accessible activities<\/a>. So this was a must do for me.<\/span><\/p>\n<ul>\n<li>\n<h4 style=\"text-align: justify;\"><span class=\"ez-toc-section\" id=\"Joelette_stroll_in_Premian\"><\/span>Jo\u00eblette stroll in Pr\u00e9mian<span class=\"ez-toc-section-end\"><\/span><\/h4>\n<p style=\"text-align: justify;\"><span style=\"font-weight: 400;\">Our first experience inside the natural park will be a hike using a jo\u00eblette in the whereabouts of Premian. Franck and I were in good hands, led by Pierre-Franck (and his friends!), medium-mountain guide and owner of the ecogite we were staying in. He knows Premian and its surroundings perfectly and wishes other could discover this little hidden gem too. This is why on top of his accommodations, he offer several jo\u00eblette hikes options that you will find on his website. As for the prices, feel free to get in touch with him via <a class=\"lien-post broken_link\" href=\"http:\/\/www.ecogite-camparols.com\/contact-et-acces\/\">his contact form<\/a>.<\/span><br>\n<a href=\"https:\/\/www.iwheeltravel.com\/wp-content\/uploads\/2019\/05\/DSCF3964.jpg\"><noscript><img decoding=\"async\" class=\"aligncenter wp-image-7073\" src=\"https:\/\/i0.wp.com\/www.iwheeltravel.com\/wp-content\/uploads\/2019\/05\/DSCF3964.jpg?resize=884%2C589&#038;ssl=1\" alt=\"joelette pr\u00e9mian haut languedoc\" width=\"884\" height=\"589\" srcset=\"https:\/\/i0.wp.com\/www.iwheeltravel.com\/wp-content\/uploads\/2019\/05\/DSCF3964.jpg?resize=300%2C200&amp;ssl=1 300w, https:\/\/i0.wp.com\/www.iwheeltravel.com\/wp-content\/uploads\/2019\/05\/DSCF3964.jpg?resize=768%2C512&amp;ssl=1 768w, https:\/\/i0.wp.com\/www.iwheeltravel.com\/wp-content\/uploads\/2019\/05\/DSCF3964.jpg?resize=1024%2C683&amp;ssl=1 1024w, https:\/\/i0.wp.com\/www.iwheeltravel.com\/wp-content\/uploads\/2019\/05\/DSCF3964.jpg?w=1713&amp;ssl=1 1713w\" sizes=\"(max-width: 884px) 100vw, 884px\" data-recalc-dims=\"1\"><\/noscript><img decoding=\"async\" class=\"aligncenter wp-image-7073 lazyload\" src=\"data:image\/svg+xml,%3Csvg%20xmlns%3D%22http%3A%2F%2Fwww.w3.org%2F2000%2Fsvg%22%20viewBox%3D%220%200%20884%20589%22%3E%3C%2Fsvg%3E\" alt=\"joelette pr\u00e9mian haut languedoc\" width=\"884\" height=\"589\" srcset=\"data:image\/svg+xml,%3Csvg%20xmlns%3D%22http%3A%2F%2Fwww.w3.org%2F2000%2Fsvg%22%20viewBox%3D%220%200%20884%20589%22%3E%3C%2Fsvg%3E 884w\" sizes=\"(max-width: 884px) 100vw, 884px\" data-srcset=\"https:\/\/i0.wp.com\/www.iwheeltravel.com\/wp-content\/uploads\/2019\/05\/DSCF3964.jpg?resize=300%2C200&amp;ssl=1 300w, https:\/\/i0.wp.com\/www.iwheeltravel.com\/wp-content\/uploads\/2019\/05\/DSCF3964.jpg?resize=768%2C512&amp;ssl=1 768w, https:\/\/i0.wp.com\/www.iwheeltravel.com\/wp-content\/uploads\/2019\/05\/DSCF3964.jpg?resize=1024%2C683&amp;ssl=1 1024w, https:\/\/i0.wp.com\/www.iwheeltravel.com\/wp-content\/uploads\/2019\/05\/DSCF3964.jpg?w=1713&amp;ssl=1 1713w\" data-src=\"https:\/\/www.iwheeltravel.com\/wp-content\/uploads\/2019\/05\/DSCF3964-300x200.jpg\"><\/a><\/p>\n<p style=\"text-align: justify;\"><span style=\"font-weight: 400;\">So here we go for a two hours ride in those mountains, where we will go through the \u201cvoie verte\u201d, small gravel road but also on narrow bush trail, right in the forest. We are making a few stops along the way, to admire the small village and the valley from higher grounds.<\/span><br>\n<a href=\"https:\/\/www.iwheeltravel.com\/wp-content\/uploads\/2019\/05\/DSCF3993.jpg\"><noscript><img decoding=\"async\" class=\"aligncenter wp-image-7082\" src=\"https:\/\/i0.wp.com\/www.iwheeltravel.com\/wp-content\/uploads\/2019\/05\/DSCF3993.jpg?resize=928%2C618&#038;ssl=1\" alt=\"pr\u00e9mian haut languedoc\" width=\"928\" height=\"618\" srcset=\"https:\/\/i0.wp.com\/www.iwheeltravel.com\/wp-content\/uploads\/2019\/05\/DSCF3993.jpg?resize=300%2C200&amp;ssl=1 300w, https:\/\/i0.wp.com\/www.iwheeltravel.com\/wp-content\/uploads\/2019\/05\/DSCF3993.jpg?resize=768%2C512&amp;ssl=1 768w, https:\/\/i0.wp.com\/www.iwheeltravel.com\/wp-content\/uploads\/2019\/05\/DSCF3993.jpg?resize=1024%2C683&amp;ssl=1 1024w, https:\/\/i0.wp.com\/www.iwheeltravel.com\/wp-content\/uploads\/2019\/05\/DSCF3993.jpg?w=1713&amp;ssl=1 1713w\" sizes=\"(max-width: 928px) 100vw, 928px\" data-recalc-dims=\"1\"><\/noscript><img decoding=\"async\" class=\"aligncenter wp-image-7082 lazyload\" src=\"data:image\/svg+xml,%3Csvg%20xmlns%3D%22http%3A%2F%2Fwww.w3.org%2F2000%2Fsvg%22%20viewBox%3D%220%200%20928%20618%22%3E%3C%2Fsvg%3E\" alt=\"pr\u00e9mian haut languedoc\" width=\"928\" height=\"618\" srcset=\"data:image\/svg+xml,%3Csvg%20xmlns%3D%22http%3A%2F%2Fwww.w3.org%2F2000%2Fsvg%22%20viewBox%3D%220%200%20928%20618%22%3E%3C%2Fsvg%3E 928w\" sizes=\"(max-width: 928px) 100vw, 928px\" data-srcset=\"https:\/\/i0.wp.com\/www.iwheeltravel.com\/wp-content\/uploads\/2019\/05\/DSCF3993.jpg?resize=300%2C200&amp;ssl=1 300w, https:\/\/i0.wp.com\/www.iwheeltravel.com\/wp-content\/uploads\/2019\/05\/DSCF3993.jpg?resize=768%2C512&amp;ssl=1 768w, https:\/\/i0.wp.com\/www.iwheeltravel.com\/wp-content\/uploads\/2019\/05\/DSCF3993.jpg?resize=1024%2C683&amp;ssl=1 1024w, https:\/\/i0.wp.com\/www.iwheeltravel.com\/wp-content\/uploads\/2019\/05\/DSCF3993.jpg?w=1713&amp;ssl=1 1713w\" data-src=\"https:\/\/www.iwheeltravel.com\/wp-content\/uploads\/2019\/05\/DSCF3993-300x200.jpg\"><\/a><span style=\"font-weight: 400;\">During this trek, Pierre-Franck is taking the time to teach us many things about local <\/span><span style=\"font-weight: 400;\">geology, wildlife and flora. A perfect occasion to learn more about nature that surrounds us. We discovered something very specific about the area we are in: trees and plants can change drastically in just few metres, depending if exposed to oceanic or Mediterranean climate. Pierre-Franck also brings to our attention diseases that affect local trees and tells us about the devastating and invasive Asian hornet.<\/span><\/p>\n<\/li>\n<li>\n<h4><span class=\"ez-toc-section\" id=\"Off_road_weelchair_in_Heric_canyon\"><\/span>Off road weelchair in H\u00e9ric canyon<span class=\"ez-toc-section-end\"><\/span><\/h4>\n<p><span style=\"font-weight: 400;\">The day after, we meet with Julien from <a class=\"lien-post broken_link\" href=\"https:\/\/www.escapeo.fr\/en\/home-3\/\">Escap\u00e9o<\/a> for an off road wheelchair ride in H\u00e9ric Canyon (gorge d\u2019H\u00e9ric). Franck and Julien will follow me using a electric mountain bike, so it won\u2019t be too hard for them to catch up. You might not know it, but an off road wheelchair can go up to 40 km\/h ! I was eager to ride an&nbsp;<\/span><span style=\"font-weight: 400;\">off road wheelchair&nbsp;<\/span><span style=\"font-weight: 400;\">again, as <a class=\"lien-post\" href=\"https:\/\/www.iwheeltravel.com\/en\/travelling-aveyron-france-handicap-bozouls-wheelchair\/\">I\u2019ve greatly enjoyed it last time in the Bozouls canyon in the Aveyron<\/a>. It was awesome to get freedom and speed feeling again. For me, this is the best aspect of&nbsp;<\/span><span style=\"font-weight: 400;\">off road wheelchairs is<\/span><span style=\"font-weight: 400;\">&nbsp;to be able to ride freely in the wilderness in complete autonomy.<\/span><br>\n<a href=\"https:\/\/www.iwheeltravel.com\/wp-content\/uploads\/2019\/05\/IMG_2409.jpg\"><noscript><img decoding=\"async\" class=\"aligncenter wp-image-7104\" src=\"https:\/\/i0.wp.com\/www.iwheeltravel.com\/wp-content\/uploads\/2019\/05\/IMG_2409.jpg?resize=890%2C667&#038;ssl=1\" alt=\"haut languedic fauteuil tout terrain handicap\" width=\"890\" height=\"667\" srcset=\"https:\/\/i0.wp.com\/www.iwheeltravel.com\/wp-content\/uploads\/2019\/05\/IMG_2409.jpg?resize=300%2C225&amp;ssl=1 300w, https:\/\/i0.wp.com\/www.iwheeltravel.com\/wp-content\/uploads\/2019\/05\/IMG_2409.jpg?resize=768%2C576&amp;ssl=1 768w, https:\/\/i0.wp.com\/www.iwheeltravel.com\/wp-content\/uploads\/2019\/05\/IMG_2409.jpg?resize=1024%2C768&amp;ssl=1 1024w, https:\/\/i0.wp.com\/www.iwheeltravel.com\/wp-content\/uploads\/2019\/05\/IMG_2409.jpg?resize=370%2C278&amp;ssl=1 370w, https:\/\/i0.wp.com\/www.iwheeltravel.com\/wp-content\/uploads\/2019\/05\/IMG_2409.jpg?w=1395&amp;ssl=1 1395w\" sizes=\"(max-width: 890px) 100vw, 890px\" data-recalc-dims=\"1\"><\/noscript><img decoding=\"async\" class=\"aligncenter wp-image-7104 lazyload\" src=\"data:image\/svg+xml,%3Csvg%20xmlns%3D%22http%3A%2F%2Fwww.w3.org%2F2000%2Fsvg%22%20viewBox%3D%220%200%20890%20667%22%3E%3C%2Fsvg%3E\" alt=\"haut languedic fauteuil tout terrain handicap\" width=\"890\" height=\"667\" srcset=\"data:image\/svg+xml,%3Csvg%20xmlns%3D%22http%3A%2F%2Fwww.w3.org%2F2000%2Fsvg%22%20viewBox%3D%220%200%20890%20667%22%3E%3C%2Fsvg%3E 890w\" sizes=\"(max-width: 890px) 100vw, 890px\" data-srcset=\"https:\/\/i0.wp.com\/www.iwheeltravel.com\/wp-content\/uploads\/2019\/05\/IMG_2409.jpg?resize=300%2C225&amp;ssl=1 300w, https:\/\/i0.wp.com\/www.iwheeltravel.com\/wp-content\/uploads\/2019\/05\/IMG_2409.jpg?resize=768%2C576&amp;ssl=1 768w, https:\/\/i0.wp.com\/www.iwheeltravel.com\/wp-content\/uploads\/2019\/05\/IMG_2409.jpg?resize=1024%2C768&amp;ssl=1 1024w, https:\/\/i0.wp.com\/www.iwheeltravel.com\/wp-content\/uploads\/2019\/05\/IMG_2409.jpg?resize=370%2C278&amp;ssl=1 370w, https:\/\/i0.wp.com\/www.iwheeltravel.com\/wp-content\/uploads\/2019\/05\/IMG_2409.jpg?w=1395&amp;ssl=1 1395w\" data-src=\"https:\/\/www.iwheeltravel.com\/wp-content\/uploads\/2019\/05\/IMG_2409-300x225.jpg\"><\/a><\/p>\n<p style=\"text-align: justify;\"><span style=\"font-weight: 400;\">This time, we didn\u2019t push the FTT o<\/span><span style=\"font-weight: 400;\">ff road wheelchair&nbsp;<\/span><span style=\"font-weight: 400;\">to its limit, using it on very rough terrain. However, if you are keen on doing something more extreme (like I do sometime!), Julien will be more than happy to tailor an experience just for you. All things considered, I am glad that Julien chose this place for our trip. H\u00e9ric Canyon is splendid. I haven\u2019t heard about it before, so I discovered it with amazed eyes. At some point, my heart was in two places at once: either stop to admire the canyon or go full-on on the off road wheelchair to get that speed thrill! All along the way, there are natural pools where you can bath but they are very difficult to access for people with disability.<\/span><br>\n<a href=\"https:\/\/www.iwheeltravel.com\/wp-content\/uploads\/2019\/05\/IMG_2419.jpg\"><noscript><img decoding=\"async\" class=\"aligncenter wp-image-7106\" src=\"https:\/\/i0.wp.com\/www.iwheeltravel.com\/wp-content\/uploads\/2019\/05\/IMG_2419.jpg?resize=902%2C677&#038;ssl=1\" alt=\"gorges d'h\u00e9ric fauteuil tout terrain\" width=\"902\" height=\"677\" srcset=\"https:\/\/i0.wp.com\/www.iwheeltravel.com\/wp-content\/uploads\/2019\/05\/IMG_2419.jpg?resize=300%2C225&amp;ssl=1 300w, https:\/\/i0.wp.com\/www.iwheeltravel.com\/wp-content\/uploads\/2019\/05\/IMG_2419.jpg?resize=768%2C576&amp;ssl=1 768w, https:\/\/i0.wp.com\/www.iwheeltravel.com\/wp-content\/uploads\/2019\/05\/IMG_2419.jpg?resize=1024%2C768&amp;ssl=1 1024w, https:\/\/i0.wp.com\/www.iwheeltravel.com\/wp-content\/uploads\/2019\/05\/IMG_2419.jpg?resize=370%2C278&amp;ssl=1 370w, https:\/\/i0.wp.com\/www.iwheeltravel.com\/wp-content\/uploads\/2019\/05\/IMG_2419.jpg?w=1411&amp;ssl=1 1411w\" sizes=\"(max-width: 902px) 100vw, 902px\" data-recalc-dims=\"1\"><\/noscript><img decoding=\"async\" class=\"aligncenter wp-image-7106 lazyload\" src=\"data:image\/svg+xml,%3Csvg%20xmlns%3D%22http%3A%2F%2Fwww.w3.org%2F2000%2Fsvg%22%20viewBox%3D%220%200%20902%20677%22%3E%3C%2Fsvg%3E\" alt=\"gorges d'h\u00e9ric fauteuil tout terrain\" width=\"902\" height=\"677\" srcset=\"data:image\/svg+xml,%3Csvg%20xmlns%3D%22http%3A%2F%2Fwww.w3.org%2F2000%2Fsvg%22%20viewBox%3D%220%200%20902%20677%22%3E%3C%2Fsvg%3E 902w\" sizes=\"(max-width: 902px) 100vw, 902px\" data-srcset=\"https:\/\/i0.wp.com\/www.iwheeltravel.com\/wp-content\/uploads\/2019\/05\/IMG_2419.jpg?resize=300%2C225&amp;ssl=1 300w, https:\/\/i0.wp.com\/www.iwheeltravel.com\/wp-content\/uploads\/2019\/05\/IMG_2419.jpg?resize=768%2C576&amp;ssl=1 768w, https:\/\/i0.wp.com\/www.iwheeltravel.com\/wp-content\/uploads\/2019\/05\/IMG_2419.jpg?resize=1024%2C768&amp;ssl=1 1024w, https:\/\/i0.wp.com\/www.iwheeltravel.com\/wp-content\/uploads\/2019\/05\/IMG_2419.jpg?resize=370%2C278&amp;ssl=1 370w, https:\/\/i0.wp.com\/www.iwheeltravel.com\/wp-content\/uploads\/2019\/05\/IMG_2419.jpg?w=1411&amp;ssl=1 1411w\" data-src=\"https:\/\/www.iwheeltravel.com\/wp-content\/uploads\/2019\/05\/IMG_2419-300x225.jpg\"><\/a><\/p>\n<\/li>\n<\/ul>\n<h2><span class=\"ez-toc-section\" id=\"My_accessible_go_to_places\"><\/span>My accessible go to places<span class=\"ez-toc-section-end\"><\/span><\/h2>\n<ul>\n<li>\n<h3><span class=\"ez-toc-section\" id=\"Restaurants\"><\/span>Restaurants<span class=\"ez-toc-section-end\"><\/span><\/h3>\n<ul>\n<li style=\"text-align: justify;\">L&#8217;Ocre Rouge, 12 place de la Croix, H\u00e9r\u00e9pian.\n<div><span style=\"font-weight: 400;\">A very fine restaurant where local products come first and are deliciously cooked. It was a delight for our taste buds, from the \u201cmise en bouche\u201d to the dessert.<\/span><\/div>\n<div>\n<p><a href=\"https:\/\/www.iwheeltravel.com\/wp-content\/uploads\/2019\/05\/IMG_2308.jpg\"><noscript><img decoding=\"async\" class=\"aligncenter wp-image-7098\" src=\"https:\/\/i0.wp.com\/www.iwheeltravel.com\/wp-content\/uploads\/2019\/05\/IMG_2308.jpg?resize=324%2C432&#038;ssl=1\" alt=\"Ocre rouge restaurant h\u00e9r\u00e9pian\" width=\"324\" height=\"432\" srcset=\"https:\/\/i0.wp.com\/www.iwheeltravel.com\/wp-content\/uploads\/2019\/05\/IMG_2308.jpg?resize=225%2C300&amp;ssl=1 225w, https:\/\/i0.wp.com\/www.iwheeltravel.com\/wp-content\/uploads\/2019\/05\/IMG_2308.jpg?resize=768%2C1024&amp;ssl=1 768w, https:\/\/i0.wp.com\/www.iwheeltravel.com\/wp-content\/uploads\/2019\/05\/IMG_2308.jpg?w=1058&amp;ssl=1 1058w\" sizes=\"(max-width: 324px) 100vw, 324px\" data-recalc-dims=\"1\"><\/noscript><img decoding=\"async\" class=\"aligncenter wp-image-7098 lazyload\" src=\"data:image\/svg+xml,%3Csvg%20xmlns%3D%22http%3A%2F%2Fwww.w3.org%2F2000%2Fsvg%22%20viewBox%3D%220%200%20324%20432%22%3E%3C%2Fsvg%3E\" alt=\"Ocre rouge restaurant h\u00e9r\u00e9pian\" width=\"324\" height=\"432\" srcset=\"data:image\/svg+xml,%3Csvg%20xmlns%3D%22http%3A%2F%2Fwww.w3.org%2F2000%2Fsvg%22%20viewBox%3D%220%200%20324%20432%22%3E%3C%2Fsvg%3E 324w\" sizes=\"(max-width: 324px) 100vw, 324px\" data-srcset=\"https:\/\/i0.wp.com\/www.iwheeltravel.com\/wp-content\/uploads\/2019\/05\/IMG_2308.jpg?resize=225%2C300&amp;ssl=1 225w, https:\/\/i0.wp.com\/www.iwheeltravel.com\/wp-content\/uploads\/2019\/05\/IMG_2308.jpg?resize=768%2C1024&amp;ssl=1 768w, https:\/\/i0.wp.com\/www.iwheeltravel.com\/wp-content\/uploads\/2019\/05\/IMG_2308.jpg?w=1058&amp;ssl=1 1058w\" data-src=\"https:\/\/www.iwheeltravel.com\/wp-content\/uploads\/2019\/05\/IMG_2308-225x300.jpg\"><\/a><\/p>\n<\/div>\n<div>\n<p>Accessibility:<br>\n<span style=\"font-weight: 400;\">Park near the restaurant is difficult. There are \u201cstop-only\u201d parking places, where people who own a disabled parking card can use to park, but are wrongfully used most of the time unfortunately. An outside ramp allows wheelchair user to access the restaurant easily. Once inside, everything is accessible, so as the toilets.<\/span><\/p>\n<\/div>\n<div><\/div>\n<\/li>\n<li>La Pourpre et Les Oliviers, 135 Route d&#8217;Aniane, Saint-Jean-de-Fos.\n<div style=\"text-align: justify;\">\n<p><span style=\"font-weight: 400;\">Another restaurant where you can taste typical dishes made with local products. We ate well and the staff is very welcoming<\/span>.<\/p>\n<p>Accessibility:<br>\n<span style=\"font-weight: 400;\">The owners are in the process of improving the restaurant accessibility in order to get the label <\/span><i><span style=\"font-weight: 400;\">Tourism &amp; Handicap<\/span><\/i><span style=\"font-weight: 400;\">.<\/span><\/p>\n<p><span style=\"font-weight: 400;\">You can park in the courtyard, covered in compacted gravel, then you\u2019ll find a concrete ramp to access the restaurant. It is easy to roll around inside. Toilet are not completely accessible, but it is possible to get inside and do a lateral transfer.<\/span><\/p>\n<\/div>\n<\/li>\n<li>\n<p style=\"text-align: justify;\">Le Bistronome, 1 Rue Charles Barthes, Saint-Pons-de-Thomi\u00e8res.<\/p>\n<p style=\"text-align: justify;\"><span style=\"font-weight: 400;\">This restaurant offers locals dishes as well as tapas. It has great value for money, and has a great layback feel to it. Also, the restaurant is located inside renovated stables, it is very cosy !<\/span><\/p>\n<p><a href=\"https:\/\/www.iwheeltravel.com\/wp-content\/uploads\/2019\/05\/IMG_2457.jpg\"><noscript><img decoding=\"async\" class=\"aligncenter wp-image-7107\" title=\"restaurant accessible le bistronome saint de thomi\u00e8res\" src=\"https:\/\/i0.wp.com\/www.iwheeltravel.com\/wp-content\/uploads\/2019\/05\/IMG_2457.jpg?resize=616%2C462&#038;ssl=1\" alt=\"restaurant accessible le bistronome saint de thomi\u00e8res\" width=\"616\" height=\"462\" srcset=\"https:\/\/i0.wp.com\/www.iwheeltravel.com\/wp-content\/uploads\/2019\/05\/IMG_2457.jpg?resize=300%2C225&amp;ssl=1 300w, https:\/\/i0.wp.com\/www.iwheeltravel.com\/wp-content\/uploads\/2019\/05\/IMG_2457.jpg?resize=768%2C576&amp;ssl=1 768w, https:\/\/i0.wp.com\/www.iwheeltravel.com\/wp-content\/uploads\/2019\/05\/IMG_2457.jpg?resize=1024%2C768&amp;ssl=1 1024w, https:\/\/i0.wp.com\/www.iwheeltravel.com\/wp-content\/uploads\/2019\/05\/IMG_2457.jpg?resize=370%2C278&amp;ssl=1 370w, https:\/\/i0.wp.com\/www.iwheeltravel.com\/wp-content\/uploads\/2019\/05\/IMG_2457.jpg?w=1411&amp;ssl=1 1411w\" sizes=\"(max-width: 616px) 100vw, 616px\" data-recalc-dims=\"1\"><\/noscript><img decoding=\"async\" class=\"aligncenter wp-image-7107 lazyload\" title=\"restaurant accessible le bistronome saint de thomi\u00e8res\" src=\"data:image\/svg+xml,%3Csvg%20xmlns%3D%22http%3A%2F%2Fwww.w3.org%2F2000%2Fsvg%22%20viewBox%3D%220%200%20616%20462%22%3E%3C%2Fsvg%3E\" alt=\"restaurant accessible le bistronome saint de thomi\u00e8res\" width=\"616\" height=\"462\" srcset=\"data:image\/svg+xml,%3Csvg%20xmlns%3D%22http%3A%2F%2Fwww.w3.org%2F2000%2Fsvg%22%20viewBox%3D%220%200%20616%20462%22%3E%3C%2Fsvg%3E 616w\" sizes=\"(max-width: 616px) 100vw, 616px\" data-srcset=\"https:\/\/i0.wp.com\/www.iwheeltravel.com\/wp-content\/uploads\/2019\/05\/IMG_2457.jpg?resize=300%2C225&amp;ssl=1 300w, https:\/\/i0.wp.com\/www.iwheeltravel.com\/wp-content\/uploads\/2019\/05\/IMG_2457.jpg?resize=768%2C576&amp;ssl=1 768w, https:\/\/i0.wp.com\/www.iwheeltravel.com\/wp-content\/uploads\/2019\/05\/IMG_2457.jpg?resize=1024%2C768&amp;ssl=1 1024w, https:\/\/i0.wp.com\/www.iwheeltravel.com\/wp-content\/uploads\/2019\/05\/IMG_2457.jpg?resize=370%2C278&amp;ssl=1 370w, https:\/\/i0.wp.com\/www.iwheeltravel.com\/wp-content\/uploads\/2019\/05\/IMG_2457.jpg?w=1411&amp;ssl=1 1411w\" data-src=\"https:\/\/www.iwheeltravel.com\/wp-content\/uploads\/2019\/05\/IMG_2457-300x225.jpg\"><\/a><\/p>\n<p style=\"text-align: justify;\">Accessibility:<br>\n<span style=\"font-weight: 400;\">The restaurant is accessible. Accessible toilets are located inside the second room. There is a disabled parking spot few metres away from the restaurant (Place du Foirail).<\/span><\/p>\n<\/li>\n<li style=\"text-align: justify;\"><a class=\"lien-post\" href=\"https:\/\/www.hotelfusies.fr\/\">Relais de Fusies<\/a>, 2 Rue de la R\u00e9publique, Lacaune.<br>\n<span style=\"font-weight: 400;\">This restaurant has a nice settings, and the accommodations reception, right next to it, is remarquable with lavish woodwork paintings. But the most important part: the food is delicious, and the staff is very knowledgeable when it comes to wine pairing.<\/span><br>\n<span style=\"font-weight: 400;\">Accessibility:<br>\n<\/span><span style=\"font-weight: 400;\">There is no parking in front of the restaurant. The best solution is to park on \u201cplace de la mairie\u201d. There are two entrances, both accessible: the main entrance and a smaller one at the bottom of \u201crue aux Herbes\u201d.<\/span><\/li>\n<li style=\"text-align: justify;\"><a class=\"lien-post broken_link\" href=\"https:\/\/www.facebook.com\/lotchapaire\/\">Lo T\u2019Chapa\u00efre<\/a>&nbsp;, Mons.<br>\n<span style=\"font-weight: 400;\">This is a simple, no-fuss yet delicious grill restaurant.<\/span><span style=\"font-weight: 400;\">Accessibility:<br>\n<\/span><span style=\"font-weight: 400;\">No disabled parking place, but there is no problem going around and inside the restaurant. Toilet are accessible.<\/span><\/li>\n<li style=\"text-align: justify;\"><a class=\"lien-post\" href=\"https:\/\/restaurant-larome.eu\/\">L&#8217;Ar\u00f4me<\/a>, 22 Avenue du Port, Balaruc-les-Bains.<br>\n<span style=\"font-weight: 400;\">An outstanding address in Balaruc. You\u2019ll discover an inventive cuisine, cooked with fresh and local ingredients. Chef Jean-Jack Monti also brings a delicate Asian touch to his dishes, which I quite enjoy. The presentation is perfect.<\/span><span style=\"font-weight: 400;\">Accessibility:<br>\n<\/span><span style=\"font-weight: 400;\">The restaurant is accessible via a ramp, and has accessible toilets. There are disable parking places near \u201csquare de la plage\u201d and \u201cplace Lucien Salet\u00e9\u201d. The restaurant is labelled <em>Tourism &amp; Handicap<\/em> for mental and hearing &nbsp;disability.<\/span>\n<div id=\"attachment_7112\" style=\"width: 709px\" class=\"wp-caption aligncenter\"><a href=\"https:\/\/www.iwheeltravel.com\/wp-content\/uploads\/2019\/05\/IMG_2539.jpg\"><noscript><img decoding=\"async\" aria-describedby=\"caption-attachment-7112\" class=\"wp-image-7112\" src=\"https:\/\/i0.wp.com\/www.iwheeltravel.com\/wp-content\/uploads\/2019\/05\/IMG_2539.jpg?resize=699%2C524&#038;ssl=1\" alt=\"restaurant andicap arome balaruc\" width=\"699\" height=\"524\" srcset=\"https:\/\/i0.wp.com\/www.iwheeltravel.com\/wp-content\/uploads\/2019\/05\/IMG_2539.jpg?resize=300%2C225&amp;ssl=1 300w, https:\/\/i0.wp.com\/www.iwheeltravel.com\/wp-content\/uploads\/2019\/05\/IMG_2539.jpg?resize=768%2C576&amp;ssl=1 768w, https:\/\/i0.wp.com\/www.iwheeltravel.com\/wp-content\/uploads\/2019\/05\/IMG_2539.jpg?resize=1024%2C768&amp;ssl=1 1024w, https:\/\/i0.wp.com\/www.iwheeltravel.com\/wp-content\/uploads\/2019\/05\/IMG_2539.jpg?resize=370%2C278&amp;ssl=1 370w, https:\/\/i0.wp.com\/www.iwheeltravel.com\/wp-content\/uploads\/2019\/05\/IMG_2539.jpg?w=1411&amp;ssl=1 1411w\" sizes=\"(max-width: 699px) 100vw, 699px\" data-recalc-dims=\"1\"><\/noscript><img decoding=\"async\" aria-describedby=\"caption-attachment-7112\" class=\"wp-image-7112 lazyload\" src=\"data:image\/svg+xml,%3Csvg%20xmlns%3D%22http%3A%2F%2Fwww.w3.org%2F2000%2Fsvg%22%20viewBox%3D%220%200%20699%20524%22%3E%3C%2Fsvg%3E\" alt=\"restaurant andicap arome balaruc\" width=\"699\" height=\"524\" srcset=\"data:image\/svg+xml,%3Csvg%20xmlns%3D%22http%3A%2F%2Fwww.w3.org%2F2000%2Fsvg%22%20viewBox%3D%220%200%20699%20524%22%3E%3C%2Fsvg%3E 699w\" sizes=\"(max-width: 699px) 100vw, 699px\" data-srcset=\"https:\/\/i0.wp.com\/www.iwheeltravel.com\/wp-content\/uploads\/2019\/05\/IMG_2539.jpg?resize=300%2C225&amp;ssl=1 300w, https:\/\/i0.wp.com\/www.iwheeltravel.com\/wp-content\/uploads\/2019\/05\/IMG_2539.jpg?resize=768%2C576&amp;ssl=1 768w, https:\/\/i0.wp.com\/www.iwheeltravel.com\/wp-content\/uploads\/2019\/05\/IMG_2539.jpg?resize=1024%2C768&amp;ssl=1 1024w, https:\/\/i0.wp.com\/www.iwheeltravel.com\/wp-content\/uploads\/2019\/05\/IMG_2539.jpg?resize=370%2C278&amp;ssl=1 370w, https:\/\/i0.wp.com\/www.iwheeltravel.com\/wp-content\/uploads\/2019\/05\/IMG_2539.jpg?w=1411&amp;ssl=1 1411w\" data-src=\"https:\/\/www.iwheeltravel.com\/wp-content\/uploads\/2019\/05\/IMG_2539-300x225.jpg\"><\/a><p id=\"caption-attachment-7112\" class=\"wp-caption-text\">Une entr\u00e9e haute en couleur et en saveur !<\/p><\/div><\/li>\n<\/ul>\n<\/li>\n<\/ul>\n<ul>\n<li>\n<h3><span class=\"ez-toc-section\" id=\"Accommodations\"><\/span>Accommodations<span class=\"ez-toc-section-end\"><\/span><\/h3>\n<ul>\n<li style=\"text-align: justify;\"><a class=\"lien-post\" href=\"http:\/\/www.ecogite-camparols.com\/\">Eco-g\u00eetes les Camparols<\/a>,&nbsp;Hameau du Poujol &#8211; Route de Fouilho, Pr\u00e9mian.<br>\n<span style=\"font-weight: 400;\">Located right in the heart of the natural regional park Haut-Languedoc, these are sustainable and accessible. The owner Pierre-Franck &amp; Ma\u00eflys Luye renovated this old barn with a complete sustainable mindset: natural mortar, solar panels, composting toilet\u2026 And the icing on the cake : the \u201csecadou\u201d cottage is wheelchair-friendly. It is labelled <em>Tourism &amp; Handicap<\/em> for motor, mental et hearing disabilities. Therefore it is easy to roll around, doors are easy to manipulate, there is an italian shower and a shower seat can be ask if needed.<\/span><br>\n<a href=\"https:\/\/www.iwheeltravel.com\/wp-content\/uploads\/2019\/05\/DSCF3937.jpg\"><noscript><img decoding=\"async\" class=\"aligncenter wp-image-7072\" src=\"https:\/\/i0.wp.com\/www.iwheeltravel.com\/wp-content\/uploads\/2019\/05\/DSCF3937.jpg?resize=812%2C541&#038;ssl=1\" alt=\"gite les camparols handicap\" width=\"812\" height=\"541\" srcset=\"https:\/\/i0.wp.com\/www.iwheeltravel.com\/wp-content\/uploads\/2019\/05\/DSCF3937.jpg?resize=300%2C200&amp;ssl=1 300w, https:\/\/i0.wp.com\/www.iwheeltravel.com\/wp-content\/uploads\/2019\/05\/DSCF3937.jpg?resize=768%2C512&amp;ssl=1 768w, https:\/\/i0.wp.com\/www.iwheeltravel.com\/wp-content\/uploads\/2019\/05\/DSCF3937.jpg?resize=1024%2C683&amp;ssl=1 1024w, https:\/\/i0.wp.com\/www.iwheeltravel.com\/wp-content\/uploads\/2019\/05\/DSCF3937.jpg?w=1713&amp;ssl=1 1713w\" sizes=\"(max-width: 812px) 100vw, 812px\" data-recalc-dims=\"1\"><\/noscript><img decoding=\"async\" class=\"aligncenter wp-image-7072 lazyload\" src=\"data:image\/svg+xml,%3Csvg%20xmlns%3D%22http%3A%2F%2Fwww.w3.org%2F2000%2Fsvg%22%20viewBox%3D%220%200%20812%20541%22%3E%3C%2Fsvg%3E\" alt=\"gite les camparols handicap\" width=\"812\" height=\"541\" srcset=\"data:image\/svg+xml,%3Csvg%20xmlns%3D%22http%3A%2F%2Fwww.w3.org%2F2000%2Fsvg%22%20viewBox%3D%220%200%20812%20541%22%3E%3C%2Fsvg%3E 812w\" sizes=\"(max-width: 812px) 100vw, 812px\" data-srcset=\"https:\/\/i0.wp.com\/www.iwheeltravel.com\/wp-content\/uploads\/2019\/05\/DSCF3937.jpg?resize=300%2C200&amp;ssl=1 300w, https:\/\/i0.wp.com\/www.iwheeltravel.com\/wp-content\/uploads\/2019\/05\/DSCF3937.jpg?resize=768%2C512&amp;ssl=1 768w, https:\/\/i0.wp.com\/www.iwheeltravel.com\/wp-content\/uploads\/2019\/05\/DSCF3937.jpg?resize=1024%2C683&amp;ssl=1 1024w, https:\/\/i0.wp.com\/www.iwheeltravel.com\/wp-content\/uploads\/2019\/05\/DSCF3937.jpg?w=1713&amp;ssl=1 1713w\" data-src=\"https:\/\/www.iwheeltravel.com\/wp-content\/uploads\/2019\/05\/DSCF3937-300x200.jpg\"><\/a><\/li>\n<li style=\"text-align: justify;\"><a class=\"lien-post\" href=\"http:\/\/www.campinglacaune.fr\/\">Le camping des sources chaudes<\/a>,&nbsp;Domaine de Saint-Michel, Lacaune.<br>\n<span style=\"font-weight: 400;\">This camping have cottages labelled <em>Tourism &amp; Handicap<\/em> for all disabilities: The Ockland cottage (6 people, 3 rooms) and some of the Charlay Confort cottages (4 people, 2 rooms). The camping is pleasant and family friendly. There are goat, pigs and chicken pens.<\/span><br>\n<a href=\"https:\/\/www.iwheeltravel.com\/wp-content\/uploads\/2019\/05\/20190417_150901.jpg\"><noscript><img decoding=\"async\" class=\"aligncenter wp-image-7065\" src=\"https:\/\/i0.wp.com\/www.iwheeltravel.com\/wp-content\/uploads\/2019\/05\/20190417_150901.jpg?resize=835%2C470&#038;ssl=1\" alt=\"camping sources chaudes lacanau fauteuil roulant\" width=\"835\" height=\"470\" srcset=\"https:\/\/i0.wp.com\/www.iwheeltravel.com\/wp-content\/uploads\/2019\/05\/20190417_150901.jpg?resize=300%2C169&amp;ssl=1 300w, https:\/\/i0.wp.com\/www.iwheeltravel.com\/wp-content\/uploads\/2019\/05\/20190417_150901.jpg?resize=768%2C432&amp;ssl=1 768w, https:\/\/i0.wp.com\/www.iwheeltravel.com\/wp-content\/uploads\/2019\/05\/20190417_150901.jpg?resize=1024%2C576&amp;ssl=1 1024w, https:\/\/i0.wp.com\/www.iwheeltravel.com\/wp-content\/uploads\/2019\/05\/20190417_150901.jpg?w=1456&amp;ssl=1 1456w\" sizes=\"(max-width: 835px) 100vw, 835px\" data-recalc-dims=\"1\"><\/noscript><img decoding=\"async\" class=\"aligncenter wp-image-7065 lazyload\" src=\"data:image\/svg+xml,%3Csvg%20xmlns%3D%22http%3A%2F%2Fwww.w3.org%2F2000%2Fsvg%22%20viewBox%3D%220%200%20835%20470%22%3E%3C%2Fsvg%3E\" alt=\"camping sources chaudes lacanau fauteuil roulant\" width=\"835\" height=\"470\" srcset=\"data:image\/svg+xml,%3Csvg%20xmlns%3D%22http%3A%2F%2Fwww.w3.org%2F2000%2Fsvg%22%20viewBox%3D%220%200%20835%20470%22%3E%3C%2Fsvg%3E 835w\" sizes=\"(max-width: 835px) 100vw, 835px\" data-srcset=\"https:\/\/i0.wp.com\/www.iwheeltravel.com\/wp-content\/uploads\/2019\/05\/20190417_150901.jpg?resize=300%2C169&amp;ssl=1 300w, https:\/\/i0.wp.com\/www.iwheeltravel.com\/wp-content\/uploads\/2019\/05\/20190417_150901.jpg?resize=768%2C432&amp;ssl=1 768w, https:\/\/i0.wp.com\/www.iwheeltravel.com\/wp-content\/uploads\/2019\/05\/20190417_150901.jpg?resize=1024%2C576&amp;ssl=1 1024w, https:\/\/i0.wp.com\/www.iwheeltravel.com\/wp-content\/uploads\/2019\/05\/20190417_150901.jpg?w=1456&amp;ssl=1 1456w\" data-src=\"https:\/\/www.iwheeltravel.com\/wp-content\/uploads\/2019\/05\/20190417_150901-300x169.jpg\"><\/a><br>\nSi vous s\u00e9journez au camping vous pouvez \u00e9galement profiter gratuitement de la piscine &#8220;Espace des sources chaudes&#8221;, situ\u00e9e \u00e0 l&#8217;ext\u00e9rieur du camping, qui est labellis\u00e9e <em>Tourisme et Handicap<\/em> pour les quatre familles de handicap.<br>\n<span style=\"font-weight: 400;\">If you stay at the camping, you\u2019ll also have free access to the \u201cEspace des sources chaudes\u201d pool, located right outside the camping. This pool is labelled <em>Tourism &amp; Handicap<\/em> for all disabilities. <\/span><span style=\"font-weight: 400;\">A bit further up the hill, there is the \u201cCentre de bien-\u00eatre des sources chaudes\u201d spa if you would like to give yourself a treat: hammam, massage, jacuzzi\u2026 The entrance fee is not included with the camping booking. To enjoy at the fullest the baths, jacuzzi and hammam, you\u2019ll need to be able to transfer since they are not accessible. However, it is possible to roll around the whole facility, the front desk is at wheelchair height, plus there are accessible showers and a disabled parking place.<\/span>\n<div id=\"attachment_7066\" style=\"width: 866px\" class=\"wp-caption aligncenter\"><a href=\"https:\/\/www.iwheeltravel.com\/wp-content\/uploads\/2019\/05\/20190417_160801.jpg\"><noscript><img decoding=\"async\" aria-describedby=\"caption-attachment-7066\" class=\" wp-image-7066\" src=\"https:\/\/i0.wp.com\/www.iwheeltravel.com\/wp-content\/uploads\/2019\/05\/20190417_160801.jpg?resize=856%2C482&#038;ssl=1\" alt=\"Centre de bien-\u00eatre les sources chaudes fauteuil roulant\" width=\"856\" height=\"482\" srcset=\"https:\/\/i0.wp.com\/www.iwheeltravel.com\/wp-content\/uploads\/2019\/05\/20190417_160801.jpg?resize=300%2C169&amp;ssl=1 300w, https:\/\/i0.wp.com\/www.iwheeltravel.com\/wp-content\/uploads\/2019\/05\/20190417_160801.jpg?resize=768%2C432&amp;ssl=1 768w, https:\/\/i0.wp.com\/www.iwheeltravel.com\/wp-content\/uploads\/2019\/05\/20190417_160801.jpg?resize=1024%2C576&amp;ssl=1 1024w, https:\/\/i0.wp.com\/www.iwheeltravel.com\/wp-content\/uploads\/2019\/05\/20190417_160801.jpg?w=1456&amp;ssl=1 1456w\" sizes=\"(max-width: 856px) 100vw, 856px\" data-recalc-dims=\"1\"><\/noscript><img decoding=\"async\" aria-describedby=\"caption-attachment-7066\" class=\" wp-image-7066 lazyload\" src=\"data:image\/svg+xml,%3Csvg%20xmlns%3D%22http%3A%2F%2Fwww.w3.org%2F2000%2Fsvg%22%20viewBox%3D%220%200%20856%20482%22%3E%3C%2Fsvg%3E\" alt=\"Centre de bien-\u00eatre les sources chaudes fauteuil roulant\" width=\"856\" height=\"482\" srcset=\"data:image\/svg+xml,%3Csvg%20xmlns%3D%22http%3A%2F%2Fwww.w3.org%2F2000%2Fsvg%22%20viewBox%3D%220%200%20856%20482%22%3E%3C%2Fsvg%3E 856w\" sizes=\"(max-width: 856px) 100vw, 856px\" data-srcset=\"https:\/\/i0.wp.com\/www.iwheeltravel.com\/wp-content\/uploads\/2019\/05\/20190417_160801.jpg?resize=300%2C169&amp;ssl=1 300w, https:\/\/i0.wp.com\/www.iwheeltravel.com\/wp-content\/uploads\/2019\/05\/20190417_160801.jpg?resize=768%2C432&amp;ssl=1 768w, https:\/\/i0.wp.com\/www.iwheeltravel.com\/wp-content\/uploads\/2019\/05\/20190417_160801.jpg?resize=1024%2C576&amp;ssl=1 1024w, https:\/\/i0.wp.com\/www.iwheeltravel.com\/wp-content\/uploads\/2019\/05\/20190417_160801.jpg?w=1456&amp;ssl=1 1456w\" data-src=\"https:\/\/www.iwheeltravel.com\/wp-content\/uploads\/2019\/05\/20190417_160801-300x169.jpg\"><\/a><p id=\"caption-attachment-7066\" class=\"wp-caption-text\">Centre de bien-\u00eatre les sources chaudes<\/p><\/div><\/li>\n<li>\n<div style=\"text-align: justify;\"><a class=\"lien-post\" href=\"https:\/\/lesarac.fr\/\">Le Sarac<\/a>,&nbsp;11 rue Eug\u00e8ne Selmy, Clermont l&#8217;H\u00e9rault.<br>\n<span style=\"font-weight: 400;\">This hotel has two accessible rooms. The one we were staying in gives directly on the terrace. It has a nice view and better light, but in the high season you better be an early person because breakfast is serve on that terrace. The room is simple, tidy and clean. There is an Italian shower in which a shower seat can be brought out if needed. There is a toilet handrail. One thing to look out for: the night access door is less than 90 cm wide but my wheelchair went through.<\/span><\/div>\n<\/li>\n<li><a class=\"lien-post\" href=\"http:\/\/www.balaruc-les-bains.com\/hotel-operalia-les-pins.html\">Op\u00e9ralia<\/a>,&nbsp;24 Avenue Pasteur, Balaruc-les-Bains.<br>\n<span style=\"font-weight: 400;\">This hotel is perfectly accessible and very pleasant. The room is very spacious, so is the bathroom (you need to ask the reception if you need a shower seat). There is even a small private deck .<\/span><br>\n<a href=\"https:\/\/www.iwheeltravel.com\/wp-content\/uploads\/2019\/05\/20190419_222132.jpg\"><noscript><img decoding=\"async\" class=\"aligncenter wp-image-7067\" src=\"https:\/\/i0.wp.com\/www.iwheeltravel.com\/wp-content\/uploads\/2019\/05\/20190419_222132.jpg?resize=887%2C500&#038;ssl=1\" alt width=\"887\" height=\"500\" srcset=\"https:\/\/i0.wp.com\/www.iwheeltravel.com\/wp-content\/uploads\/2019\/05\/20190419_222132.jpg?resize=300%2C169&amp;ssl=1 300w, https:\/\/i0.wp.com\/www.iwheeltravel.com\/wp-content\/uploads\/2019\/05\/20190419_222132.jpg?resize=768%2C432&amp;ssl=1 768w, https:\/\/i0.wp.com\/www.iwheeltravel.com\/wp-content\/uploads\/2019\/05\/20190419_222132.jpg?resize=1024%2C576&amp;ssl=1 1024w, https:\/\/i0.wp.com\/www.iwheeltravel.com\/wp-content\/uploads\/2019\/05\/20190419_222132.jpg?w=1456&amp;ssl=1 1456w\" sizes=\"(max-width: 887px) 100vw, 887px\" data-recalc-dims=\"1\"><\/noscript><img decoding=\"async\" class=\"aligncenter wp-image-7067 lazyload\" src=\"data:image\/svg+xml,%3Csvg%20xmlns%3D%22http%3A%2F%2Fwww.w3.org%2F2000%2Fsvg%22%20viewBox%3D%220%200%20887%20500%22%3E%3C%2Fsvg%3E\" alt width=\"887\" height=\"500\" srcset=\"data:image\/svg+xml,%3Csvg%20xmlns%3D%22http%3A%2F%2Fwww.w3.org%2F2000%2Fsvg%22%20viewBox%3D%220%200%20887%20500%22%3E%3C%2Fsvg%3E 887w\" sizes=\"(max-width: 887px) 100vw, 887px\" data-srcset=\"https:\/\/i0.wp.com\/www.iwheeltravel.com\/wp-content\/uploads\/2019\/05\/20190419_222132.jpg?resize=300%2C169&amp;ssl=1 300w, https:\/\/i0.wp.com\/www.iwheeltravel.com\/wp-content\/uploads\/2019\/05\/20190419_222132.jpg?resize=768%2C432&amp;ssl=1 768w, https:\/\/i0.wp.com\/www.iwheeltravel.com\/wp-content\/uploads\/2019\/05\/20190419_222132.jpg?resize=1024%2C576&amp;ssl=1 1024w, https:\/\/i0.wp.com\/www.iwheeltravel.com\/wp-content\/uploads\/2019\/05\/20190419_222132.jpg?w=1456&amp;ssl=1 1456w\" data-src=\"https:\/\/www.iwheeltravel.com\/wp-content\/uploads\/2019\/05\/20190419_222132-300x169.jpg\"><\/a><\/li>\n<\/ul>\n<\/li>\n<\/ul>\n<p style=\"text-align: justify;\"><\/p><div>\n        <p>\n        <em>Did you like this post? Feel free to check out my Patreon page to see how you can support the creation of new ones and be a part of iwheeltravel!<\/em>\n        <\/p>\n    <\/div>\n    <div style=\"text-align: center; margin-bottom: 20px;\">\n        <a href=\"https:\/\/www.patreon.com\/bePatron?u=10292823\" data-patreon-widget-type=\"become-patron-button\">\n            Become a Patron!\n        <\/a>\n        <script async src=\"https:\/\/c6.patreon.com\/becomePatronButton.bundle.js\"><\/script>\n    <\/div>\n    <div>\n        <p><em>\n           And of course, you can share, like and subscribe, to be aware of the lastest posts.<\/em>\n        <\/p>\n    <\/div><div class=\"textaligncenter\"><div class=\"share_post\">\t<a href=\"https:\/\/www.facebook.com\/sharer\/sharer.php?u=https:\/\/www.iwheeltravel.com\/en\/wheelchair-vacation-france-herault-tarn\/\" target=\"_blank\"><i class=\"fa fa-facebook\"><\/i><\/a>\t<a title=\"Wheelchair vacation in France : The H\u00e9rault and Tarn territories\" target=\"_blank\" href=\"https:\/\/twitter.com\/share?url=https:\/\/www.iwheeltravel.com\/en\/wheelchair-vacation-france-herault-tarn\/&amp;text=Wheelchair vacation in France : The H\u00e9rault and Tarn territories\"><i class=\"fa fa-twitter\"><\/i><\/a>\t<a target=\"_blank\" href=\"https:\/\/plus.google.com\/share?url= https:\/\/www.iwheeltravel.com\/en\/wheelchair-vacation-france-herault-tarn\/\">\t<\/a><a data-pin-do=\"skipLink\" data-pin-custom=\"true\" target=\"_blank\" href=\"https:\/\/pinterest.com\/pin\/create\/button\/?url=https:\/\/www.iwheeltravel.com\/en\/wheelchair-vacation-france-herault-tarn\/&amp;media=https:\/\/www.iwheeltravel.com\/wp-content\/uploads\/2019\/05\/DSCF4078-1.jpg&amp;description=Wheelchair vacation in France : The H\u00e9rault and Tarn territories\">\t<i class=\"fa fa-pinterest\"><\/i><\/a>\t<a href=\"mailto:?subject=I wanted to share this post with you from I wheel travel &amp;body=Wheelchair vacation in France : The H\u00e9rault and Tarn territories &#32;&#32; https:\/\/www.iwheeltravel.com\/en\/wheelchair-vacation-france-herault-tarn\/\" title=\"Email to a friend\/colleague\"><i class=\"fa fa-envelope\"><\/i><\/a>\t<a target=\"_blank\" href=\"https:\/\/www.linkedin.com\/shareArticle?mini=true&amp;url=https:\/\/www.iwheeltravel.com\/en\/wheelchair-vacation-france-herault-tarn\/&amp;title=Wheelchair vacation in France : The H\u00e9rault and Tarn territories&amp;summary=&amp;source=I wheel travel\"><i class=\"fa fa-linkedin\"><\/i><\/a><\/div><\/div>\n<p><em>This post has been sponsored by the Haut-Languedoc Natural Parc, The <a class=\"lien-post\" href=\"http:\/\/www.destination-languedoc.co.uk\/index-1-2.html\">H\u00e9rault<\/a> and <a class=\"lien-post broken_link\" href=\"https:\/\/www.tourisme-tarn.com\/uk\/\">Tarn tourism<\/a> offices. However, opinions expressed here are my own.<\/em><\/p>\n<p>&nbsp;<\/p>\n\n<p><em>&nbsp;<\/em><\/p>\n<p>&nbsp;<\/p>\n","protected":false},"excerpt":{"rendered":"<p>For many travellers, the south of France it\u2019s just sun and sea. But it is much more than this. While visiting the H\u00e9rault and Tarn region, I discovered a rich cultural history and many outdoor activities for disabled and wheelchair bound visitors. And let\u2019s not forget the delicious local cuisine going from simple flavours to [&hellip;]<\/p>\n","protected":false},"author":3,"featured_media":7161,"comment_status":"open","ping_status":"open","sticky":false,"template":"","format":"standard","meta":{"_acf_changed":false,"jetpack_post_was_ever_published":false,"_jetpack_newsletter_access":"","_jetpack_dont_email_post_to_subs":false,"_jetpack_newsletter_tier_id":0,"_jetpack_memberships_contains_paywalled_content":false,"_jetpack_memberships_contains_paid_content":false,"footnotes":""},"categories":[103,362],"tags":[357,125,447,121],"acf":[],"geo":null,"yoast_head":"<!-- This site is optimized with the Yoast SEO plugin v23.1 - https:\/\/yoast.com\/wordpress\/plugins\/seo\/ -->\n<title>Wheelchair vacation in France : The H\u00e9rault and Tarn territories - I wheel travel<\/title>\n<meta name=\"robots\" content=\"index, follow, max-snippet:-1, max-image-preview:large, max-video-preview:-1\" \/>\n<link rel=\"canonical\" href=\"https:\/\/www.iwheeltravel.com\/en\/wheelchair-vacation-france-herault-tarn\/\" \/>\n<meta property=\"og:locale\" content=\"en_GB\" \/>\n<meta property=\"og:type\" content=\"article\" \/>\n<meta property=\"og:title\" content=\"Wheelchair vacation in France : The H\u00e9rault and Tarn territories - I wheel travel\" \/>\n<meta property=\"og:description\" content=\"For many travellers, the south of France it\u2019s just sun and sea. But it is much more than this. While visiting the H\u00e9rault and Tarn region, I discovered a rich cultural history and many outdoor activities for disabled and wheelchair bound visitors. And let\u2019s not forget the delicious local cuisine going from simple flavours to [&hellip;]\" \/>\n<meta property=\"og:url\" content=\"https:\/\/www.iwheeltravel.com\/en\/wheelchair-vacation-france-herault-tarn\/\" \/>\n<meta property=\"og:site_name\" content=\"I wheel travel\" \/>\n<meta property=\"article:publisher\" content=\"https:\/\/www.facebook.com\/iwheeltravel\/\" \/>\n<meta property=\"article:published_time\" content=\"2019-05-22T17:20:23+00:00\" \/>\n<meta property=\"article:modified_time\" content=\"2020-06-10T07:55:08+00:00\" \/>\n<meta property=\"og:image\" content=\"https:\/\/i0.wp.com\/www.iwheeltravel.com\/wp-content\/uploads\/2019\/05\/DSCF4078-1.jpg?fit=1681%2C1121&ssl=1\" \/>\n\t<meta property=\"og:image:width\" content=\"1681\" \/>\n\t<meta property=\"og:image:height\" content=\"1121\" \/>\n\t<meta property=\"og:image:type\" content=\"image\/jpeg\" \/>\n<meta name=\"author\" content=\"Aur\u00e9lie\" \/>\n<meta name=\"twitter:card\" content=\"summary_large_image\" \/>\n<meta name=\"twitter:creator\" content=\"@I_wheel_travel\" \/>\n<meta name=\"twitter:site\" content=\"@I_wheel_travel\" \/>\n<meta name=\"twitter:label1\" content=\"Written by\" \/>\n\t<meta name=\"twitter:data1\" content=\"Aur\u00e9lie\" \/>\n\t<meta name=\"twitter:label2\" content=\"Est. reading time\" \/>\n\t<meta name=\"twitter:data2\" content=\"17 minutes\" \/>\n<script type=\"application\/ld+json\" class=\"yoast-schema-graph\">{\"@context\":\"https:\/\/schema.org\",\"@graph\":[{\"@type\":\"Article\",\"@id\":\"https:\/\/www.iwheeltravel.com\/en\/wheelchair-vacation-france-herault-tarn\/#article\",\"isPartOf\":{\"@id\":\"https:\/\/www.iwheeltravel.com\/en\/wheelchair-vacation-france-herault-tarn\/\"},\"author\":{\"name\":\"Aur\u00e9lie\",\"@id\":\"https:\/\/www.iwheeltravel.com\/en\/#\/schema\/person\/2a75930dbbeec9bc1055b98d10b284d5\"},\"headline\":\"Wheelchair vacation in France : The H\u00e9rault and Tarn territories\",\"datePublished\":\"2019-05-22T17:20:23+00:00\",\"dateModified\":\"2020-06-10T07:55:08+00:00\",\"mainEntityOfPage\":{\"@id\":\"https:\/\/www.iwheeltravel.com\/en\/wheelchair-vacation-france-herault-tarn\/\"},\"wordCount\":3331,\"commentCount\":1,\"publisher\":{\"@id\":\"https:\/\/www.iwheeltravel.com\/en\/#organization\"},\"image\":{\"@id\":\"https:\/\/www.iwheeltravel.com\/en\/wheelchair-vacation-france-herault-tarn\/#primaryimage\"},\"thumbnailUrl\":\"https:\/\/i0.wp.com\/www.iwheeltravel.com\/wp-content\/uploads\/2019\/05\/DSCF4078-1.jpg?fit=1681%2C1121&ssl=1\",\"keywords\":[\"france\",\"Handicap\",\"vacation\",\"Wheelchair\"],\"articleSection\":[\"Accessibility\",\"France\"],\"inLanguage\":\"en-GB\",\"potentialAction\":[{\"@type\":\"CommentAction\",\"name\":\"Comment\",\"target\":[\"https:\/\/www.iwheeltravel.com\/en\/wheelchair-vacation-france-herault-tarn\/#respond\"]}]},{\"@type\":\"WebPage\",\"@id\":\"https:\/\/www.iwheeltravel.com\/en\/wheelchair-vacation-france-herault-tarn\/\",\"url\":\"https:\/\/www.iwheeltravel.com\/en\/wheelchair-vacation-france-herault-tarn\/\",\"name\":\"Wheelchair vacation in France : The H\u00e9rault and Tarn territories - I wheel travel\",\"isPartOf\":{\"@id\":\"https:\/\/www.iwheeltravel.com\/en\/#website\"},\"primaryImageOfPage\":{\"@id\":\"https:\/\/www.iwheeltravel.com\/en\/wheelchair-vacation-france-herault-tarn\/#primaryimage\"},\"image\":{\"@id\":\"https:\/\/www.iwheeltravel.com\/en\/wheelchair-vacation-france-herault-tarn\/#primaryimage\"},\"thumbnailUrl\":\"https:\/\/i0.wp.com\/www.iwheeltravel.com\/wp-content\/uploads\/2019\/05\/DSCF4078-1.jpg?fit=1681%2C1121&ssl=1\",\"datePublished\":\"2019-05-22T17:20:23+00:00\",\"dateModified\":\"2020-06-10T07:55:08+00:00\",\"breadcrumb\":{\"@id\":\"https:\/\/www.iwheeltravel.com\/en\/wheelchair-vacation-france-herault-tarn\/#breadcrumb\"},\"inLanguage\":\"en-GB\",\"potentialAction\":[{\"@type\":\"ReadAction\",\"target\":[\"https:\/\/www.iwheeltravel.com\/en\/wheelchair-vacation-france-herault-tarn\/\"]}]},{\"@type\":\"ImageObject\",\"inLanguage\":\"en-GB\",\"@id\":\"https:\/\/www.iwheeltravel.com\/en\/wheelchair-vacation-france-herault-tarn\/#primaryimage\",\"url\":\"https:\/\/i0.wp.com\/www.iwheeltravel.com\/wp-content\/uploads\/2019\/05\/DSCF4078-1.jpg?fit=1681%2C1121&ssl=1\",\"contentUrl\":\"https:\/\/i0.wp.com\/www.iwheeltravel.com\/wp-content\/uploads\/2019\/05\/DSCF4078-1.jpg?fit=1681%2C1121&ssl=1\",\"width\":1681,\"height\":1121,\"caption\":\"Vacances handicap fauteuil roulant h\u00e9rault tarn\"},{\"@type\":\"BreadcrumbList\",\"@id\":\"https:\/\/www.iwheeltravel.com\/en\/wheelchair-vacation-france-herault-tarn\/#breadcrumb\",\"itemListElement\":[{\"@type\":\"ListItem\",\"position\":1,\"name\":\"Accueil\",\"item\":\"https:\/\/www.iwheeltravel.com\/en\/\"},{\"@type\":\"ListItem\",\"position\":2,\"name\":\"Destinations\",\"item\":\"https:\/\/www.iwheeltravel.com\/en\/category\/destinations-en\/\"},{\"@type\":\"ListItem\",\"position\":3,\"name\":\"Europe\",\"item\":\"https:\/\/www.iwheeltravel.com\/en\/category\/destinations-en\/europe-en\/\"},{\"@type\":\"ListItem\",\"position\":4,\"name\":\"France\",\"item\":\"https:\/\/www.iwheeltravel.com\/en\/category\/destinations-en\/europe-en\/france-en\/\"},{\"@type\":\"ListItem\",\"position\":5,\"name\":\"Wheelchair vacation in France : The H\u00e9rault and Tarn territories\"}]},{\"@type\":\"WebSite\",\"@id\":\"https:\/\/www.iwheeltravel.com\/en\/#website\",\"url\":\"https:\/\/www.iwheeltravel.com\/en\/\",\"name\":\"I wheel travel\",\"description\":\"Le blog voyage, tourisme et handicap\",\"publisher\":{\"@id\":\"https:\/\/www.iwheeltravel.com\/en\/#organization\"},\"potentialAction\":[{\"@type\":\"SearchAction\",\"target\":{\"@type\":\"EntryPoint\",\"urlTemplate\":\"https:\/\/www.iwheeltravel.com\/en\/?s={search_term_string}\"},\"query-input\":\"required name=search_term_string\"}],\"inLanguage\":\"en-GB\"},{\"@type\":\"Organization\",\"@id\":\"https:\/\/www.iwheeltravel.com\/en\/#organization\",\"name\":\"I wheel travel\",\"url\":\"https:\/\/www.iwheeltravel.com\/en\/\",\"logo\":{\"@type\":\"ImageObject\",\"inLanguage\":\"en-GB\",\"@id\":\"https:\/\/www.iwheeltravel.com\/en\/#\/schema\/logo\/image\/\",\"url\":\"https:\/\/i0.wp.com\/www.iwheeltravel.com\/wp-content\/uploads\/2019\/06\/logo_iwheeltravel.png?fit=1110%2C685&ssl=1\",\"contentUrl\":\"https:\/\/i0.wp.com\/www.iwheeltravel.com\/wp-content\/uploads\/2019\/06\/logo_iwheeltravel.png?fit=1110%2C685&ssl=1\",\"width\":1110,\"height\":685,\"caption\":\"I wheel travel\"},\"image\":{\"@id\":\"https:\/\/www.iwheeltravel.com\/en\/#\/schema\/logo\/image\/\"},\"sameAs\":[\"https:\/\/www.facebook.com\/iwheeltravel\/\",\"https:\/\/x.com\/I_wheel_travel\",\"https:\/\/www.instagram.com\/iwheeltravel\/\",\"https:\/\/www.youtube.com\/channel\/UCxccp0ZR1k69rOp9bPZfJLw\"]},{\"@type\":\"Person\",\"@id\":\"https:\/\/www.iwheeltravel.com\/en\/#\/schema\/person\/2a75930dbbeec9bc1055b98d10b284d5\",\"name\":\"Aur\u00e9lie\",\"image\":{\"@type\":\"ImageObject\",\"inLanguage\":\"en-GB\",\"@id\":\"https:\/\/www.iwheeltravel.com\/en\/#\/schema\/person\/image\/\",\"url\":\"https:\/\/secure.gravatar.com\/avatar\/3d602861e1b3a3848d8c0335f302c233?s=96&d=mm&r=g\",\"contentUrl\":\"https:\/\/secure.gravatar.com\/avatar\/3d602861e1b3a3848d8c0335f302c233?s=96&d=mm&r=g\",\"caption\":\"Aur\u00e9lie\"}}]}<\/script>\n<!-- \/ Yoast SEO plugin. -->","yoast_head_json":{"title":"Wheelchair vacation in France : The H\u00e9rault and Tarn territories - I wheel travel","robots":{"index":"index","follow":"follow","max-snippet":"max-snippet:-1","max-image-preview":"max-image-preview:large","max-video-preview":"max-video-preview:-1"},"canonical":"https:\/\/www.iwheeltravel.com\/en\/wheelchair-vacation-france-herault-tarn\/","og_locale":"en_GB","og_type":"article","og_title":"Wheelchair vacation in France : The H\u00e9rault and Tarn territories - I wheel travel","og_description":"For many travellers, the south of France it\u2019s just sun and sea. But it is much more than this. While visiting the H\u00e9rault and Tarn region, I discovered a rich cultural history and many outdoor activities for disabled and wheelchair bound visitors. And let\u2019s not forget the delicious local cuisine going from simple flavours to [&hellip;]","og_url":"https:\/\/www.iwheeltravel.com\/en\/wheelchair-vacation-france-herault-tarn\/","og_site_name":"I wheel travel","article_publisher":"https:\/\/www.facebook.com\/iwheeltravel\/","article_published_time":"2019-05-22T17:20:23+00:00","article_modified_time":"2020-06-10T07:55:08+00:00","og_image":[{"width":1681,"height":1121,"url":"https:\/\/i0.wp.com\/www.iwheeltravel.com\/wp-content\/uploads\/2019\/05\/DSCF4078-1.jpg?fit=1681%2C1121&ssl=1","type":"image\/jpeg"}],"author":"Aur\u00e9lie","twitter_card":"summary_large_image","twitter_creator":"@I_wheel_travel","twitter_site":"@I_wheel_travel","twitter_misc":{"Written by":"Aur\u00e9lie","Est. reading time":"17 minutes"},"schema":{"@context":"https:\/\/schema.org","@graph":[{"@type":"Article","@id":"https:\/\/www.iwheeltravel.com\/en\/wheelchair-vacation-france-herault-tarn\/#article","isPartOf":{"@id":"https:\/\/www.iwheeltravel.com\/en\/wheelchair-vacation-france-herault-tarn\/"},"author":{"name":"Aur\u00e9lie","@id":"https:\/\/www.iwheeltravel.com\/en\/#\/schema\/person\/2a75930dbbeec9bc1055b98d10b284d5"},"headline":"Wheelchair vacation in France : The H\u00e9rault and Tarn territories","datePublished":"2019-05-22T17:20:23+00:00","dateModified":"2020-06-10T07:55:08+00:00","mainEntityOfPage":{"@id":"https:\/\/www.iwheeltravel.com\/en\/wheelchair-vacation-france-herault-tarn\/"},"wordCount":3331,"commentCount":1,"publisher":{"@id":"https:\/\/www.iwheeltravel.com\/en\/#organization"},"image":{"@id":"https:\/\/www.iwheeltravel.com\/en\/wheelchair-vacation-france-herault-tarn\/#primaryimage"},"thumbnailUrl":"https:\/\/i0.wp.com\/www.iwheeltravel.com\/wp-content\/uploads\/2019\/05\/DSCF4078-1.jpg?fit=1681%2C1121&ssl=1","keywords":["france","Handicap","vacation","Wheelchair"],"articleSection":["Accessibility","France"],"inLanguage":"en-GB","potentialAction":[{"@type":"CommentAction","name":"Comment","target":["https:\/\/www.iwheeltravel.com\/en\/wheelchair-vacation-france-herault-tarn\/#respond"]}]},{"@type":"WebPage","@id":"https:\/\/www.iwheeltravel.com\/en\/wheelchair-vacation-france-herault-tarn\/","url":"https:\/\/www.iwheeltravel.com\/en\/wheelchair-vacation-france-herault-tarn\/","name":"Wheelchair vacation in France : The H\u00e9rault and Tarn territories - I wheel travel","isPartOf":{"@id":"https:\/\/www.iwheeltravel.com\/en\/#website"},"primaryImageOfPage":{"@id":"https:\/\/www.iwheeltravel.com\/en\/wheelchair-vacation-france-herault-tarn\/#primaryimage"},"image":{"@id":"https:\/\/www.iwheeltravel.com\/en\/wheelchair-vacation-france-herault-tarn\/#primaryimage"},"thumbnailUrl":"https:\/\/i0.wp.com\/www.iwheeltravel.com\/wp-content\/uploads\/2019\/05\/DSCF4078-1.jpg?fit=1681%2C1121&ssl=1","datePublished":"2019-05-22T17:20:23+00:00","dateModified":"2020-06-10T07:55:08+00:00","breadcrumb":{"@id":"https:\/\/www.iwheeltravel.com\/en\/wheelchair-vacation-france-herault-tarn\/#breadcrumb"},"inLanguage":"en-GB","potentialAction":[{"@type":"ReadAction","target":["https:\/\/www.iwheeltravel.com\/en\/wheelchair-vacation-france-herault-tarn\/"]}]},{"@type":"ImageObject","inLanguage":"en-GB","@id":"https:\/\/www.iwheeltravel.com\/en\/wheelchair-vacation-france-herault-tarn\/#primaryimage","url":"https:\/\/i0.wp.com\/www.iwheeltravel.com\/wp-content\/uploads\/2019\/05\/DSCF4078-1.jpg?fit=1681%2C1121&ssl=1","contentUrl":"https:\/\/i0.wp.com\/www.iwheeltravel.com\/wp-content\/uploads\/2019\/05\/DSCF4078-1.jpg?fit=1681%2C1121&ssl=1","width":1681,"height":1121,"caption":"Vacances handicap fauteuil roulant h\u00e9rault tarn"},{"@type":"BreadcrumbList","@id":"https:\/\/www.iwheeltravel.com\/en\/wheelchair-vacation-france-herault-tarn\/#breadcrumb","itemListElement":[{"@type":"ListItem","position":1,"name":"Accueil","item":"https:\/\/www.iwheeltravel.com\/en\/"},{"@type":"ListItem","position":2,"name":"Destinations","item":"https:\/\/www.iwheeltravel.com\/en\/category\/destinations-en\/"},{"@type":"ListItem","position":3,"name":"Europe","item":"https:\/\/www.iwheeltravel.com\/en\/category\/destinations-en\/europe-en\/"},{"@type":"ListItem","position":4,"name":"France","item":"https:\/\/www.iwheeltravel.com\/en\/category\/destinations-en\/europe-en\/france-en\/"},{"@type":"ListItem","position":5,"name":"Wheelchair vacation in France : The H\u00e9rault and Tarn territories"}]},{"@type":"WebSite","@id":"https:\/\/www.iwheeltravel.com\/en\/#website","url":"https:\/\/www.iwheeltravel.com\/en\/","name":"I wheel travel","description":"Le blog voyage, tourisme et handicap","publisher":{"@id":"https:\/\/www.iwheeltravel.com\/en\/#organization"},"potentialAction":[{"@type":"SearchAction","target":{"@type":"EntryPoint","urlTemplate":"https:\/\/www.iwheeltravel.com\/en\/?s={search_term_string}"},"query-input":"required name=search_term_string"}],"inLanguage":"en-GB"},{"@type":"Organization","@id":"https:\/\/www.iwheeltravel.com\/en\/#organization","name":"I wheel travel","url":"https:\/\/www.iwheeltravel.com\/en\/","logo":{"@type":"ImageObject","inLanguage":"en-GB","@id":"https:\/\/www.iwheeltravel.com\/en\/#\/schema\/logo\/image\/","url":"https:\/\/i0.wp.com\/www.iwheeltravel.com\/wp-content\/uploads\/2019\/06\/logo_iwheeltravel.png?fit=1110%2C685&ssl=1","contentUrl":"https:\/\/i0.wp.com\/www.iwheeltravel.com\/wp-content\/uploads\/2019\/06\/logo_iwheeltravel.png?fit=1110%2C685&ssl=1","width":1110,"height":685,"caption":"I wheel travel"},"image":{"@id":"https:\/\/www.iwheeltravel.com\/en\/#\/schema\/logo\/image\/"},"sameAs":["https:\/\/www.facebook.com\/iwheeltravel\/","https:\/\/x.com\/I_wheel_travel","https:\/\/www.instagram.com\/iwheeltravel\/","https:\/\/www.youtube.com\/channel\/UCxccp0ZR1k69rOp9bPZfJLw"]},{"@type":"Person","@id":"https:\/\/www.iwheeltravel.com\/en\/#\/schema\/person\/2a75930dbbeec9bc1055b98d10b284d5","name":"Aur\u00e9lie","image":{"@type":"ImageObject","inLanguage":"en-GB","@id":"https:\/\/www.iwheeltravel.com\/en\/#\/schema\/person\/image\/","url":"https:\/\/secure.gravatar.com\/avatar\/3d602861e1b3a3848d8c0335f302c233?s=96&d=mm&r=g","contentUrl":"https:\/\/secure.gravatar.com\/avatar\/3d602861e1b3a3848d8c0335f302c233?s=96&d=mm&r=g","caption":"Aur\u00e9lie"}}]}},"jetpack_sharing_enabled":true,"jetpack_featured_media_url":"https:\/\/i0.wp.com\/www.iwheeltravel.com\/wp-content\/uploads\/2019\/05\/DSCF4078-1.jpg?fit=1681%2C1121&ssl=1","jetpack_shortlink":"https:\/\/wp.me\/p7C4jf-1RB","_links":{"self":[{"href":"https:\/\/www.iwheeltravel.com\/en\/wp-json\/wp\/v2\/posts\/7167"}],"collection":[{"href":"https:\/\/www.iwheeltravel.com\/en\/wp-json\/wp\/v2\/posts"}],"about":[{"href":"https:\/\/www.iwheeltravel.com\/en\/wp-json\/wp\/v2\/types\/post"}],"author":[{"embeddable":true,"href":"https:\/\/www.iwheeltravel.com\/en\/wp-json\/wp\/v2\/users\/3"}],"replies":[{"embeddable":true,"href":"https:\/\/www.iwheeltravel.com\/en\/wp-json\/wp\/v2\/comments?post=7167"}],"version-history":[{"count":6,"href":"https:\/\/www.iwheeltravel.com\/en\/wp-json\/wp\/v2\/posts\/7167\/revisions"}],"predecessor-version":[{"id":14461,"href":"https:\/\/www.iwheeltravel.com\/en\/wp-json\/wp\/v2\/posts\/7167\/revisions\/14461"}],"wp:featuredmedia":[{"embeddable":true,"href":"https:\/\/www.iwheeltravel.com\/en\/wp-json\/wp\/v2\/media\/7161"}],"wp:attachment":[{"href":"https:\/\/www.iwheeltravel.com\/en\/wp-json\/wp\/v2\/media?parent=7167"}],"wp:term":[{"taxonomy":"category","embeddable":true,"href":"https:\/\/www.iwheeltravel.com\/en\/wp-json\/wp\/v2\/categories?post=7167"},{"taxonomy":"post_tag","embeddable":true,"href":"https:\/\/www.iwheeltravel.com\/en\/wp-json\/wp\/v2\/tags?post=7167"}],"curies":[{"name":"wp","href":"https:\/\/api.w.org\/{rel}","templated":true}]}}